{"id":9886,"date":"2020-08-09T22:32:17","date_gmt":"2020-08-10T01:32:17","guid":{"rendered":"https:\/\/www.diocesesaoluis.org.br\/home\/?p=9886"},"modified":"2020-10-02T09:13:21","modified_gmt":"2020-10-02T12:13:21","slug":"novos-padres-para-a-diocese","status":"publish","type":"post","link":"https:\/\/www.diocesesaoluis.org.br\/home\/2020\/08\/09\/novos-padres-para-a-diocese\/","title":{"rendered":"Novos padres para a Diocese"},"content":{"rendered":"\n<p>No dia 19 de setembro, nossa Diocese ter\u00e1 a alegria de ganhar quatro novos padres. Ser\u00e1 a primeira Ordena\u00e7\u00e3o presidida por Dom Lindomar Rocha, desde que tomou posse em nossa Igreja Particular. Devido a pandemia, a Ordena\u00e7\u00e3o ser\u00e1 com participa\u00e7\u00e3o reduzida. Entretanto, toda a Diocese poder\u00e1 acompanhar pelos meios de comunica\u00e7\u00e3o diocesanos. Os di\u00e1conos que a serem ordenados s\u00e3o: di\u00e1c. J\u00e2nio, di\u00e1c. Laurito, di\u00e1c. Luiz Carlos e di\u00e1c. Marcus Vin\u00edcius.<\/p>\n\n\n\n<p>O di\u00e1cono J\u00e2nio Carlos Borges Dutra tem 27 anos. Sua par\u00f3quia de origem \u00e9 a S\u00e3o Francisco de Assis, em Anicuns. Ingressou no Semin\u00e1rio no ano de 2008 e concluiu a Teologia em 2017. Foi ordenado di\u00e1cono em mar\u00e7o de 2018. Exerceu seu minist\u00e9rio diaconal em Doverl\u00e2ndia, Anicuns, Acre\u00fana e, atualmente, no Semin\u00e1rio Menor.<\/p>\n\n\n\n<p>O di\u00e1cono Laurito Nazar\u00e9 Alves Deliberto tem 35 anos. Sua par\u00f3quia de origem \u00e9 a Jesus Bom Pastor, em Indiara. Ingressou no Semin\u00e1rio no ano de 2012 e concluiu a Teologia em 2019. Foi ordenado em dezembro de 2019. Exerceu seu minist\u00e9rio diaconal no Semin\u00e1rio Maior, na C\u00faria diocesana e, atualmente, em Bom Jardim.<\/p>\n\n\n\n<p>O di\u00e1cono Luiz Carlos Ferreira Braga J\u00fanior tem 30 anos. Sua par\u00f3quia de origem \u00e9 a de Nossa Senhora da Concei\u00e7\u00e3o, em Naz\u00e1rio. Ingressou no Semin\u00e1rio em 2006, onde ficou at\u00e9 2009, quando interrompeu o processo formativo. Em 2016 retornou e concluiu a teologia em 2019. Foi ordenado em dezembro de 2019. Exerceu seu minist\u00e9rio diaconal em Acre\u00fana, no Semin\u00e1rio Maior e, atualmente, em Caiap\u00f4nia.<\/p>\n\n\n\n<p>O di\u00e1cono Marcus Vin\u00edcius Alves Santiago tem 26 anos. Sua par\u00f3quia de origem \u00e9 a de Nossa Senhora da Guia, em Firmin\u00f3polis. Ingressou no Semin\u00e1rio em 2011 e concluiu a Teologia em 2019. Foi ordenado em dezembro de 2019. Exerceu seu minist\u00e9rio diaconal em Anicuns e, atualmente, em Aragar\u00e7as.<\/p>\n\n\n\n<div class=\"wp-block-image\"><figure class=\"aligncenter size-large\"><img loading=\"lazy\" decoding=\"async\" width=\"682\" height=\"493\" src=\"https:\/\/www.diocesesaoluis.org.br\/home\/wp-content\/uploads\/2020\/08\/Ordenacao-presbiteral.jpeg\" alt=\"\" class=\"wp-image-9888\" srcset=\"https:\/\/www.diocesesaoluis.org.br\/home\/wp-content\/uploads\/2020\/08\/Ordenacao-presbiteral.jpeg 682w, https:\/\/www.diocesesaoluis.org.br\/home\/wp-content\/uploads\/2020\/08\/Ordenacao-presbiteral-300x217.jpeg 300w, https:\/\/www.diocesesaoluis.org.br\/home\/wp-content\/uploads\/2020\/08\/Ordenacao-presbiteral-150x108.jpeg 150w\" sizes=\"auto, (max-width: 682px) 100vw, 682px\" \/><\/figure><\/div>\n\n\n\n<p><\/p>\n","protected":false},"excerpt":{"rendered":"<p>No dia 19 de setembro, nossa Diocese ter\u00e1 a alegria de ganhar quatro novos padres. Ser\u00e1 a primeira Ordena\u00e7\u00e3o presidida por Dom Lindomar Rocha, desde que tomou posse em nossa Igreja Particular. Devido a pandemia, a Ordena\u00e7\u00e3o ser\u00e1 com participa\u00e7\u00e3o reduzida. Entretanto, toda a Diocese poder\u00e1 acompanhar pelos meios de comunica\u00e7\u00e3o diocesanos. Os di\u00e1conos que<span class=\"read-more arrow\"><a href=\"https:\/\/www.diocesesaoluis.org.br\/home\/2020\/08\/09\/novos-padres-para-a-diocese\/\" title=\"Read More\">&rarr;<\/a><\/span><\/p>\n","protected":false},"author":2,"featured_media":9887,"comment_status":"closed","ping_status":"open","sticky":false,"template":"","format":"standard","meta":{"ub_ctt_via":"","footnotes":""},"categories":[3,187],"tags":[230,221,229],"class_list":{"0":"post-9886","1":"post","2":"type-post","3":"status-publish","4":"format-standard","5":"has-post-thumbnail","7":"category-clero","8":"category-diaconos-transitorios","9":"tag-diaconos-transitorios","10":"tag-dom-lindomar","11":"tag-ordenacao-presbiteral"},"featured_image_src":"https:\/\/www.diocesesaoluis.org.br\/home\/wp-content\/uploads\/2020\/08\/Ordenacao.jpg","author_info":{"display_name":false,"author_link":"https:\/\/www.diocesesaoluis.org.br\/home\/author\/lucas\/"},"_links":{"self":[{"href":"https:\/\/www.diocesesaoluis.org.br\/home\/wp-json\/wp\/v2\/posts\/9886","targetHints":{"allow":["GET"]}}],"collection":[{"href":"https:\/\/www.diocesesaoluis.org.br\/home\/wp-json\/wp\/v2\/posts"}],"about":[{"href":"https:\/\/www.diocesesaoluis.org.br\/home\/wp-json\/wp\/v2\/types\/post"}],"author":[{"embeddable":true,"href":"https:\/\/www.diocesesaoluis.org.br\/home\/wp-json\/wp\/v2\/users\/2"}],"replies":[{"embeddable":true,"href":"https:\/\/www.diocesesaoluis.org.br\/home\/wp-json\/wp\/v2\/comments?post=9886"}],"version-history":[{"count":3,"href":"https:\/\/www.diocesesaoluis.org.br\/home\/wp-json\/wp\/v2\/posts\/9886\/revisions"}],"predecessor-version":[{"id":9900,"href":"https:\/\/www.diocesesaoluis.org.br\/home\/wp-json\/wp\/v2\/posts\/9886\/revisions\/9900"}],"wp:featuredmedia":[{"embeddable":true,"href":"https:\/\/www.diocesesaoluis.org.br\/home\/wp-json\/wp\/v2\/media\/9887"}],"wp:attachment":[{"href":"https:\/\/www.diocesesaoluis.org.br\/home\/wp-json\/wp\/v2\/media?parent=9886"}],"wp:term":[{"taxonomy":"category","embeddable":true,"href":"https:\/\/www.diocesesaoluis.org.br\/home\/wp-json\/wp\/v2\/categories?post=9886"},{"taxonomy":"post_tag","embeddable":true,"href":"https:\/\/www.diocesesaoluis.org.br\/home\/wp-json\/wp\/v2\/tags?post=9886"}],"curies":[{"name":"wp","href":"https:\/\/api.w.org\/{rel}","templated":true}]}}