{"id":9793,"date":"2020-06-29T10:59:06","date_gmt":"2020-06-29T13:59:06","guid":{"rendered":"http:\/\/www.diocesesaoluis.org.br\/home\/?p=9793"},"modified":"2020-08-09T22:34:02","modified_gmt":"2020-08-10T01:34:02","slug":"fazenda-da-esperanca-recebe-visita-de-dom-lindomar","status":"publish","type":"post","link":"https:\/\/www.diocesesaoluis.org.br\/home\/2020\/06\/29\/fazenda-da-esperanca-recebe-visita-de-dom-lindomar\/","title":{"rendered":"Fazenda da Esperan\u00e7a recebe visita de Dom Lindomar"},"content":{"rendered":"\n<p>A Fazenda M\u00e3e da Santa Esperan\u00e7a &#8211; Auril\u00e2ndia\/Goi\u00e1s &#8211; recebeu a visita do nosso bispo diocesano, Dom Lindomar Rocha.<\/p>\n\n\n\n<p>A visita ocorreu em uma data especial, em que as Fazendas da Esperan\u00e7a, comemoraram o anivers\u00e1rio de 37 anos, desde a inaugura\u00e7\u00e3o da 1\u00b0 Fazenda em Guaratinguet\u00e1 &#8211; SP. A Fazenda local tamb\u00e9m celebrou os 49 anos de vida sacerdotal de Dom Carmelo, bispo fundador da Comunidade Terap\u00eautica, que acolhe dependentes qu\u00edmicos para recupera\u00e7\u00e3o.<\/p>\n\n\n\n<p>A Celebra\u00e7\u00e3o Eucar\u00edstica foi concelebrada pelo Pe. Eduardo Farias, reitor do Semin\u00e1rio Menor e diretor espiritual dos internos da Fazenda.<\/p>\n\n\n\n<p>Rezemos pela nossa Fazenda M\u00e3e da Santa Esperan\u00e7a.<\/p>\n\n\n\n<p>Foram adotadas medidas protetivas, higieniza\u00e7\u00e3o e seguran\u00e7a, em virtude da Pandemia.<\/p>\n\n\n\n<figure class=\"wp-block-gallery columns-3 is-cropped wp-block-gallery-1 is-layout-flex wp-block-gallery-is-layout-flex\"><ul class=\"blocks-gallery-grid\"><li class=\"blocks-gallery-item\"><figure><img loading=\"lazy\" decoding=\"async\" width=\"1024\" height=\"768\" src=\"http:\/\/www.diocesesaoluis.org.br\/home\/wp-content\/uploads\/2020\/06\/IMG-20200628-WA0018-1024x768.jpg\" alt=\"\" data-id=\"9794\" data-full-url=\"http:\/\/www.diocesesaoluis.org.br\/home\/wp-content\/uploads\/2020\/06\/IMG-20200628-WA0018.jpg\" data-link=\"http:\/\/www.diocesesaoluis.org.br\/home\/?attachment_id=9794\" class=\"wp-image-9794\" srcset=\"https:\/\/www.diocesesaoluis.org.br\/home\/wp-content\/uploads\/2020\/06\/IMG-20200628-WA0018-1024x768.jpg 1024w, https:\/\/www.diocesesaoluis.org.br\/home\/wp-content\/uploads\/2020\/06\/IMG-20200628-WA0018-300x225.jpg 300w, https:\/\/www.diocesesaoluis.org.br\/home\/wp-content\/uploads\/2020\/06\/IMG-20200628-WA0018-150x113.jpg 150w, https:\/\/www.diocesesaoluis.org.br\/home\/wp-content\/uploads\/2020\/06\/IMG-20200628-WA0018-768x576.jpg 768w, https:\/\/www.diocesesaoluis.org.br\/home\/wp-content\/uploads\/2020\/06\/IMG-20200628-WA0018.jpg 1280w\" sizes=\"auto, (max-width: 1024px) 100vw, 1024px\" \/><\/figure><\/li><li class=\"blocks-gallery-item\"><figure><img loading=\"lazy\" decoding=\"async\" width=\"1024\" height=\"768\" src=\"http:\/\/www.diocesesaoluis.org.br\/home\/wp-content\/uploads\/2020\/06\/IMG-20200628-WA0017-1024x768.jpg\" alt=\"\" data-id=\"9795\" data-full-url=\"http:\/\/www.diocesesaoluis.org.br\/home\/wp-content\/uploads\/2020\/06\/IMG-20200628-WA0017.jpg\" data-link=\"http:\/\/www.diocesesaoluis.org.br\/home\/?attachment_id=9795\" class=\"wp-image-9795\" srcset=\"https:\/\/www.diocesesaoluis.org.br\/home\/wp-content\/uploads\/2020\/06\/IMG-20200628-WA0017-1024x768.jpg 1024w, https:\/\/www.diocesesaoluis.org.br\/home\/wp-content\/uploads\/2020\/06\/IMG-20200628-WA0017-300x225.jpg 300w, https:\/\/www.diocesesaoluis.org.br\/home\/wp-content\/uploads\/2020\/06\/IMG-20200628-WA0017-150x113.jpg 150w, https:\/\/www.diocesesaoluis.org.br\/home\/wp-content\/uploads\/2020\/06\/IMG-20200628-WA0017-768x576.jpg 768w, https:\/\/www.diocesesaoluis.org.br\/home\/wp-content\/uploads\/2020\/06\/IMG-20200628-WA0017.jpg 1280w\" sizes=\"auto, (max-width: 1024px) 100vw, 1024px\" \/><\/figure><\/li><li class=\"blocks-gallery-item\"><figure><img loading=\"lazy\" decoding=\"async\" width=\"1024\" height=\"768\" src=\"http:\/\/www.diocesesaoluis.org.br\/home\/wp-content\/uploads\/2020\/06\/IMG-20200628-WA0015-1024x768.jpg\" alt=\"\" data-id=\"9796\" data-full-url=\"http:\/\/www.diocesesaoluis.org.br\/home\/wp-content\/uploads\/2020\/06\/IMG-20200628-WA0015.jpg\" data-link=\"http:\/\/www.diocesesaoluis.org.br\/home\/?attachment_id=9796\" class=\"wp-image-9796\" srcset=\"https:\/\/www.diocesesaoluis.org.br\/home\/wp-content\/uploads\/2020\/06\/IMG-20200628-WA0015-1024x768.jpg 1024w, https:\/\/www.diocesesaoluis.org.br\/home\/wp-content\/uploads\/2020\/06\/IMG-20200628-WA0015-300x225.jpg 300w, https:\/\/www.diocesesaoluis.org.br\/home\/wp-content\/uploads\/2020\/06\/IMG-20200628-WA0015-150x113.jpg 150w, https:\/\/www.diocesesaoluis.org.br\/home\/wp-content\/uploads\/2020\/06\/IMG-20200628-WA0015-768x576.jpg 768w, https:\/\/www.diocesesaoluis.org.br\/home\/wp-content\/uploads\/2020\/06\/IMG-20200628-WA0015.jpg 1280w\" sizes=\"auto, (max-width: 1024px) 100vw, 1024px\" \/><\/figure><\/li><li class=\"blocks-gallery-item\"><figure><img loading=\"lazy\" decoding=\"async\" width=\"1024\" height=\"768\" src=\"http:\/\/www.diocesesaoluis.org.br\/home\/wp-content\/uploads\/2020\/06\/IMG-20200628-WA0014-1024x768.jpg\" alt=\"\" data-id=\"9797\" data-full-url=\"http:\/\/www.diocesesaoluis.org.br\/home\/wp-content\/uploads\/2020\/06\/IMG-20200628-WA0014.jpg\" data-link=\"http:\/\/www.diocesesaoluis.org.br\/home\/?attachment_id=9797\" class=\"wp-image-9797\" srcset=\"https:\/\/www.diocesesaoluis.org.br\/home\/wp-content\/uploads\/2020\/06\/IMG-20200628-WA0014-1024x768.jpg 1024w, https:\/\/www.diocesesaoluis.org.br\/home\/wp-content\/uploads\/2020\/06\/IMG-20200628-WA0014-300x225.jpg 300w, https:\/\/www.diocesesaoluis.org.br\/home\/wp-content\/uploads\/2020\/06\/IMG-20200628-WA0014-150x113.jpg 150w, https:\/\/www.diocesesaoluis.org.br\/home\/wp-content\/uploads\/2020\/06\/IMG-20200628-WA0014-768x576.jpg 768w, https:\/\/www.diocesesaoluis.org.br\/home\/wp-content\/uploads\/2020\/06\/IMG-20200628-WA0014.jpg 1280w\" sizes=\"auto, (max-width: 1024px) 100vw, 1024px\" \/><\/figure><\/li><\/ul><\/figure>\n","protected":false},"excerpt":{"rendered":"<p>A Fazenda M\u00e3e da Santa Esperan\u00e7a &#8211; Auril\u00e2ndia\/Goi\u00e1s &#8211; recebeu a visita do nosso bispo diocesano, Dom Lindomar Rocha. A visita ocorreu em uma data especial, em que as Fazendas da Esperan\u00e7a, comemoraram o anivers\u00e1rio de 37 anos, desde a inaugura\u00e7\u00e3o da 1\u00b0 Fazenda em Guaratinguet\u00e1 &#8211; SP. A Fazenda local tamb\u00e9m celebrou os 49<span class=\"read-more arrow\"><a href=\"https:\/\/www.diocesesaoluis.org.br\/home\/2020\/06\/29\/fazenda-da-esperanca-recebe-visita-de-dom-lindomar\/\" title=\"Read More\">&rarr;<\/a><\/span><\/p>\n","protected":false},"author":2,"featured_media":9800,"comment_status":"closed","ping_status":"open","sticky":false,"template":"","format":"standard","meta":{"ub_ctt_via":"","footnotes":""},"categories":[6,99,2],"tags":[221,227],"class_list":{"0":"post-9793","1":"post","2":"type-post","3":"status-publish","4":"format-standard","5":"has-post-thumbnail","7":"category-bispo-diocesano","8":"category-casa-de-recuperacao","9":"category-pascom","10":"tag-dom-lindomar","11":"tag-fazenda-da-esperanca"},"featured_image_src":"https:\/\/www.diocesesaoluis.org.br\/home\/wp-content\/uploads\/2020\/06\/IMG-20200628-WA0016.jpg","author_info":{"display_name":false,"author_link":"https:\/\/www.diocesesaoluis.org.br\/home\/author\/lucas\/"},"_links":{"self":[{"href":"https:\/\/www.diocesesaoluis.org.br\/home\/wp-json\/wp\/v2\/posts\/9793","targetHints":{"allow":["GET"]}}],"collection":[{"href":"https:\/\/www.diocesesaoluis.org.br\/home\/wp-json\/wp\/v2\/posts"}],"about":[{"href":"https:\/\/www.diocesesaoluis.org.br\/home\/wp-json\/wp\/v2\/types\/post"}],"author":[{"embeddable":true,"href":"https:\/\/www.diocesesaoluis.org.br\/home\/wp-json\/wp\/v2\/users\/2"}],"replies":[{"embeddable":true,"href":"https:\/\/www.diocesesaoluis.org.br\/home\/wp-json\/wp\/v2\/comments?post=9793"}],"version-history":[{"count":1,"href":"https:\/\/www.diocesesaoluis.org.br\/home\/wp-json\/wp\/v2\/posts\/9793\/revisions"}],"predecessor-version":[{"id":9798,"href":"https:\/\/www.diocesesaoluis.org.br\/home\/wp-json\/wp\/v2\/posts\/9793\/revisions\/9798"}],"wp:featuredmedia":[{"embeddable":true,"href":"https:\/\/www.diocesesaoluis.org.br\/home\/wp-json\/wp\/v2\/media\/9800"}],"wp:attachment":[{"href":"https:\/\/www.diocesesaoluis.org.br\/home\/wp-json\/wp\/v2\/media?parent=9793"}],"wp:term":[{"taxonomy":"category","embeddable":true,"href":"https:\/\/www.diocesesaoluis.org.br\/home\/wp-json\/wp\/v2\/categories?post=9793"},{"taxonomy":"post_tag","embeddable":true,"href":"https:\/\/www.diocesesaoluis.org.br\/home\/wp-json\/wp\/v2\/tags?post=9793"}],"curies":[{"name":"wp","href":"https:\/\/api.w.org\/{rel}","templated":true}]}}