{"id":9641,"date":"2020-05-06T16:37:00","date_gmt":"2020-05-06T19:37:00","guid":{"rendered":"http:\/\/www.diocesesaoluis.org.br\/home\/?p=9641"},"modified":"2020-06-12T16:37:28","modified_gmt":"2020-06-12T19:37:28","slug":"infancia-adolescencia-e-juventude-missionaria","status":"publish","type":"post","link":"https:\/\/www.diocesesaoluis.org.br\/home\/2020\/05\/06\/infancia-adolescencia-e-juventude-missionaria\/","title":{"rendered":"INF\u00c2NCIA, ADOLESC\u00caNCIA E JUVENTUDE MISSION\u00c1RIA"},"content":{"rendered":"<p><strong>Assessor:<\/strong> Pe. Wallison Rodrigues da Silva<\/p>\n<p>\u00c9 um servi\u00e7o de anima\u00e7\u00e3o mission\u00e1ria que tem por finalidade fomentar e manter o esp\u00edrito mission\u00e1rio e prof\u00e9tico nos jovens, ajudando-os a viver a miss\u00e3o em \u00e2mbito local e universal.<\/p>\n<p>A espiritualidade dos grupos de JM est\u00e1 marcada por uma atitude samaritana em todos os ambientes, em especial, entre os que mais sofrem e s\u00e3o exclu\u00eddos. Por isso, o jovem mission\u00e1rio \u00e9 convidado a fundamentar sua identidade no amor de Deus que rompe as barreiras do preconceito e da indiferen\u00e7a.<\/p>\n<dl class=\"sc-accordions\"><dt class=\"sc-accordion-title\"><a href=\"#\"><strong>Apresenta\u00e7\u00e3o<\/strong><\/a><\/dt><dd class=\"sc-accordion-pane\">\n<p>A Juventude Mission\u00e1ria est\u00e1 vinculada \u00e0 Pontif\u00edcia Obra da Propaga\u00e7\u00e3o da F\u00e9 (POPF), fundada pela leiga Paulina Jaricot, em 03 de maio de 1822, na cidade de Lion \u2013 Fran\u00e7a. A Obra foi declarada Pontif\u00edcia pelo papa Pio XI em 1922 e passou a integrar as Pontif\u00edcias Obras Mission\u00e1rias (POM).<br \/>\nA JM surgiu como fruto da Pontif\u00edcia Obra da Inf\u00e2ncia e Adolesc\u00eancia (IAM), que foi fundada em 1843 por dom Carlos de Forbin-Janson, em Paris na Fran\u00e7a. Ao se tornarem jovens, esses desejam continuar a viver em grupos e com uma espiritualidade mission\u00e1ria, passam a integrar a Juventude Mission\u00e1ria. Al\u00e9m disso, muitos grupos de JM surgem da disposi\u00e7\u00e3o dos jovens em atender o apelo do Papa Francisco para viver a miss\u00e3o como fonte de espiritualidade, liberta\u00e7\u00e3o e transforma\u00e7\u00e3o.<\/p>\n<\/dd>\n<dt class=\"sc-accordion-title\"><a href=\"#\"><strong>Metodologia<\/strong><\/a><\/dt><dd class=\"sc-accordion-pane\">\n<p>A metodologia \u00e9 composta por quatro \u00e1reas integradas. Para cada semana do m\u00eas, sugere-se que o grupo siga os seguintes passos:<br \/>\n1\u00aa Semana: Realidade Mission\u00e1ria \u2013 Ver<br \/>\n2\u00aa Semana: Espiritualidade Mission\u00e1ria \u2013 Iluminar<br \/>\n3\u00aa Semana: Compromisso Mission\u00e1rio \u2013 Agir<br \/>\n4\u00aa Semana: Testemunho Mission\u00e1rio \u2013 Avaliar e Celebrar<br \/>\n\u27a2 A idade proposta para os integrantes dos grupos de JM \u00e9 de 15 a 30 anos.<br \/>\n\u27a2 O n\u00famero de participantes ideal para a vida do grupo \u00e9 12 membros, podendo chegar at\u00e9 20.<br \/>\n\u27a2 A JM deve promover a\u00e7\u00f5es mission\u00e1rias em seu ambiente e colaborar atrav\u00e9s da Corrente Solid\u00e1ria com a miss\u00e3o al\u00e9m-fronteiras.<br \/>\n\u27a2 Os jovens que n\u00e3o possuem caminhada mission\u00e1ria e que desejam inserir-se no grupo de JM, dever\u00e3o passar por um processo de forma\u00e7\u00e3o e integra\u00e7\u00e3o que lhes esclare\u00e7a o carisma, a metodologia e o perfil do jovem mission\u00e1rio.<br \/>\n\u27a2 O grupo de JM dever\u00e1 escolher entre seus membros uma coordena\u00e7\u00e3o, que \u00e9 eleita anualmente. Essa ser\u00e1 respons\u00e1vel pela anima\u00e7\u00e3o, organiza\u00e7\u00e3o e delibera\u00e7\u00e3o das atividades realizadas pelo grupo.<br \/>\n\u27a2 Assessor: os grupos de JM devem buscar o apoio de um adulto que acompanhar\u00e1 os processos pessoais e grupais dos jovens.<br \/>\n\u27a2 A Juventude Mission\u00e1ria do Brasil conta com um secret\u00e1rio Nacional e tr\u00eas grupos de trabalhos (GTs): Articula\u00e7\u00e3o e Acompanhamento, Forma\u00e7\u00e3o Integral e Espiritualidade e Miss\u00e3o.<\/p>\n<\/dd>\n<dt class=\"sc-accordion-title\"><a href=\"#\"><strong>Perfil do Jovem Mission\u00e1rio<\/strong><\/a><\/dt><dd class=\"sc-accordion-pane\">\n<p><a href=\"http:\/\/www.diocesesaoluis.org.br\/home\/2020\/05\/06\/infancia-adolescencia-e-juventude-missionaria\/juventude-2017\/\" rel=\"attachment wp-att-9643\"><img loading=\"lazy\" decoding=\"async\" class=\"size-medium wp-image-9643 alignright\" src=\"http:\/\/www.diocesesaoluis.org.br\/home\/wp-content\/uploads\/2020\/06\/juventude-2017-281x300.jpg\" alt=\"\" width=\"281\" height=\"300\" srcset=\"https:\/\/www.diocesesaoluis.org.br\/home\/wp-content\/uploads\/2020\/06\/juventude-2017-281x300.jpg 281w, https:\/\/www.diocesesaoluis.org.br\/home\/wp-content\/uploads\/2020\/06\/juventude-2017-140x150.jpg 140w, https:\/\/www.diocesesaoluis.org.br\/home\/wp-content\/uploads\/2020\/06\/juventude-2017-768x821.jpg 768w, https:\/\/www.diocesesaoluis.org.br\/home\/wp-content\/uploads\/2020\/06\/juventude-2017.jpg 842w\" sizes=\"auto, (max-width: 281px) 100vw, 281px\" \/><\/a>\u27a2 Possui o sentido de perten\u00e7a \u00e0 comunidade de f\u00e9 onde participa e est\u00e1 vinculado \u00e0s Pontif\u00edcias Obras Mission\u00e1rias (POM).<br \/>\n\u27a2 Compreende sua voca\u00e7\u00e3o mission\u00e1ria e decide viv\u00ea-la de forma universal, comprometendo-se com o mandato de Jesus Cristo: \u201cIde pelo mundo inteiro e anunciai a Boa-Nova a toda criatura\u201d (Mc 16,15).<br \/>\n\u27a2 Possui experi\u00eancia viva e profunda com Jesus Cristo e se disp\u00f5e a trabalhar para torn\u00e1-lo conhecido e amado por todos.<br \/>\n\u27a2 A exemplo de Jesus Cristo, denuncia as injusti\u00e7as e opress\u00f5es, na esperan\u00e7a da liberta\u00e7\u00e3o que faz da humanidade uma s\u00f3 comunidade.<br \/>\n\u27a2 \u00c9 capaz de transformar sua realidade pessoal e social \u00e0 luz do Evangelho e da Doutrina Social da Igreja.<br \/>\n\u27a2 Ama sua cultura, respeita e valoriza as demais realidades culturais.<br \/>\n\u27a2 Compreende que o Reino de Deus n\u00e3o desce do alto, mas brota das realidades, principalmente do meio dos pobres, dos marginalizados e dos pequenos.<br \/>\n\u27a2 Desenvolve sua vida espiritual em comunh\u00e3o com o trabalho concreto, a partir do servi\u00e7o e da solidariedade, tendo a Eucaristia como fonte e ponto de chegada \u00e0 miss\u00e3o.<br \/>\n\u27a2 \u00c9 presen\u00e7a entre os crucificados na hist\u00f3ria como testemunho da Igreja samaritana, que trabalha pela justi\u00e7a e com os pobres.<br \/>\n\u27a2 Com alegria, simplicidade e responsabilidade, \u00e9 testemunho de vida.<br \/>\n\u27a2 Tem como mandato de vida a ora\u00e7\u00e3o, o sacrif\u00edcio e a solidariedade.<br \/>\n\u27a2 A exemplo de Maria, vive e anuncia a Boa-Nova da salva\u00e7\u00e3o.<\/p>\n<\/dd>\n<dt class=\"sc-accordion-title\"><a href=\"#\"><strong>Orienta\u00e7\u00f5es para o grupo de Juventude Mission\u00e1ria<\/strong><\/a><\/dt><dd class=\"sc-accordion-pane\">\n<p>\u27a2 Engajar-se na vida da comunidade e em sua caminhada eclesial na din\u00e2mica da pastoral de conjunto que anima toda a dimens\u00e3o paroquial a partir da miss\u00e3o.<br \/>\n\u27a2 Ser membro efetivo dos Conselhos Mission\u00e1rios, paroquiais, diocesanos e regionais. Deve ser tamb\u00e9m, presen\u00e7a no Setor Juventude da CNBB.<br \/>\n\u27a2 Seguir a metodologia das quatro \u00e1reas integradas, bem como, recordar em todas as atividades o Trip\u00e9 da JM: ora\u00e7\u00e3o, sacrif\u00edcio e solidariedade concreta.<br \/>\n\u27a2 Cultivar a espiritualidade mission\u00e1ria atrav\u00e9s de uma viv\u00eancia sacramental e de ora\u00e7\u00f5es, cantos e liturgias que correspondam ao carisma mission\u00e1rio.<br \/>\n\u27a2 Todos os grupos da JM possuem coordena\u00e7\u00e3o composta por jovens e um assessor adulto.<br \/>\n\u27a2 A coordena\u00e7\u00e3o dever\u00e1 ser composta por jovens que j\u00e1 participaram de processo formativo assistido pelas POM.<br \/>\n\u27a2 Qualquer jovem que esteja disposto a conhecer e viver o carisma da JM pode participar.<\/p>\n<\/dd>\n<dt class=\"sc-accordion-title\"><a href=\"#\"><strong>Corrente Solid\u00e1ria<\/strong><\/a><\/dt><dd class=\"sc-accordion-pane\">\n<p><a href=\"http:\/\/www.diocesesaoluis.org.br\/home\/2020\/05\/06\/infancia-adolescencia-e-juventude-missionaria\/artecorrentecomfundo-982x1024\/\" rel=\"attachment wp-att-9644\"><img loading=\"lazy\" decoding=\"async\" class=\"size-medium wp-image-9644 alignleft\" src=\"http:\/\/www.diocesesaoluis.org.br\/home\/wp-content\/uploads\/2020\/06\/artecorrentecomfundo-982x1024-1-288x300.jpg\" alt=\"\" width=\"288\" height=\"300\" srcset=\"https:\/\/www.diocesesaoluis.org.br\/home\/wp-content\/uploads\/2020\/06\/artecorrentecomfundo-982x1024-1-288x300.jpg 288w, https:\/\/www.diocesesaoluis.org.br\/home\/wp-content\/uploads\/2020\/06\/artecorrentecomfundo-982x1024-1-144x150.jpg 144w, https:\/\/www.diocesesaoluis.org.br\/home\/wp-content\/uploads\/2020\/06\/artecorrentecomfundo-982x1024-1-768x801.jpg 768w, https:\/\/www.diocesesaoluis.org.br\/home\/wp-content\/uploads\/2020\/06\/artecorrentecomfundo-982x1024-1.jpg 982w\" sizes=\"auto, (max-width: 288px) 100vw, 288px\" \/><\/a>A Corrente Solid\u00e1ria \u00e9 uma iniciativa da Juventude Mission\u00e1ria do Brasil que nos recorda a iniciativa de nossa fundadora Paulina Maria Jaricot. Mesmo n\u00e3o podendo ir na Miss\u00e3o Al\u00e9m Fronteiras, Paulina organizou um grupo de oper\u00e1rias francesas que colaboravam com uma doa\u00e7\u00e3o mensal para as miss\u00f5es e a ora\u00e7\u00e3o di\u00e1ria, sempre com o esp\u00edrito da universalidade. Durante os pr\u00f3ximos 3 anos, a Corrente Solid\u00e1ria estar\u00e1 unida ao Projeto Juventude Ad Gentes, e os valores arrecadados ser\u00e3o destinados a Mo\u00e7ambique e ao Haiti, pa\u00edses estes que receber\u00e3o jovens da Juventude Mission\u00e1ria do Brasil para uma experi\u00eancia mission\u00e1ria.<\/p>\n<\/dd>\n<dt class=\"sc-accordion-title\"><a href=\"#\"><strong>Miss\u00e3o sem fronteiras<\/strong><\/a><\/dt><dd class=\"sc-accordion-pane\">\n<p>\u00c9 uma iniciativa da Juventude Mission\u00e1ria que visa fortalecer o v\u00ednculo e a intera\u00e7\u00e3o entre os jovens de todo o Brasil. Para essa experi\u00eancia escolhe-se uma realidade do pa\u00eds onde os jovens possam realizar visitas, forma\u00e7\u00f5es e oficinas mission\u00e1rias.<\/p>\n<\/dd>\n<dt class=\"sc-accordion-title\"><a href=\"#\"><strong>Juventude ad gentes<\/strong><\/a><\/dt><dd class=\"sc-accordion-pane\">\n<p>Esta a\u00e7\u00e3o mission\u00e1ria quer contribuir com o despertar dos jovens para a dimens\u00e3o universal da miss\u00e3o de Cristo e consequentemente da Igreja. O objetivo \u00e9 cooperar efetivamente no \u00e2mbito da miss\u00e3o Ad Gentes, com o envio de jovens para fazerem uma experi\u00eancia de miss\u00e3o al\u00e9m-fronteiras em Mo\u00e7ambique e Haiti.<\/p>\n<\/dd>\n<dt class=\"sc-accordion-title\"><a href=\"#\"><strong>Um passo adiante: roteiros para encontros de grupos<\/strong><\/a><\/dt><dd class=\"sc-accordion-pane\">\n<p>A secretaria da Pontif\u00edcia Obra da Propaga\u00e7\u00e3o da F\u00e9 est\u00e1 disponibilizando a edi\u00e7\u00e3o digital do livro \u201cUm passo adiante: roteiros para encontros de grupos\u201d. O subs\u00eddio oferece 52 roteiros de encontros para a Juventude Mission\u00e1ria, divididos em 13 temas principais.<\/p>\n<p>Os encontros est\u00e3o organizados na metodologia do Ver, Iluminar, Agir e Celebrar.\u00a0O material foi editado em 2006 e ainda \u00e9 uma importante ferramenta de forma\u00e7\u00e3o para os grupos da Juventude Mission\u00e1ria.<\/p>\n<\/dd>\n<\/dl>\n","protected":false},"excerpt":{"rendered":"<p>Assessor: Pe. Wallison Rodrigues da Silva \u00c9 um servi\u00e7o de anima\u00e7\u00e3o mission\u00e1ria que tem por finalidade fomentar e manter o esp\u00edrito mission\u00e1rio e prof\u00e9tico nos jovens, ajudando-os a viver a miss\u00e3o em \u00e2mbito local e universal. A espiritualidade dos grupos de JM est\u00e1 marcada por uma atitude samaritana em todos os ambientes, em especial, entre<span class=\"read-more arrow\"><a href=\"https:\/\/www.diocesesaoluis.org.br\/home\/2020\/05\/06\/infancia-adolescencia-e-juventude-missionaria\/\" title=\"Read More\">&rarr;<\/a><\/span><\/p>\n","protected":false},"author":1,"featured_media":9642,"comment_status":"closed","ping_status":"open","sticky":false,"template":"","format":"standard","meta":{"ub_ctt_via":"","footnotes":""},"categories":[219,218],"tags":[],"class_list":{"0":"post-9641","1":"post","2":"type-post","3":"status-publish","4":"format-standard","5":"has-post-thumbnail","7":"category-movimentos","8":"category-pastorais"},"featured_image_src":"https:\/\/www.diocesesaoluis.org.br\/home\/wp-content\/uploads\/2020\/06\/juventude_missionaria-350x245-1.jpg","author_info":{"display_name":false,"author_link":"https:\/\/www.diocesesaoluis.org.br\/home\/author\/adriano\/"},"_links":{"self":[{"href":"https:\/\/www.diocesesaoluis.org.br\/home\/wp-json\/wp\/v2\/posts\/9641","targetHints":{"allow":["GET"]}}],"collection":[{"href":"https:\/\/www.diocesesaoluis.org.br\/home\/wp-json\/wp\/v2\/posts"}],"about":[{"href":"https:\/\/www.diocesesaoluis.org.br\/home\/wp-json\/wp\/v2\/types\/post"}],"author":[{"embeddable":true,"href":"https:\/\/www.diocesesaoluis.org.br\/home\/wp-json\/wp\/v2\/users\/1"}],"replies":[{"embeddable":true,"href":"https:\/\/www.diocesesaoluis.org.br\/home\/wp-json\/wp\/v2\/comments?post=9641"}],"version-history":[{"count":4,"href":"https:\/\/www.diocesesaoluis.org.br\/home\/wp-json\/wp\/v2\/posts\/9641\/revisions"}],"predecessor-version":[{"id":9648,"href":"https:\/\/www.diocesesaoluis.org.br\/home\/wp-json\/wp\/v2\/posts\/9641\/revisions\/9648"}],"wp:featuredmedia":[{"embeddable":true,"href":"https:\/\/www.diocesesaoluis.org.br\/home\/wp-json\/wp\/v2\/media\/9642"}],"wp:attachment":[{"href":"https:\/\/www.diocesesaoluis.org.br\/home\/wp-json\/wp\/v2\/media?parent=9641"}],"wp:term":[{"taxonomy":"category","embeddable":true,"href":"https:\/\/www.diocesesaoluis.org.br\/home\/wp-json\/wp\/v2\/categories?post=9641"},{"taxonomy":"post_tag","embeddable":true,"href":"https:\/\/www.diocesesaoluis.org.br\/home\/wp-json\/wp\/v2\/tags?post=9641"}],"curies":[{"name":"wp","href":"https:\/\/api.w.org\/{rel}","templated":true}]}}