{"id":9611,"date":"2020-05-06T14:47:00","date_gmt":"2020-05-06T17:47:00","guid":{"rendered":"http:\/\/www.diocesesaoluis.org.br\/home\/?p=9611"},"modified":"2020-06-12T14:48:42","modified_gmt":"2020-06-12T17:48:42","slug":"pastoral-liturgica","status":"publish","type":"post","link":"https:\/\/www.diocesesaoluis.org.br\/home\/2020\/05\/06\/pastoral-liturgica\/","title":{"rendered":"PASTORAL LIT\u00daRGICA"},"content":{"rendered":"<p><strong>Coordenadora:<\/strong> Jeane Carla Flauzina da Silva<br \/>\n<strong>Assessor:<\/strong> Pe. Jos\u00e9 Moreira de Souza<br \/>\n<strong>Equipe:<\/strong><br \/>\nPe. Wallison Rodrigues da Silva \u2013 Anima\u00e7\u00e3o Musical<br \/>\nErta Barbosa de Souza<br \/>\nEdmilton Jos\u00e9 de Lima<br \/>\nNelma de Souza Martins Silva<br \/>\nMaria do Carmo Silva<\/p>\n","protected":false},"excerpt":{"rendered":"<p>Coordenadora: Jeane Carla Flauzina da Silva Assessor: Pe. Jos\u00e9 Moreira de Souza Equipe: Pe. Wallison Rodrigues da Silva \u2013 Anima\u00e7\u00e3o Musical Erta Barbosa de Souza Edmilton Jos\u00e9 de Lima Nelma de Souza Martins Silva Maria do Carmo Silva<\/p>\n","protected":false},"author":1,"featured_media":9612,"comment_status":"closed","ping_status":"open","sticky":false,"template":"","format":"standard","meta":{"ub_ctt_via":"","footnotes":""},"categories":[218],"tags":[],"class_list":{"0":"post-9611","1":"post","2":"type-post","3":"status-publish","4":"format-standard","5":"has-post-thumbnail","7":"category-pastorais"},"featured_image_src":"https:\/\/www.diocesesaoluis.org.br\/home\/wp-content\/uploads\/2020\/06\/Pastoral-Liturgica-e1517955610195-135x100-1.jpg","author_info":{"display_name":false,"author_link":"https:\/\/www.diocesesaoluis.org.br\/home\/author\/adriano\/"},"_links":{"self":[{"href":"https:\/\/www.diocesesaoluis.org.br\/home\/wp-json\/wp\/v2\/posts\/9611","targetHints":{"allow":["GET"]}}],"collection":[{"href":"https:\/\/www.diocesesaoluis.org.br\/home\/wp-json\/wp\/v2\/posts"}],"about":[{"href":"https:\/\/www.diocesesaoluis.org.br\/home\/wp-json\/wp\/v2\/types\/post"}],"author":[{"embeddable":true,"href":"https:\/\/www.diocesesaoluis.org.br\/home\/wp-json\/wp\/v2\/users\/1"}],"replies":[{"embeddable":true,"href":"https:\/\/www.diocesesaoluis.org.br\/home\/wp-json\/wp\/v2\/comments?post=9611"}],"version-history":[{"count":1,"href":"https:\/\/www.diocesesaoluis.org.br\/home\/wp-json\/wp\/v2\/posts\/9611\/revisions"}],"predecessor-version":[{"id":9613,"href":"https:\/\/www.diocesesaoluis.org.br\/home\/wp-json\/wp\/v2\/posts\/9611\/revisions\/9613"}],"wp:featuredmedia":[{"embeddable":true,"href":"https:\/\/www.diocesesaoluis.org.br\/home\/wp-json\/wp\/v2\/media\/9612"}],"wp:attachment":[{"href":"https:\/\/www.diocesesaoluis.org.br\/home\/wp-json\/wp\/v2\/media?parent=9611"}],"wp:term":[{"taxonomy":"category","embeddable":true,"href":"https:\/\/www.diocesesaoluis.org.br\/home\/wp-json\/wp\/v2\/categories?post=9611"},{"taxonomy":"post_tag","embeddable":true,"href":"https:\/\/www.diocesesaoluis.org.br\/home\/wp-json\/wp\/v2\/tags?post=9611"}],"curies":[{"name":"wp","href":"https:\/\/api.w.org\/{rel}","templated":true}]}}