{"id":9456,"date":"2020-05-05T17:05:00","date_gmt":"2020-05-05T20:05:00","guid":{"rendered":"http:\/\/www.diocesesaoluis.org.br\/home\/?p=9456"},"modified":"2020-06-10T09:23:21","modified_gmt":"2020-06-10T12:23:21","slug":"ajude-a-sua-igreja","status":"publish","type":"post","link":"https:\/\/www.diocesesaoluis.org.br\/home\/2020\/05\/05\/ajude-a-sua-igreja\/","title":{"rendered":"Ajude a sua Igreja"},"content":{"rendered":"<p style=\"text-align: right;\">\u201c<em>Cada um d\u00ea conforme determinou em seu cora\u00e7\u00e3o, n\u00e3o com pesar ou<\/em> <em>por obriga\u00e7\u00e3o, pois Deus ama quem d\u00e1 com alegria\u201d<\/em> (2Cor 2,7)<\/p>\n<p>Completamente diferente da l\u00f3gica do mundo, a Igreja est\u00e1 pautada na l\u00f3gica divina, que s\u00e3o a doa\u00e7\u00e3o e o amor gratuito. A Igreja vive da caridade e para a caridade!<\/p>\n<p>Inserida nesta din\u00e2mica, recebe dos fieis todos os tipos de contribui\u00e7\u00f5es, de modo espec\u00edfico, a financeira, como um ato de gratid\u00e3o a Deus, pelo que receberam e por tudo que possuem; \u00e9 um modo concreto de colaborar com a comunidade\/par\u00f3quia.<\/p>\n<p>\u00c9 um compromisso consciente e generoso com a evangeliza\u00e7\u00e3o e com os pobres desta terra. E \u00e9 por meio da sua ajuda que a Igreja realiza as diversas obras e servi\u00e7os dentro das dimens\u00f5es: RELIGIOSA, ECLESIAL, MISSION\u00c1RIA E CARITATIVA\/SOCIAL.<\/p>\n<p>O compromisso com a comunidade sempre vem de uma experi\u00eancia com Deus. Quando se entende o valor do Evangelho, queremos colaborar com a Igreja, para que continue a miss\u00e3o de propagar o Evangelho, de formar novos agentes de pastoral, novos pastores, melhorias nas estruturas locais, constituir novos espa\u00e7os de evangeliza\u00e7\u00e3o, assistir os mais necessitados e outros.<\/p>\n<p>Como levar os irm\u00e3os \u00e0 experi\u00eancia de Deus e poder oferecer condi\u00e7\u00f5es mais dignas de viv\u00eancia?<\/p>\n<dl class=\"sc-accordions\"><dt class=\"sc-accordion-title active\"><a href=\"#\">D\u00cdZIMO<\/a><\/dt><dd class=\"sc-accordion-pane active\">\n<p style=\"text-align: right;\"><em>\u201cD\u00edzimo \u00e9 partilha! O dizimo de hoje constr\u00f3i a Igreja do amanh\u00e3<\/em>\u201d<\/p>\n<p>Hoje,\u00a0o d\u00edzimo \u00e9 uma<strong> Devolu\u00e7\u00e3o <\/strong>regular e proporcional aos rendimentos do fiel, que todo batizado deve assumir. \u00c9 uma forma concreta que o crist\u00e3o tem para manifestar a sua f\u00e9 em Deus e o seu amor ao pr\u00f3ximo, por meio dele que a Igreja se mant\u00e9m em atividade, sustenta seus trabalhos de evangeliza\u00e7\u00e3o e realiza muitas obras de caridade e assist\u00eancia aos menos favorecidos. <strong>O d\u00edzimo \u00e9 um compromisso<\/strong>. Representa a nossa vontade de colaborar, de verdade, com o Projeto Divino neste mundo.<\/p>\n<p>Procure sua par\u00f3quia e seja um dizimista!<\/p>\n<\/dd>\n<dt class=\"sc-accordion-title\"><a href=\"#\">COLETAS NAS MISSAS<\/a><\/dt><dd class=\"sc-accordion-pane\">\n<p>A Coleta \u00e9 algo que se d\u00e1 al\u00e9m do d\u00edzimo, \u00e9 uma entrega sem compromisso,\u00a0que podemos fazer em qualquer Igreja, sem necessariamente ter uma\u00a0periodicidade. A Apresenta\u00e7\u00e3o das Oferendas\u00a0\u00e9 o momento prop\u00edcio em que os fi\u00e9is podem\u00a0demonstrar sua participa\u00e7\u00e3o e seu comprometimento, pois apresentam os\u00a0frutos de seu trabalho.<\/p>\n<p>Atualmente, uma das maneiras de apresentar os frutos de nosso\u00a0trabalho\u00a0\u00e9 essa\u00a0oferta em dinheiro. Desta maneira, temos a\u00a0oportunidade de unir nossa oferta, nosso sacrif\u00edcio \u00e0 oferta e sacrif\u00edcio de Jesus, que nos d\u00e1 Seu Corpo e Sangue.<\/p>\n<\/dd>\n<dt class=\"sc-accordion-title\"><a href=\"#\">DOA\u00c7\u00d5ES ESPEC\u00cdFICAS<\/a><\/dt><dd class=\"sc-accordion-pane\">\n<p>Al\u00e9m da contribui\u00e7\u00e3o ordin\u00e1rias, outro tipo de contribui\u00e7\u00e3o \u00e9 de\u00a0doa\u00e7\u00e3o de alimentos, materiais, roupas, entre outras coisas. \u00c9\u00a0uma doa\u00e7\u00e3o a mais,\u00a0que podemos fazer espontaneamente para\u00a0auxiliar determinada Igreja, os irm\u00e3os mais necessitados que frequentam aquela comunidade e, at\u00e9 mesmo, a Diocese. Como por exemplo, voc\u00ea pode ajudar:<\/p>\n<ul>\n<li>A sua Par\u00f3quia \u2013 Comunidade<\/li>\n<li>A Diocese \u2013 C\u00faria e Obras Pastorais: Casa S\u00e3o Paulo e o CTL.<\/li>\n<li>O Semin\u00e1rio Menor M\u00e3e da Santa Esperan\u00e7a<\/li>\n<li>O Semin\u00e1rio Maior S\u00e3o Luiz Gonzaga<\/li>\n<li>A Fazenda da Esperan\u00e7a<\/li>\n<li>As Obras Sociais<\/li>\n<\/ul>\n<\/dd>\n<dt class=\"sc-accordion-title\"><a href=\"#\">CAMPANHA DA EVANGELIZA\u00c7\u00c3O<\/a><\/dt><dd class=\"sc-accordion-pane\">\n<p>O objetivo da Campanha para a Evangeliza\u00e7\u00e3o \u00e9 motivar os fi\u00e9is a participarem efetivamente da miss\u00e3o da Igreja por meio do testemunho de vida, de a\u00e7\u00f5es pastorais espec\u00edficas e da garantia de recursos para a a\u00e7\u00e3o pastoral. \u00c9 um convite \u00e0 Igreja no Brasil no per\u00edodo do Advento \u00e0 reflex\u00e3o de como o Natal de Jesus inspira o compromisso dos crist\u00e3os.<\/p>\n<p>Os recursos arrecadados s\u00e3o distribu\u00eddos da seguinte maneira: 45% dos recursos ficam na pr\u00f3pria diocese; 20% v\u00e3o para o Regional da CNBB para as iniciativas evangelizadoras, como as atividades de forma\u00e7\u00e3o e 35% se destinam \u00e0 CNBB nacional que \u00e9 usado para a manuten\u00e7\u00e3o da institui\u00e7\u00e3o e tamb\u00e9m o financiamento de a\u00e7\u00f5es pastorais.<\/p>\n<\/dd>\n<dt class=\"sc-accordion-title\"><a href=\"#\">CAMPANHA DA FRATERNIDADE<\/a><\/dt><dd class=\"sc-accordion-pane\">\n<p>\u00c9 muito importante que todos os crist\u00e3os cat\u00f3licos tenham em mente que a Campanha da Fraternidade se expressa concretamente pela oferta de doa\u00e7\u00f5es em dinheiro na coleta da solidariedade, que \u00e9 realizada no Domingo de Ramos. \u00c9 um gesto concreto de fraternidade, partilha e solidariedade, feito em \u00e2mbito nacional, em todas as comunidades crist\u00e3s, par\u00f3quias e dioceses. A Coleta da Solidariedade \u00e9 parte integrante da Campanha da Fraternidade.<\/p>\n<p>A Igreja espera que com esta motiva\u00e7\u00e3o todos participem, oferecendo sua solidariedade em favor das pessoas, grupos e comunidades, pois: \u201cAo longo de uma hist\u00f3ria de solidariedade e compromisso com as incont\u00e1veis v\u00edtimas das in\u00fameras formas de destrui\u00e7\u00e3o da vida, a Igreja se reconhece servidora do Deus da vida\u201d (DGAE, n. 66). O gesto fraterno da oferta tem um car\u00e1ter de convers\u00e3o quaresmal, condi\u00e7\u00e3o para que advenha um novo tempo marcado pelo amor e pela valoriza\u00e7\u00e3o da vida.<\/p>\n<p>O resultado integral das coletas realizadas nas celebra\u00e7\u00f5es do Domingo de Ramos, Coleta da Solidariedade, com ou sem envelope, ser\u00e1 encaminhado pela par\u00f3quia \u00e0 Diocese. Do total arrecadado por esta coleta, a Diocese envia 40% ao Fundo Nacional de Solidariedade (FNS), gerido pela CNBB. A outra parte (60%) permanece na Diocese para atender projetos locais, pelos respectivos Fundos Diocesanos de Solidariedade (FDS).<\/p>\n<\/dd>\n<\/dl>\n","protected":false},"excerpt":{"rendered":"<p>\u201cCada um d\u00ea conforme determinou em seu cora\u00e7\u00e3o, n\u00e3o com pesar ou por obriga\u00e7\u00e3o, pois Deus ama quem d\u00e1 com alegria\u201d (2Cor 2,7) Completamente diferente da l\u00f3gica do mundo, a Igreja est\u00e1 pautada na l\u00f3gica divina, que s\u00e3o a doa\u00e7\u00e3o e o amor gratuito. A Igreja vive da caridade e para a caridade! Inserida nesta<span class=\"read-more arrow\"><a href=\"https:\/\/www.diocesesaoluis.org.br\/home\/2020\/05\/05\/ajude-a-sua-igreja\/\" title=\"Read More\">&rarr;<\/a><\/span><\/p>\n","protected":false},"author":1,"featured_media":9090,"comment_status":"closed","ping_status":"open","sticky":false,"template":"","format":"standard","meta":{"ub_ctt_via":"","footnotes":""},"categories":[101],"tags":[],"class_list":{"0":"post-9456","1":"post","2":"type-post","3":"status-publish","4":"format-standard","5":"has-post-thumbnail","7":"category-pastorais-e-movimentos"},"featured_image_src":"https:\/\/www.diocesesaoluis.org.br\/home\/wp-content\/uploads\/2020\/05\/cid_ii_k9zq4xuh3.jpg","author_info":{"display_name":false,"author_link":"https:\/\/www.diocesesaoluis.org.br\/home\/author\/adriano\/"},"_links":{"self":[{"href":"https:\/\/www.diocesesaoluis.org.br\/home\/wp-json\/wp\/v2\/posts\/9456","targetHints":{"allow":["GET"]}}],"collection":[{"href":"https:\/\/www.diocesesaoluis.org.br\/home\/wp-json\/wp\/v2\/posts"}],"about":[{"href":"https:\/\/www.diocesesaoluis.org.br\/home\/wp-json\/wp\/v2\/types\/post"}],"author":[{"embeddable":true,"href":"https:\/\/www.diocesesaoluis.org.br\/home\/wp-json\/wp\/v2\/users\/1"}],"replies":[{"embeddable":true,"href":"https:\/\/www.diocesesaoluis.org.br\/home\/wp-json\/wp\/v2\/comments?post=9456"}],"version-history":[{"count":2,"href":"https:\/\/www.diocesesaoluis.org.br\/home\/wp-json\/wp\/v2\/posts\/9456\/revisions"}],"predecessor-version":[{"id":9463,"href":"https:\/\/www.diocesesaoluis.org.br\/home\/wp-json\/wp\/v2\/posts\/9456\/revisions\/9463"}],"wp:featuredmedia":[{"embeddable":true,"href":"https:\/\/www.diocesesaoluis.org.br\/home\/wp-json\/wp\/v2\/media\/9090"}],"wp:attachment":[{"href":"https:\/\/www.diocesesaoluis.org.br\/home\/wp-json\/wp\/v2\/media?parent=9456"}],"wp:term":[{"taxonomy":"category","embeddable":true,"href":"https:\/\/www.diocesesaoluis.org.br\/home\/wp-json\/wp\/v2\/categories?post=9456"},{"taxonomy":"post_tag","embeddable":true,"href":"https:\/\/www.diocesesaoluis.org.br\/home\/wp-json\/wp\/v2\/tags?post=9456"}],"curies":[{"name":"wp","href":"https:\/\/api.w.org\/{rel}","templated":true}]}}