{"id":9322,"date":"2020-04-29T22:11:47","date_gmt":"2020-04-30T01:11:47","guid":{"rendered":"http:\/\/www.diocesesaoluis.org.br\/home\/?p=9322"},"modified":"2021-04-29T15:08:59","modified_gmt":"2021-04-29T18:08:59","slug":"pe-joao-mariano-da-silva-netto","status":"publish","type":"post","link":"https:\/\/www.diocesesaoluis.org.br\/home\/2020\/04\/29\/pe-joao-mariano-da-silva-netto\/","title":{"rendered":"PE. JO\u00c3O MARIANO DA SILVA NETTO"},"content":{"rendered":"\n<div class=\"wp-block-media-text alignwide is-stacked-on-mobile\" style=\"grid-template-columns:34% auto\"><figure class=\"wp-block-media-text__media\"><img loading=\"lazy\" decoding=\"async\" width=\"682\" height=\"1024\" src=\"http:\/\/www.diocesesaoluis.org.br\/home\/wp-content\/uploads\/2020\/05\/Padre-Jo\u00e3o-Netto-682x1024.jpg\" alt=\"\" class=\"wp-image-9191\" srcset=\"https:\/\/www.diocesesaoluis.org.br\/home\/wp-content\/uploads\/2020\/05\/Padre-Jo\u00e3o-Netto-682x1024.jpg 682w, https:\/\/www.diocesesaoluis.org.br\/home\/wp-content\/uploads\/2020\/05\/Padre-Jo\u00e3o-Netto-200x300.jpg 200w, https:\/\/www.diocesesaoluis.org.br\/home\/wp-content\/uploads\/2020\/05\/Padre-Jo\u00e3o-Netto-100x150.jpg 100w, https:\/\/www.diocesesaoluis.org.br\/home\/wp-content\/uploads\/2020\/05\/Padre-Jo\u00e3o-Netto-768x1152.jpg 768w, https:\/\/www.diocesesaoluis.org.br\/home\/wp-content\/uploads\/2020\/05\/Padre-Jo\u00e3o-Netto.jpg 853w\" sizes=\"auto, (max-width: 682px) 100vw, 682px\" \/><\/figure><div class=\"wp-block-media-text__content\">\n<p class=\"has-text-align-center\"><strong>FUN\u00c7\u00c3O ATUAL: P\u00e1roco da Par\u00f3quia S\u00e3o Pedro &#8211; Aren\u00f3polis<\/strong><\/p>\n\n\n\n<p>Naturalidade: Firmin\u00f3polis-GO<br>Nascimento: 20\/07<br>Ord. Diaconal: 08\/12\/2018<br>Ord. Sacerdotal: 29\/06\/2019<br>Pai: Humberto <br>M\u00e3e: Luciana Maria<\/p>\n\n\n\n<p><\/p>\n\n\n\n<p class=\"has-large-font-size\"><\/p>\n<\/div><\/div>\n\n\n<div class=\"sc-tabs-wrap\"><ul class=\"sc-tabs\"><li class=\"active\"><a href=\"#\" data-id=\"1\">Forma\u00e7\u00e3o<\/a><\/li><li><a href=\"#\" data-id=\"2\">Minist\u00e9rios<\/a><\/li><li><a href=\"#\" data-id=\"3\">Servi\u00e7os Pastorais<\/a><\/li><\/ul><ul class=\"sc-tabs-panes\"><li id=\"sc-pane-1\" class=\"active\">\n<p>Filosofia<br \/>\nInstitui\u00e7\u00e3o: Instituto de Filosofia e Teologia de Goi\u00e1s &#8211; IFITEG.<\/p>\n<p>Teologia<br \/>\nInstitui\u00e7\u00e3o: PUC-GO<br \/>\n<\/li>\n<li id=\"sc-pane-2\">\nLeitorato: 2016<br \/>\nAcolitato: 2017<br \/>\nDiaconato: 08\/12\/2018<br \/>\nPresbiterato: 29\/06\/2019<br \/>\nPresidente da Celebra\u00e7\u00e3o: Dom Carmelo Scampa<br \/>\nLocal: Firmin\u00f3polis<\/p>\n<\/li>\n<li id=\"sc-pane-3\">\nFun\u00e7\u00e3o: Adm. Paroquial<br \/>\nData: 2019-2020<br \/>\nLocal: Par\u00f3quia Nossa Senhora Aparecida &#8211; Palestina de Goi\u00e1s<\/p>\n<p>Fun\u00e7\u00e3o: P\u00e1roco<br \/>\nData: Desde 2020<br \/>\nLocal: Par\u00f3quia S\u00e3o Pedro &#8211; Aren\u00f3polis<br \/>\n<\/li><\/ul><\/div>\n","protected":false},"excerpt":{"rendered":"<p>FUN\u00c7\u00c3O ATUAL: P\u00e1roco da Par\u00f3quia S\u00e3o Pedro &#8211; Aren\u00f3polis Naturalidade: Firmin\u00f3polis-GONascimento: 20\/07Ord. Diaconal: 08\/12\/2018Ord. Sacerdotal: 29\/06\/2019Pai: Humberto M\u00e3e: Luciana Maria<\/p>\n","protected":false},"author":2,"featured_media":0,"comment_status":"closed","ping_status":"open","sticky":false,"template":"","format":"standard","meta":{"ub_ctt_via":"","footnotes":""},"categories":[3],"tags":[],"class_list":{"0":"post-9322","1":"post","2":"type-post","3":"status-publish","4":"format-standard","6":"category-clero"},"featured_image_src":null,"author_info":{"display_name":false,"author_link":"https:\/\/www.diocesesaoluis.org.br\/home\/author\/lucas\/"},"_links":{"self":[{"href":"https:\/\/www.diocesesaoluis.org.br\/home\/wp-json\/wp\/v2\/posts\/9322","targetHints":{"allow":["GET"]}}],"collection":[{"href":"https:\/\/www.diocesesaoluis.org.br\/home\/wp-json\/wp\/v2\/posts"}],"about":[{"href":"https:\/\/www.diocesesaoluis.org.br\/home\/wp-json\/wp\/v2\/types\/post"}],"author":[{"embeddable":true,"href":"https:\/\/www.diocesesaoluis.org.br\/home\/wp-json\/wp\/v2\/users\/2"}],"replies":[{"embeddable":true,"href":"https:\/\/www.diocesesaoluis.org.br\/home\/wp-json\/wp\/v2\/comments?post=9322"}],"version-history":[{"count":6,"href":"https:\/\/www.diocesesaoluis.org.br\/home\/wp-json\/wp\/v2\/posts\/9322\/revisions"}],"predecessor-version":[{"id":12041,"href":"https:\/\/www.diocesesaoluis.org.br\/home\/wp-json\/wp\/v2\/posts\/9322\/revisions\/12041"}],"wp:attachment":[{"href":"https:\/\/www.diocesesaoluis.org.br\/home\/wp-json\/wp\/v2\/media?parent=9322"}],"wp:term":[{"taxonomy":"category","embeddable":true,"href":"https:\/\/www.diocesesaoluis.org.br\/home\/wp-json\/wp\/v2\/categories?post=9322"},{"taxonomy":"post_tag","embeddable":true,"href":"https:\/\/www.diocesesaoluis.org.br\/home\/wp-json\/wp\/v2\/tags?post=9322"}],"curies":[{"name":"wp","href":"https:\/\/api.w.org\/{rel}","templated":true}]}}