{"id":8951,"date":"2020-05-08T16:35:57","date_gmt":"2020-05-08T19:35:57","guid":{"rendered":"http:\/\/www.diocesesaoluis.org.br\/home\/?p=8951"},"modified":"2020-05-08T16:35:59","modified_gmt":"2020-05-08T19:35:59","slug":"diacono-evilasio-sobrinho-magalhaes","status":"publish","type":"post","link":"https:\/\/www.diocesesaoluis.org.br\/home\/2020\/05\/08\/diacono-evilasio-sobrinho-magalhaes\/","title":{"rendered":"DI\u00c1CONO EVIL\u00c1SIO SOBRINHO MAGALH\u00c3ES"},"content":{"rendered":"<p><img loading=\"lazy\" decoding=\"async\" class=\"size-medium wp-image-8952 alignleft\" src=\"http:\/\/www.diocesesaoluis.org.br\/home\/wp-content\/uploads\/2020\/05\/IMG_20161012_103737675_HDR-1-768x797-1-289x300.jpg\" alt=\"\" width=\"289\" height=\"300\" srcset=\"https:\/\/www.diocesesaoluis.org.br\/home\/wp-content\/uploads\/2020\/05\/IMG_20161012_103737675_HDR-1-768x797-1-289x300.jpg 289w, https:\/\/www.diocesesaoluis.org.br\/home\/wp-content\/uploads\/2020\/05\/IMG_20161012_103737675_HDR-1-768x797-1-145x150.jpg 145w, https:\/\/www.diocesesaoluis.org.br\/home\/wp-content\/uploads\/2020\/05\/IMG_20161012_103737675_HDR-1-768x797-1.jpg 768w\" sizes=\"auto, (max-width: 289px) 100vw, 289px\" \/><\/p>\n<p>Naturalidade: Ipor\u00e1-GO<br \/>\nNascimento: 12\/12<br \/>\nData da Ordena\u00e7\u00e3o: 04\/09\/2016<br \/>\nReside em Ipor\u00e1-GO<\/p>\n","protected":false},"excerpt":{"rendered":"<p>Naturalidade: Ipor\u00e1-GO Nascimento: 12\/12 Data da Ordena\u00e7\u00e3o: 04\/09\/2016 Reside em Ipor\u00e1-GO<\/p>\n","protected":false},"author":1,"featured_media":0,"comment_status":"closed","ping_status":"closed","sticky":false,"template":"","format":"standard","meta":{"ub_ctt_via":"","footnotes":""},"categories":[102],"tags":[195],"class_list":{"0":"post-8951","1":"post","2":"type-post","3":"status-publish","4":"format-standard","6":"category-diaconos-permanentes","7":"tag-diacono-evilasio-sobrinho-magalhaes"},"featured_image_src":null,"author_info":{"display_name":false,"author_link":"https:\/\/www.diocesesaoluis.org.br\/home\/author\/adriano\/"},"_links":{"self":[{"href":"https:\/\/www.diocesesaoluis.org.br\/home\/wp-json\/wp\/v2\/posts\/8951","targetHints":{"allow":["GET"]}}],"collection":[{"href":"https:\/\/www.diocesesaoluis.org.br\/home\/wp-json\/wp\/v2\/posts"}],"about":[{"href":"https:\/\/www.diocesesaoluis.org.br\/home\/wp-json\/wp\/v2\/types\/post"}],"author":[{"embeddable":true,"href":"https:\/\/www.diocesesaoluis.org.br\/home\/wp-json\/wp\/v2\/users\/1"}],"replies":[{"embeddable":true,"href":"https:\/\/www.diocesesaoluis.org.br\/home\/wp-json\/wp\/v2\/comments?post=8951"}],"version-history":[{"count":1,"href":"https:\/\/www.diocesesaoluis.org.br\/home\/wp-json\/wp\/v2\/posts\/8951\/revisions"}],"predecessor-version":[{"id":8953,"href":"https:\/\/www.diocesesaoluis.org.br\/home\/wp-json\/wp\/v2\/posts\/8951\/revisions\/8953"}],"wp:attachment":[{"href":"https:\/\/www.diocesesaoluis.org.br\/home\/wp-json\/wp\/v2\/media?parent=8951"}],"wp:term":[{"taxonomy":"category","embeddable":true,"href":"https:\/\/www.diocesesaoluis.org.br\/home\/wp-json\/wp\/v2\/categories?post=8951"},{"taxonomy":"post_tag","embeddable":true,"href":"https:\/\/www.diocesesaoluis.org.br\/home\/wp-json\/wp\/v2\/tags?post=8951"}],"curies":[{"name":"wp","href":"https:\/\/api.w.org\/{rel}","templated":true}]}}