{"id":8857,"date":"2020-05-07T18:07:35","date_gmt":"2020-05-07T21:07:35","guid":{"rendered":"http:\/\/www.diocesesaoluis.org.br\/home\/?p=8857"},"modified":"2021-04-29T15:14:29","modified_gmt":"2021-04-29T18:14:29","slug":"pe-ozaine-cardoso-vilela","status":"publish","type":"post","link":"https:\/\/www.diocesesaoluis.org.br\/home\/2020\/05\/07\/pe-ozaine-cardoso-vilela\/","title":{"rendered":"PE. OZAINE CARDOSO VILELA"},"content":{"rendered":"<p style=\"text-align: center;\"><strong><img loading=\"lazy\" decoding=\"async\" class=\"wp-image-9176 size-medium alignleft\" src=\"http:\/\/www.diocesesaoluis.org.br\/home\/wp-content\/uploads\/2020\/05\/Padre-Ozaine-300x300.jpg\" alt=\"\" width=\"300\" height=\"300\" srcset=\"https:\/\/www.diocesesaoluis.org.br\/home\/wp-content\/uploads\/2020\/05\/Padre-Ozaine-300x300.jpg 300w, https:\/\/www.diocesesaoluis.org.br\/home\/wp-content\/uploads\/2020\/05\/Padre-Ozaine-1024x1022.jpg 1024w, https:\/\/www.diocesesaoluis.org.br\/home\/wp-content\/uploads\/2020\/05\/Padre-Ozaine-150x150.jpg 150w, https:\/\/www.diocesesaoluis.org.br\/home\/wp-content\/uploads\/2020\/05\/Padre-Ozaine-768x767.jpg 768w, https:\/\/www.diocesesaoluis.org.br\/home\/wp-content\/uploads\/2020\/05\/Padre-Ozaine.jpg 1280w\" sizes=\"auto, (max-width: 300px) 100vw, 300px\" \/>FUN\u00c7\u00c3O ATUAL: Vig\u00e1rio Geral e p\u00e1roco da <\/strong><strong>Par\u00f3quia Catedral S\u00e3o Lu\u00eds Gonzaga\u00a0<\/strong><\/p>\n<p>Naturalidade: Doverl\u00e2ndia-GO<br \/>Nascimento: 24\/12<br \/>Ord. Diaconal: 13\/12\/2008<br \/>Ord. Sacerdotal: 27\/06\/2009<br \/>Pai: Joaquim<br \/>M\u00e3e: Ana<\/p>\n\n<div class=\"sc-tabs-wrap\"><ul class=\"sc-tabs\"><li class=\"active\"><a href=\"#\" data-id=\"1\">Forma\u00e7\u00e3o<\/a><\/li><li><a href=\"#\" data-id=\"2\">Minist\u00e9rios<\/a><\/li><li><a href=\"#\" data-id=\"3\">Servi\u00e7os Pastorais<\/a><\/li><\/ul><ul class=\"sc-tabs-panes\"><li id=\"sc-pane-1\" class=\"active\">\n<p>Filosofia<br \/>\nInstitui\u00e7\u00e3o: Instituto Dom Jaime Collins<\/p>\n<p>Teologia<br \/>\nInstitui\u00e7\u00e3o: Instituto Santa Cruz<br \/>\n<\/li>\n<li id=\"sc-pane-2\">\nLeitorato:<br \/>\nAcolitato:<br \/>\nDiaconato: 13\/12\/2008<br \/>\nPresbiterato: 27\/06\/2009<br \/>\nPresidente da Celebra\u00e7\u00e3o: Dom Carmelo Scampa<br \/>\nLocal: Doverl\u00e2ndia<\/p>\n<\/li>\n<li id=\"sc-pane-3\">\nFun\u00e7\u00e3o: Formador<br \/>\nData: 2009-2010<br \/>\nLocal: Semin\u00e1rio Maior S\u00e3o Luiz Gonzaga<\/p>\n<p>Fun\u00e7\u00e3o: Vig\u00e1rio paroquial<br \/>\nData: 2010-2011<br \/>\nLocal: Par\u00f3quia Divino Esp\u00edrito Santo &#8211; Caiap\u00f4nia<\/p>\n<p>Fun\u00e7\u00e3o: Vig\u00e1rio paroquial<br \/>\nData: 2010-2011<br \/>\nLocal: Par\u00f3quia S\u00e3o Miguel Arcanjo e Senhor Bom Jesus &#8211; Doverl\u00e2ndia<\/p>\n<p>Fun\u00e7\u00e3o: Vig\u00e1rio paroquial<br \/>\nData: 2010-2011<br \/>\nLocal: Par\u00f3quia Nossa Senhora Aparecida &#8211; Palestina de Goi\u00e1s<\/p>\n<p>Fun\u00e7\u00e3o: P\u00e1roco<br \/>\nData: 2011-2019<br \/>\nLocal: Par\u00f3quia Nossa Senhora da Guia &#8211; Firmin\u00f3polis<\/p>\n<p>Fun\u00e7\u00e3o: P\u00e1roco<br \/>\nData: 2019-2020<br \/>\nLocal: Par\u00f3quia Jesus Bom Pastor &#8211; Indiara<\/p>\n<p>Fun\u00e7\u00e3o: P\u00e1roco<br \/>\nData: Desde 2021<br \/>\nLocal: Par\u00f3quia Catedral S\u00e3o Lu\u00eds Gonzaga<br \/>\n<\/li><\/ul><\/div>\n","protected":false},"excerpt":{"rendered":"<p>FUN\u00c7\u00c3O ATUAL: Vig\u00e1rio Geral e p\u00e1roco da Par\u00f3quia Catedral S\u00e3o Lu\u00eds Gonzaga\u00a0 Naturalidade: Doverl\u00e2ndia-GONascimento: 24\/12Ord. Diaconal: 13\/12\/2008Ord. Sacerdotal: 27\/06\/2009Pai: JoaquimM\u00e3e: Ana<\/p>\n","protected":false},"author":1,"featured_media":0,"comment_status":"closed","ping_status":"closed","sticky":false,"template":"","format":"standard","meta":{"ub_ctt_via":"","footnotes":""},"categories":[3],"tags":[170],"class_list":{"0":"post-8857","1":"post","2":"type-post","3":"status-publish","4":"format-standard","6":"category-clero","7":"tag-pe-ozaine-cardoso-vilela"},"featured_image_src":null,"author_info":{"display_name":false,"author_link":"https:\/\/www.diocesesaoluis.org.br\/home\/author\/adriano\/"},"_links":{"self":[{"href":"https:\/\/www.diocesesaoluis.org.br\/home\/wp-json\/wp\/v2\/posts\/8857","targetHints":{"allow":["GET"]}}],"collection":[{"href":"https:\/\/www.diocesesaoluis.org.br\/home\/wp-json\/wp\/v2\/posts"}],"about":[{"href":"https:\/\/www.diocesesaoluis.org.br\/home\/wp-json\/wp\/v2\/types\/post"}],"author":[{"embeddable":true,"href":"https:\/\/www.diocesesaoluis.org.br\/home\/wp-json\/wp\/v2\/users\/1"}],"replies":[{"embeddable":true,"href":"https:\/\/www.diocesesaoluis.org.br\/home\/wp-json\/wp\/v2\/comments?post=8857"}],"version-history":[{"count":12,"href":"https:\/\/www.diocesesaoluis.org.br\/home\/wp-json\/wp\/v2\/posts\/8857\/revisions"}],"predecessor-version":[{"id":12051,"href":"https:\/\/www.diocesesaoluis.org.br\/home\/wp-json\/wp\/v2\/posts\/8857\/revisions\/12051"}],"wp:attachment":[{"href":"https:\/\/www.diocesesaoluis.org.br\/home\/wp-json\/wp\/v2\/media?parent=8857"}],"wp:term":[{"taxonomy":"category","embeddable":true,"href":"https:\/\/www.diocesesaoluis.org.br\/home\/wp-json\/wp\/v2\/categories?post=8857"},{"taxonomy":"post_tag","embeddable":true,"href":"https:\/\/www.diocesesaoluis.org.br\/home\/wp-json\/wp\/v2\/tags?post=8857"}],"curies":[{"name":"wp","href":"https:\/\/api.w.org\/{rel}","templated":true}]}}