{"id":8482,"date":"2020-05-01T09:45:01","date_gmt":"2020-05-01T12:45:01","guid":{"rendered":"http:\/\/www.diocesesaoluis.org.br\/home\/?p=8482"},"modified":"2024-08-29T23:01:20","modified_gmt":"2024-08-30T02:01:20","slug":"economo","status":"publish","type":"post","link":"https:\/\/www.diocesesaoluis.org.br\/home\/2020\/05\/01\/economo\/","title":{"rendered":"Ec\u00f4nomo"},"content":{"rendered":"<h3 style=\"text-align: center;\"><strong><img loading=\"lazy\" decoding=\"async\" class=\"wp-image-15627 size-medium aligncenter\" src=\"https:\/\/www.diocesesaoluis.org.br\/home\/wp-content\/uploads\/2023\/01\/IMG-20230124-WA0014-300x300.jpg\" alt=\"\" width=\"300\" height=\"300\" srcset=\"https:\/\/www.diocesesaoluis.org.br\/home\/wp-content\/uploads\/2023\/01\/IMG-20230124-WA0014-300x300.jpg 300w, https:\/\/www.diocesesaoluis.org.br\/home\/wp-content\/uploads\/2023\/01\/IMG-20230124-WA0014-1024x1024.jpg 1024w, https:\/\/www.diocesesaoluis.org.br\/home\/wp-content\/uploads\/2023\/01\/IMG-20230124-WA0014-150x150.jpg 150w, https:\/\/www.diocesesaoluis.org.br\/home\/wp-content\/uploads\/2023\/01\/IMG-20230124-WA0014.jpg 1440w\" sizes=\"auto, (max-width: 300px) 100vw, 300px\" \/><\/strong><\/h3>\n<p style=\"text-align: center;\"><strong>Pe. Wallison Rodrigues da Silva<br \/><\/strong>Ec\u00f4nomo da Diocese<\/p>\n\n\n<hr class=\"wp-block-separator has-css-opacity is-style-wide\"\/>\n\n\n\n<p><strong>Conselho Fiscal<\/strong><br>Lidiane Rodrigues de Oliveira<br>Dainer Domingues Louren\u00e7o Pereira<br>Cl\u00e9ber J\u00fanior Rodrigues Monteiro<\/p>\n\n\n\n<p><\/p>\n","protected":false},"excerpt":{"rendered":"<p>Pe. Wallison Rodrigues da SilvaEc\u00f4nomo da Diocese Conselho FiscalLidiane Rodrigues de OliveiraDainer Domingues Louren\u00e7o PereiraCl\u00e9ber J\u00fanior Rodrigues Monteiro<\/p>\n","protected":false},"author":1,"featured_media":0,"comment_status":"closed","ping_status":"open","sticky":false,"template":"","format":"standard","meta":{"ub_ctt_via":"","footnotes":""},"categories":[120],"tags":[],"class_list":{"0":"post-8482","1":"post","2":"type-post","3":"status-publish","4":"format-standard","6":"category-governo"},"featured_image_src":null,"author_info":{"display_name":false,"author_link":"https:\/\/www.diocesesaoluis.org.br\/home\/author\/adriano\/"},"_links":{"self":[{"href":"https:\/\/www.diocesesaoluis.org.br\/home\/wp-json\/wp\/v2\/posts\/8482","targetHints":{"allow":["GET"]}}],"collection":[{"href":"https:\/\/www.diocesesaoluis.org.br\/home\/wp-json\/wp\/v2\/posts"}],"about":[{"href":"https:\/\/www.diocesesaoluis.org.br\/home\/wp-json\/wp\/v2\/types\/post"}],"author":[{"embeddable":true,"href":"https:\/\/www.diocesesaoluis.org.br\/home\/wp-json\/wp\/v2\/users\/1"}],"replies":[{"embeddable":true,"href":"https:\/\/www.diocesesaoluis.org.br\/home\/wp-json\/wp\/v2\/comments?post=8482"}],"version-history":[{"count":18,"href":"https:\/\/www.diocesesaoluis.org.br\/home\/wp-json\/wp\/v2\/posts\/8482\/revisions"}],"predecessor-version":[{"id":17977,"href":"https:\/\/www.diocesesaoluis.org.br\/home\/wp-json\/wp\/v2\/posts\/8482\/revisions\/17977"}],"wp:attachment":[{"href":"https:\/\/www.diocesesaoluis.org.br\/home\/wp-json\/wp\/v2\/media?parent=8482"}],"wp:term":[{"taxonomy":"category","embeddable":true,"href":"https:\/\/www.diocesesaoluis.org.br\/home\/wp-json\/wp\/v2\/categories?post=8482"},{"taxonomy":"post_tag","embeddable":true,"href":"https:\/\/www.diocesesaoluis.org.br\/home\/wp-json\/wp\/v2\/tags?post=8482"}],"curies":[{"name":"wp","href":"https:\/\/api.w.org\/{rel}","templated":true}]}}