{"id":8478,"date":"2020-05-01T09:43:45","date_gmt":"2020-05-01T12:43:45","guid":{"rendered":"http:\/\/www.diocesesaoluis.org.br\/home\/?p=8478"},"modified":"2021-03-06T16:27:09","modified_gmt":"2021-03-06T19:27:09","slug":"vigario-geral","status":"publish","type":"post","link":"https:\/\/www.diocesesaoluis.org.br\/home\/2020\/05\/01\/vigario-geral\/","title":{"rendered":"Vig\u00e1rio Geral"},"content":{"rendered":"<p style=\"text-align: left;\"><img loading=\"lazy\" decoding=\"async\" class=\"wp-image-9203 size-medium alignleft\" src=\"https:\/\/www.diocesesaoluis.org.br\/home\/wp-content\/uploads\/2020\/05\/Padre-Ozaine-1-300x300.jpg\" alt=\"\" width=\"300\" height=\"300\" srcset=\"https:\/\/www.diocesesaoluis.org.br\/home\/wp-content\/uploads\/2020\/05\/Padre-Ozaine-1-300x300.jpg 300w, https:\/\/www.diocesesaoluis.org.br\/home\/wp-content\/uploads\/2020\/05\/Padre-Ozaine-1-1024x1022.jpg 1024w, https:\/\/www.diocesesaoluis.org.br\/home\/wp-content\/uploads\/2020\/05\/Padre-Ozaine-1-150x150.jpg 150w, https:\/\/www.diocesesaoluis.org.br\/home\/wp-content\/uploads\/2020\/05\/Padre-Ozaine-1-768x767.jpg 768w, https:\/\/www.diocesesaoluis.org.br\/home\/wp-content\/uploads\/2020\/05\/Padre-Ozaine-1.jpg 1280w\" sizes=\"auto, (max-width: 300px) 100vw, 300px\" \/><strong><\/p>\n<p>PE. OZAINE CARDOSO VILELA<\/p>\n<p><\/strong>Vig\u00e1rio Geral da Diocese<br \/>\nP\u00e1roco da Par\u00f3quia Catedral S\u00e3o Lu\u00eds Gonzaga<br \/>\n<strong>Nascimento:<\/strong> 24\/12\/1977<br \/>\n<strong>Ord. Sacerdotal:<\/strong> 27\/06\/2009<br \/>\n<strong>E-mail: <\/strong>semiozai@hotmail.com<\/p>\n<p style=\"text-align: left;\">\n","protected":false},"excerpt":{"rendered":"<p>PE. OZAINE CARDOSO VILELA Vig\u00e1rio Geral da Diocese P\u00e1roco da Par\u00f3quia Catedral S\u00e3o Lu\u00eds Gonzaga Nascimento: 24\/12\/1977 Ord. Sacerdotal: 27\/06\/2009 E-mail: semiozai@hotmail.com<\/p>\n","protected":false},"author":1,"featured_media":0,"comment_status":"closed","ping_status":"open","sticky":false,"template":"","format":"standard","meta":{"ub_ctt_via":"","footnotes":""},"categories":[120],"tags":[],"class_list":{"0":"post-8478","1":"post","2":"type-post","3":"status-publish","4":"format-standard","6":"category-governo"},"featured_image_src":null,"author_info":{"display_name":false,"author_link":"https:\/\/www.diocesesaoluis.org.br\/home\/author\/adriano\/"},"_links":{"self":[{"href":"https:\/\/www.diocesesaoluis.org.br\/home\/wp-json\/wp\/v2\/posts\/8478","targetHints":{"allow":["GET"]}}],"collection":[{"href":"https:\/\/www.diocesesaoluis.org.br\/home\/wp-json\/wp\/v2\/posts"}],"about":[{"href":"https:\/\/www.diocesesaoluis.org.br\/home\/wp-json\/wp\/v2\/types\/post"}],"author":[{"embeddable":true,"href":"https:\/\/www.diocesesaoluis.org.br\/home\/wp-json\/wp\/v2\/users\/1"}],"replies":[{"embeddable":true,"href":"https:\/\/www.diocesesaoluis.org.br\/home\/wp-json\/wp\/v2\/comments?post=8478"}],"version-history":[{"count":5,"href":"https:\/\/www.diocesesaoluis.org.br\/home\/wp-json\/wp\/v2\/posts\/8478\/revisions"}],"predecessor-version":[{"id":11598,"href":"https:\/\/www.diocesesaoluis.org.br\/home\/wp-json\/wp\/v2\/posts\/8478\/revisions\/11598"}],"wp:attachment":[{"href":"https:\/\/www.diocesesaoluis.org.br\/home\/wp-json\/wp\/v2\/media?parent=8478"}],"wp:term":[{"taxonomy":"category","embeddable":true,"href":"https:\/\/www.diocesesaoluis.org.br\/home\/wp-json\/wp\/v2\/categories?post=8478"},{"taxonomy":"post_tag","embeddable":true,"href":"https:\/\/www.diocesesaoluis.org.br\/home\/wp-json\/wp\/v2\/tags?post=8478"}],"curies":[{"name":"wp","href":"https:\/\/api.w.org\/{rel}","templated":true}]}}