{"id":8254,"date":"2020-04-29T17:12:33","date_gmt":"2020-04-29T20:12:33","guid":{"rendered":"http:\/\/www.diocesesaoluis.org.br\/home\/?p=8254"},"modified":"2020-05-09T12:56:04","modified_gmt":"2020-05-09T15:56:04","slug":"pastorais-e-movimentos","status":"publish","type":"post","link":"https:\/\/www.diocesesaoluis.org.br\/home\/2020\/04\/29\/pastorais-e-movimentos\/","title":{"rendered":"PASTORAIS E MOVIMENTOS"},"content":{"rendered":"<p>PASTORAL CATEQU\u00c9TICA<br \/>\nCoord. Diocesana: Irm\u00e3 Celia Leite de Resende<br \/>\nRegi\u00e3o I: Meire Lucia dos S. Oliveira \u2013 Doverl\u00e2ndia<br \/>\nRegi\u00e3o II: Maria Aparecida Lopes \u2013 Ipor\u00e1<br \/>\nRegi\u00e3o III: Erilda Pereira Alves \u2013 S\u00e3o Lu\u00eds<br \/>\nRegi\u00e3o IV: Keila Carla Pacheco \u2013 Claudin\u00e1polis<br \/>\nRegi\u00e3o V: Bernadete Marques Almeida \u2013 Indiara<\/p>\n<p>&nbsp;<\/p>\n<p>PASTORAL VOCACIONAL<br \/>\nCoor. Diocesano: Pe. Joaquim Gon\u00e7alves de Morais<br \/>\nPe. Gibrail Walendorff<br \/>\nSeminarista Paulo Henrique Carrijo Silva<br \/>\nRegi\u00e3o I: Pe. Manoel Rejane Viana<br \/>\nRegi\u00e3o II: Pe. Francisco Erivan Sousa da Silva, MPS<br \/>\nRegi\u00e3o III: Pe. Ozaine Cardoso Vilela<br \/>\nRegi\u00e3o IV: Irm\u00e3 Celia Leite<br \/>\nRegi\u00e3o V: Pe. Newton Oliveira<\/p>\n<p>&nbsp;<\/p>\n<p>PASTORAL FAMILIAR<br \/>\nAssessor: Pe. Fernando Rosa dos Santos<br \/>\nCoordenador: Clarimundo Afonso de Sousa<br \/>\nCoordenadora: Maria Jos\u00e9 Pereira de Sousa<\/p>\n<p>&nbsp;<\/p>\n<p>PASTORAL DO D\u00cdZIMO<br \/>\nCoordenador: Pe. Jos\u00e9 Moreira<\/p>\n<p>&nbsp;<\/p>\n<p>PASTORAL DA CRIAN\u00c7A<br \/>\nCoord. Diocesana: Irm\u00e3 Joana D\u2019arc Dias da Silva<br \/>\nEq. \u00c1rea I: Maria Aparecida Neves da Silva (Doverl\u00e2ndia)<br \/>\n\u00c1rea II: Di\u00e1c. Djalma Joaquim Ant\u00f4nio Ferreira<br \/>\n\u00c1rea III:<br \/>\n\u00c1rea IV: Ana Paula Alves Machado (Anicuns)<br \/>\n\u00c1rea V: Vanubia Maria Mendes de Souza (Indiara)<\/p>\n<p>&nbsp;<\/p>\n<p>CONSELHO ECON\u00d4MICO DA PASTORAL DA CRIAN\u00c7A<br \/>\nAparecida Helena Daniel<br \/>\nMaria Tereza Nogueira<br \/>\nMaria Salvina Ferreira<\/p>\n<p>&nbsp;<\/p>\n<p>PASTORAL DA TERRA<br \/>\nCoordenador: Lindomar Neres da Silva<br \/>\nEquipe:<br \/>\nAlberto Alves (S\u00e3o Lu\u00eds de Montes Belos)<br \/>\nAdevaldo Alves de Jesus (Ipor\u00e1)<br \/>\nEloio Francisco da Silva (P.A Canudos\/ munic\u00edpio de Palmeiras)<br \/>\nErnesto Tim\u00f3teo da Silva (P.A. Campo do Formoso \/ munic\u00edpio de Bom Jardim),<br \/>\nMicaela Rodrigues (P.A Morrinhos \/ munic\u00edpio de Caiap\u00f4nia)<br \/>\nLu\u00eds Roberto da Rocha (Piranhas)<br \/>\nIr. Dirlene da Gloria Rodrigues (S\u00e3o Lu\u00eds de Montes Belos)<br \/>\nGeraldo Lopes (Goi\u00e2nia)<\/p>\n<p>&nbsp;<\/p>\n<p>PASTORAL LIT\u00daRGICA<br \/>\nCoordenadora: Jeane Carla Flauzina da Silva<br \/>\nAssessor: Pe. Jos\u00e9 Moreira de Souza<br \/>\nEquipe:<br \/>\nErta Barbosa de Souza<br \/>\nEdmilton Jos\u00e9 de Lima<br \/>\nRosangela da Silva Paiva Gomes<br \/>\nMaria do Carmo Silva<br \/>\nRespons\u00e1vel Canto Lit\u00fargico: Pe. Marcio Jean da Silva<\/p>\n<p>&nbsp;<\/p>\n<p>SETOR DIOCESANO DA JUVENTUDE<br \/>\nAssessor: Pe. Josimar Jos\u00e9 dos Santos<br \/>\nJocimar Rodrigues (Regi\u00e3o I)<br \/>\nVin\u00edcius Jos\u00e9 Costa (Regi\u00e3o I)<br \/>\nDiego Batista Pereira Silva (Regi\u00e3o II)<br \/>\nDaniel Henrique da Silva (Regi\u00e3o III)<br \/>\nPaulo Henrique Luiz Veloso (Regi\u00e3o III)<br \/>\nLu\u00eds Fernando Mota Stival (Regi\u00e3o IV)<br \/>\nNilson Pereira de Souza Filho (Regi\u00e3o IV)<br \/>\nLindolfo Ant\u00f4nio (Regi\u00e3o V)<br \/>\nGl\u00eanio Martins de Freitas (Regi\u00e3o V)<\/p>\n<p>Representa\u00e7\u00e3o de Movimentos<br \/>\nMANNAIM: Aline Moreira<br \/>\nRCC: M\u00f4nica Bontempo dos Reis<br \/>\nCURSILHO: Ana Paula da Silva Pinto<br \/>\nEquipe de Apoio<br \/>\nF Celso Pereira do Vale<br \/>\nF Silvio Moitinha Marques<\/p>\n<p>&nbsp;<\/p>\n<p>PASTORAL DA COMUNICA\u00c7\u00c3O E SITE DA DIOCESE<br \/>\nDi\u00e1cono Carlos Alberto da Silva<br \/>\nSeminaristas: J\u00e2nio Carlos Borges Dutra e Neilton Mendes<\/p>\n<p>&nbsp;<\/p>\n<p>PASTORAL DA SOBRIEDADE<br \/>\nAssessor: Ir. Ana Petronilha de Sousa, Daniel Henrique, Lucielena Gomes da Silva Ribeiro,<br \/>\nMaria do Carmo Silva, Tha\u00eds Gomes<\/p>\n<p>&nbsp;<\/p>\n<p>PASTORAL CARCER\u00c1RIA<br \/>\nCoordenador: Joaquim Ant\u00f4nio Monteiro<\/p>\n<p>&nbsp;<\/p>\n<p>MOVIMENTO CURSILHO DE CRISTANDADE<br \/>\nAssessor: Pe. Ozaine Cardoso Vilela<br \/>\nCoordenador: Tiago Pereira Gon\u00e7alves e Deisy Gomes de Souza<\/p>\n<p>&nbsp;<\/p>\n<p>RENOVA\u00c7\u00c3O CARISM\u00c1TICA CAT\u00d3LICA<br \/>\nAssessor: Di\u00e1c. Carlos Alberto Silva<br \/>\nCoordenador: Sr. Heraldo Teot\u00f4nio da Silva<\/p>\n<p>&nbsp;<\/p>\n<p>INF\u00c2NCIA, ADOLESC\u00caNCIA E JUVENTUDE MISSION\u00c1RIA<br \/>\nAssessor: Pe. Carlos Arantes Gouv\u00eaa<\/p>\n<p>&nbsp;<\/p>\n<p>COMIDE<br \/>\nDiretor: Pe. Augusto Manoel de Lira<br \/>\nPe. Carlos Arantes Gouv\u00eaa, Inf. Mission\u00e1ria<br \/>\nPe. Joaquim Gon\u00e7alves de Morais<br \/>\nPe. Mariosan de Sousa Marques<br \/>\nEloisa Silveira do Amaral, Mission\u00e1ria leiga da Diocese de Os\u00f3rio<br \/>\nRenato Ferreira<\/p>\n<p>&nbsp;<\/p>\n<p>ESCOLA B\u00cdBLICA DIOCESANA<br \/>\nAssessores Diocesanos: Pe. Mariosan de Sousa Marques e Pe. Dionivaldo Rosa Pires<br \/>\nCoord. Diocesano: Pe. Gibrail Walendorff<\/p>\n<p>&nbsp;<\/p>\n<p>ESCOLAS B\u00cdBLICAS REGIONAIS<br \/>\nCoord. Regi\u00e3o I: Di\u00e1c. Welinton Elias<br \/>\nCoord. Regi\u00e3o II: Pe. Mauricio Monte da Silva<br \/>\nCoord. Regi\u00e3o III: Pe. Paulo Ricardo M. Vivaldo<br \/>\nCoord. Regi\u00e3o IV: Pe. Joaquim Gon\u00e7alves de Morais<br \/>\nCoord. Regi\u00e3o V: Pe. Dionivaldo Rosa Pires<\/p>\n<p>&nbsp;<\/p>\n<p>ESCOLA TEOLOGIA PARA LEIGOS<br \/>\nPe. Mariosan de Sousa Marques<br \/>\nPe. Dionivaldo Rosa Pires<br \/>\nPe. Jos\u00e9 Moreira de Souza<br \/>\nPe. Daniel da Costa Ata\u00eddes<\/p>\n<p>&nbsp;<\/p>\n<p>APOSTOLADO DA ORA\u00c7\u00c3O<br \/>\nCoordena\u00e7\u00e3o: Pe. Carlos Roberto Nogueira<\/p>\n<p>&nbsp;<\/p>\n<p>ENCONTRO DE CASAIS COM CRISTO<br \/>\nA ser organizado<\/p>\n<p>&nbsp;<\/p>\n<p>VICENTINOS<br \/>\nAssessor: Di\u00e1cono Jos\u00e9 Eust\u00e1quio<\/p>\n<p>&nbsp;<\/p>\n<p>PASTORAL DA PESSOA IDOSA<br \/>\nCoordenadora: Sra. Regina de F\u00e1tima Lima<\/p>\n<p>&nbsp;<\/p>\n<p>PASTORAL DO BATISMO<br \/>\nA escolher<\/p>\n<p>PASTORAL UNIVERSIT\u00c1RIA<br \/>\nA escolher<\/p>\n<p>LEGI\u00c3O DE MARIA<br \/>\nPe. M\u00e1rcio Jean da Silva<\/p>\n<p>CAMPANHA DA FRATERNIDADE<br \/>\nMaria L\u00facia Roque<\/p>\n<p>PASTORAL DA ESPERAN\u00c7A<br \/>\nIrm\u00e3 Celeste Gomes da Silva<\/p>\n","protected":false},"excerpt":{"rendered":"<p>PASTORAL CATEQU\u00c9TICA Coord. Diocesana: Irm\u00e3 Celia Leite de Resende Regi\u00e3o I: Meire Lucia dos S. Oliveira \u2013 Doverl\u00e2ndia Regi\u00e3o II: Maria Aparecida Lopes \u2013 Ipor\u00e1 Regi\u00e3o III: Erilda Pereira Alves \u2013 S\u00e3o Lu\u00eds Regi\u00e3o IV: Keila Carla Pacheco \u2013 Claudin\u00e1polis Regi\u00e3o V: Bernadete Marques Almeida \u2013 Indiara &nbsp; PASTORAL VOCACIONAL Coor. Diocesano: Pe. Joaquim Gon\u00e7alves<span class=\"read-more arrow\"><a href=\"https:\/\/www.diocesesaoluis.org.br\/home\/2020\/04\/29\/pastorais-e-movimentos\/\" title=\"Read More\">&rarr;<\/a><\/span><\/p>\n","protected":false},"author":1,"featured_media":0,"comment_status":"closed","ping_status":"open","sticky":false,"template":"","format":"standard","meta":{"ub_ctt_via":"","footnotes":""},"categories":[7],"tags":[],"class_list":{"0":"post-8254","1":"post","2":"type-post","3":"status-publish","4":"format-standard","6":"category-institucional"},"featured_image_src":null,"author_info":{"display_name":false,"author_link":"https:\/\/www.diocesesaoluis.org.br\/home\/author\/adriano\/"},"_links":{"self":[{"href":"https:\/\/www.diocesesaoluis.org.br\/home\/wp-json\/wp\/v2\/posts\/8254","targetHints":{"allow":["GET"]}}],"collection":[{"href":"https:\/\/www.diocesesaoluis.org.br\/home\/wp-json\/wp\/v2\/posts"}],"about":[{"href":"https:\/\/www.diocesesaoluis.org.br\/home\/wp-json\/wp\/v2\/types\/post"}],"author":[{"embeddable":true,"href":"https:\/\/www.diocesesaoluis.org.br\/home\/wp-json\/wp\/v2\/users\/1"}],"replies":[{"embeddable":true,"href":"https:\/\/www.diocesesaoluis.org.br\/home\/wp-json\/wp\/v2\/comments?post=8254"}],"version-history":[{"count":1,"href":"https:\/\/www.diocesesaoluis.org.br\/home\/wp-json\/wp\/v2\/posts\/8254\/revisions"}],"predecessor-version":[{"id":8255,"href":"https:\/\/www.diocesesaoluis.org.br\/home\/wp-json\/wp\/v2\/posts\/8254\/revisions\/8255"}],"wp:attachment":[{"href":"https:\/\/www.diocesesaoluis.org.br\/home\/wp-json\/wp\/v2\/media?parent=8254"}],"wp:term":[{"taxonomy":"category","embeddable":true,"href":"https:\/\/www.diocesesaoluis.org.br\/home\/wp-json\/wp\/v2\/categories?post=8254"},{"taxonomy":"post_tag","embeddable":true,"href":"https:\/\/www.diocesesaoluis.org.br\/home\/wp-json\/wp\/v2\/tags?post=8254"}],"curies":[{"name":"wp","href":"https:\/\/api.w.org\/{rel}","templated":true}]}}