{"id":8235,"date":"2020-04-29T16:28:23","date_gmt":"2020-04-29T19:28:23","guid":{"rendered":"http:\/\/www.diocesesaoluis.org.br\/home\/?p=8235"},"modified":"2020-04-30T17:16:14","modified_gmt":"2020-04-30T20:16:14","slug":"organizacao-pastoral-e-administrativa","status":"publish","type":"post","link":"https:\/\/www.diocesesaoluis.org.br\/home\/2020\/04\/29\/organizacao-pastoral-e-administrativa\/","title":{"rendered":"Organiza\u00e7\u00e3o Pastoral e Administrativa"},"content":{"rendered":"<p>C\u00daRIA DIOCESANA<br \/>\nPra\u00e7a Dom Stanislau van Mellis \u2013 Centro \u2013 Caixa Postal 02<br \/>\n76.100-000 \u2013 S\u00e3o Lu\u00eds de Montes Belos-GO<br \/>\nTel.: (64) 3671-1690<br \/>\nFax: (64) 3671-1752<br \/>\nEmail: secretariacuria.slmb@hotmail.com<br \/>\nSecret\u00e1rio: Glauber Roberto da Silva<\/p>\n<p>Administrador Diocesano: Dom Carmelo Scampa<br \/>\nPra\u00e7a Dom Stanislau van Mellis \u2013 Centro \u2013 Caixa Postal 02<br \/>\n76.100-000- S\u00e3o Lu\u00eds de Montes Belos-GO<br \/>\nTel.: (64) 3671-1690 \/((064) 3671-4491 particular) e (64)3671-1752<br \/>\nFax: (64) 3671-1538<br \/>\nCelular: (64) 8126-3039<br \/>\nEmail: domcarmelo10@gmail.com<\/p>\n<p>Vig\u00e1rio Geral: Pe. Joaquim Gon\u00e7alves de Morais<br \/>\nAlameda B, N\u00ba 112, Ch\u00e1cara S\u00e3o Pedro \u2013 Setor Santa Luzia<br \/>\nCEP: 74923-180 \u2013 Aparecida de Goi\u00e2nia-GO<br \/>\nTel.: (62) 3242-3402<\/p>\n<p>Chanceler da C\u00faria: Pe. Mariosan de Sousa Marques<br \/>\nEc\u00f4nomo: Di\u00e1cono Carlos Alberto Silva<br \/>\nConselho Econ\u00f4mico<br \/>\nDom Carmelo Scampa<br \/>\nDi\u00e1c. Carlos Alberto Silva<br \/>\nSr. Jos\u00e9 Juv\u00eancio Neto (Zez\u00e9)<br \/>\nSr. Manoel Pereira da Rocha Neto (Rochinha)<br \/>\n(O Conselho est\u00e1 em fase de estrutura\u00e7\u00e3o)<\/p>\n<p>Fundo Diocesano de Carros<br \/>\nPresidente: Dom Carmelo Scampa<br \/>\nCoordenador e tesoureiro: Pe. Joaquim Gon\u00e7alves de Morais<br \/>\nRep. dos Religiosos\/as: Ir. Dirlene Gl\u00f3ria Rodrigues<br \/>\nMembro Di\u00e1cono Carlos Alberto Silva<br \/>\nCompra\/ Troca: Washington Andr\u00e9 dos Reis<\/p>\n<p>&nbsp;<\/p>\n<p>Col\u00e9gio de Consultores:<br \/>\n1. Pe. Joaquim Gon\u00e7alves de Morais<br \/>\n2. Pe. Jos\u00e9 Moreira de Souza<br \/>\n3. Pe. Daniel da Costa Ata\u00eddes<br \/>\n4. Pe. Weslei Pereira de Sousa, CP<br \/>\n5. Pe. Iran Rodrigo Sousa de Oliveira<br \/>\n6. Pe. M\u00e1rcio Jean da Silva<\/p>\n<p>CONSELHO PRESBITERAL:<br \/>\nMembros de Direito:<br \/>\n1. Pe. Joaquim Gon\u00e7alves de Morais<br \/>\n2. Pe. Jos\u00e9 Moreira de Souza<br \/>\nMembros eleitos pelos Presb\u00edteros<br \/>\n3. Pe. Carlos Arantes de Gouv\u00eaa<br \/>\n4. Pe. Daniel da Costa Ata\u00eddes<br \/>\n5. Pe. Ozaine Cardozo Vilela<br \/>\n6. Pe. Fernando Rosa dos Santos<br \/>\n7. Pe. Weslei Pereira de Sousa<br \/>\n8. Pe. Gibrail Walendorff<\/p>\n<p>Membros nomeados pelo Bispo<br \/>\n9. Pe. Iran Rodrigo Sousa de Oliveira<br \/>\n10. Pe. Marcio Jean da Silva<\/p>\n<p>Conselho Diocesano de Pastoral: (CODIPA)<br \/>\nDom Carmelo Scampa: Bispo Diocesano<br \/>\nPe. Joaquim Gon\u00e7alves de Morais: Vig\u00e1rio Geral \u2013 Reitor Semin\u00e1rio Maior.<br \/>\nPe. Jos\u00e9 Moreira de Souza: Coord. Pastoral<br \/>\nDi\u00e1cono Carlos Alberto: Coord. R\u00e1dios e Ec\u00f4nomo<br \/>\nSrta. Geane Carla Flauzina: Coordenadora de Liturgia<br \/>\nPe. Carlos Arantes de Gouv\u00eaa: Inf. Juventude Mission\u00e1ria<br \/>\nPe. Josimar Jos\u00e9 dos Santos \u2013 Assessor Setor Diocesano Juventude<br \/>\nClarimundo Afonso e Maria Jos\u00e9 Pereira de Souza: Coord. Pastoral Familiar<br \/>\nIr. Joana D\u00e1rc Dias da Silva: Coord. Pastoral da Crian\u00e7a<br \/>\nIr. Deolanda Rachadel: Coord. das Religiosas.<br \/>\nIr. Celia Leite de Resende: Coord. Diocesana da Catequese<br \/>\nSra. Regina de F\u00e1tima Lima: Coord. da Pastoral da Pessoa Idosa<br \/>\nTiago Pereira Gon\u00e7alves e Deisy Gomes de Souza: Coord. do Cursilho<br \/>\nHeraldo Teotonio da Silva: Coord. RCC<br \/>\nIr. Dirlene da Gloria Rodrigues: Coordena\u00e7\u00e3o de Pastoral<br \/>\nPe. Paulo Ricardo Moreira Vivaldo: Coordena\u00e7\u00e3o de Pastoral<br \/>\nIr. Ana Petronilha: Coord. da Pastoral da Sobriedade.<br \/>\nIr. Maria Celeste Gomes da Silva: Coord. Pastoral da Educa\u00e7\u00e3o.<br \/>\nPe. Augusto Manoel de Lira: Miss\u00e3o Continental<br \/>\nPe. Gibrail Walendorff: Coord. da Escola B\u00edblica.<br \/>\nPe. Daniel da Costa Ata\u00edde: Coord. Di\u00e1conos<br \/>\nPe. Iran Rodrigo de Souza Oliveira: Coord. da Regi\u00e3o I.<br \/>\nSr. Pedro Claudio Rosa: Coord. Regi\u00e3o II<br \/>\nIr. Elfriede Prem: Coord. da Regi\u00e3o III.<br \/>\nSrta. Maria L\u00facia Roque: Coord. Campanhas e Regi\u00e3o IV<br \/>\nIr. Lucia Carneiro Almeida: Coord. dos Ministros Ext. da Eucaristia e Regi\u00e3o V<\/p>\n<p>Coordena\u00e7\u00e3o Diocesana de Pastoral:<br \/>\n1. Pe. Jos\u00e9 Moreira de Souza<br \/>\n2. Pe. Paulo Ricardo Moreira Vivaldo<br \/>\n3. Ir. Dirlene da Gloria Rodrigues<br \/>\n4. Regina de F\u00e1tima Lima (secret\u00e1ria)<br \/>\nEmail: pastoralnoticia@gmail.com<br \/>\nCoordena\u00e7\u00e3o Ampliada:<br \/>\n1. Sr. Pedro Cl\u00e1udio Rosa<br \/>\n2. Ir. Elfrida Prem<br \/>\n3. Srta. Maria L\u00facia Roque<br \/>\n4. Pe. Iran Rodrigo de Souza Oliveira<br \/>\n5. Ir. L\u00facia Carneiro Almeida<br \/>\n6. Pe. Jos\u00e9 Moreira de Souza<br \/>\n7. Pe. Paulo Ricardo Moreira Vivaldo<br \/>\n8. Ir. Dirlene da Gloria Rodrigues<br \/>\n9. Regina de F\u00e1tima Lima (secret\u00e1ria)<\/p>\n<p>&nbsp;<\/p>\n<p>C\u00e2mara Eclesi\u00e1stica<br \/>\nJuiz Auditor: Pe. Jos\u00e9 Moreira de Souza<br \/>\nNot\u00e1ria: Sra. Silvania Pereira da Silva<br \/>\nAdvogado: Dr. Wolner Pot\u00e1ssio<br \/>\nC\u00faria Diocesana<br \/>\nPra\u00e7a Dom Stnislau van Mellis S\/N<br \/>\nCaixa Postal 02<br \/>\n76.100-000 \u2013 S\u00e3o Lu\u00eds de Montes Belos<br \/>\nTel.: (64) 3671-1690 \/ 3671-1752<\/p>\n","protected":false},"excerpt":{"rendered":"<p>C\u00daRIA DIOCESANA Pra\u00e7a Dom Stanislau van Mellis \u2013 Centro \u2013 Caixa Postal 02 76.100-000 \u2013 S\u00e3o Lu\u00eds de Montes Belos-GO Tel.: (64) 3671-1690 Fax: (64) 3671-1752 Email: secretariacuria.slmb@hotmail.com Secret\u00e1rio: Glauber Roberto da Silva Administrador Diocesano: Dom Carmelo Scampa Pra\u00e7a Dom Stanislau van Mellis \u2013 Centro \u2013 Caixa Postal 02 76.100-000- S\u00e3o Lu\u00eds de Montes Belos-GO<span class=\"read-more arrow\"><a href=\"https:\/\/www.diocesesaoluis.org.br\/home\/2020\/04\/29\/organizacao-pastoral-e-administrativa\/\" title=\"Read More\">&rarr;<\/a><\/span><\/p>\n","protected":false},"author":1,"featured_media":0,"comment_status":"closed","ping_status":"open","sticky":false,"template":"","format":"standard","meta":{"ub_ctt_via":"","footnotes":""},"categories":[96],"tags":[113],"class_list":{"0":"post-8235","1":"post","2":"type-post","3":"status-publish","4":"format-standard","6":"category-organizacao-pastoral-e-administrativa","7":"tag-organizacao-pastoral-e-administrativa"},"featured_image_src":null,"author_info":{"display_name":false,"author_link":"https:\/\/www.diocesesaoluis.org.br\/home\/author\/adriano\/"},"_links":{"self":[{"href":"https:\/\/www.diocesesaoluis.org.br\/home\/wp-json\/wp\/v2\/posts\/8235","targetHints":{"allow":["GET"]}}],"collection":[{"href":"https:\/\/www.diocesesaoluis.org.br\/home\/wp-json\/wp\/v2\/posts"}],"about":[{"href":"https:\/\/www.diocesesaoluis.org.br\/home\/wp-json\/wp\/v2\/types\/post"}],"author":[{"embeddable":true,"href":"https:\/\/www.diocesesaoluis.org.br\/home\/wp-json\/wp\/v2\/users\/1"}],"replies":[{"embeddable":true,"href":"https:\/\/www.diocesesaoluis.org.br\/home\/wp-json\/wp\/v2\/comments?post=8235"}],"version-history":[{"count":1,"href":"https:\/\/www.diocesesaoluis.org.br\/home\/wp-json\/wp\/v2\/posts\/8235\/revisions"}],"predecessor-version":[{"id":8236,"href":"https:\/\/www.diocesesaoluis.org.br\/home\/wp-json\/wp\/v2\/posts\/8235\/revisions\/8236"}],"wp:attachment":[{"href":"https:\/\/www.diocesesaoluis.org.br\/home\/wp-json\/wp\/v2\/media?parent=8235"}],"wp:term":[{"taxonomy":"category","embeddable":true,"href":"https:\/\/www.diocesesaoluis.org.br\/home\/wp-json\/wp\/v2\/categories?post=8235"},{"taxonomy":"post_tag","embeddable":true,"href":"https:\/\/www.diocesesaoluis.org.br\/home\/wp-json\/wp\/v2\/tags?post=8235"}],"curies":[{"name":"wp","href":"https:\/\/api.w.org\/{rel}","templated":true}]}}