{"id":8230,"date":"2020-04-29T16:06:16","date_gmt":"2020-04-29T19:06:16","guid":{"rendered":"http:\/\/www.diocesesaoluis.org.br\/home\/?p=8230"},"modified":"2020-04-30T17:16:14","modified_gmt":"2020-04-30T20:16:14","slug":"estatisticas-gerais","status":"publish","type":"post","link":"https:\/\/www.diocesesaoluis.org.br\/home\/2020\/04\/29\/estatisticas-gerais\/","title":{"rendered":"Estat\u00edsticas Gerais"},"content":{"rendered":"<p style=\"text-align: center;\"><img loading=\"lazy\" decoding=\"async\" class=\"alignnone  wp-image-8231\" src=\"http:\/\/www.diocesesaoluis.org.br\/home\/wp-content\/uploads\/2020\/04\/mapa_diocese-300x221.png\" alt=\"\" width=\"459\" height=\"338\" srcset=\"https:\/\/www.diocesesaoluis.org.br\/home\/wp-content\/uploads\/2020\/04\/mapa_diocese-300x221.png 300w, https:\/\/www.diocesesaoluis.org.br\/home\/wp-content\/uploads\/2020\/04\/mapa_diocese-1024x756.png 1024w, https:\/\/www.diocesesaoluis.org.br\/home\/wp-content\/uploads\/2020\/04\/mapa_diocese-150x111.png 150w, https:\/\/www.diocesesaoluis.org.br\/home\/wp-content\/uploads\/2020\/04\/mapa_diocese-768x567.png 768w, https:\/\/www.diocesesaoluis.org.br\/home\/wp-content\/uploads\/2020\/04\/mapa_diocese-600x443.png 600w, https:\/\/www.diocesesaoluis.org.br\/home\/wp-content\/uploads\/2020\/04\/mapa_diocese.png 1126w\" sizes=\"auto, (max-width: 459px) 100vw, 459px\" \/><\/p>\n<p>Quantidade de Par\u00f3quias&#8230;&#8230;&#8230;&#8230;&#8230;&#8230;&#8230;&#8230;&#8230;&#8230;&#8230;&#8230;&#8230;&#8230;&#8230;&#8230;&#8230;&#8230;&#8230;&#8230;&#8230;&#8230;&#8230;&#8230;&#8230;&#8230;&#8230;&#8230; 37<br \/>Quantidade de Munic\u00edpios&#8230;&#8230;&#8230;&#8230;&#8230;&#8230;&#8230;&#8230;&#8230;&#8230;&#8230;&#8230;&#8230;&#8230;&#8230;&#8230;&#8230;&#8230;&#8230;&#8230;&#8230;&#8230;&#8230;&#8230;&#8230;&#8230;&#8230;. 36<\/p>\n\n\n<figure class=\"wp-block-table\"><table><tbody><tr><td class=\"has-text-align-left\" data-align=\"left\"><strong>CIDADE<\/strong><\/td><td><strong>HABITANTES<\/strong><\/td><\/tr><tr><td class=\"has-text-align-left\" data-align=\"left\">Acre\u00fana<\/td><td>21.000<\/td><\/tr><tr><td class=\"has-text-align-left\" data-align=\"left\">Adel\u00e2ndia<\/td><td>2.554<\/td><\/tr><tr><td class=\"has-text-align-left\" data-align=\"left\">Americano do Brasil<\/td><td>5.793<\/td><\/tr><tr><td class=\"has-text-align-left\" data-align=\"left\">Amorin\u00f3polis<\/td><td>3.528<\/td><\/tr><tr><td class=\"has-text-align-left\" data-align=\"left\">Anicuns<\/td><td>21.338<\/td><\/tr><tr><td class=\"has-text-align-left\" data-align=\"left\">Aragar\u00e7as<\/td><td>19.426<\/td><\/tr><tr><td class=\"has-text-align-left\" data-align=\"left\">Aren\u00f3polis<\/td><td>3.277<\/td><\/tr><tr><td class=\"has-text-align-left\" data-align=\"left\">Auril\u00e2ndia<\/td><td>3.650<\/td><\/tr><tr><td class=\"has-text-align-left\" data-align=\"left\">Avelin\u00f3polis<\/td><td>2.501<\/td><\/tr><tr><td class=\"has-text-align-left\" data-align=\"left\">Baliza<\/td><td>5.497<\/td><\/tr><tr><td class=\"has-text-align-left\" data-align=\"left\">Bom Jardim<\/td><td>8.423<\/td><\/tr><tr><td class=\"has-text-align-left\" data-align=\"left\">Caiap\u00f4nia<\/td><td>17.962<\/td><\/tr><tr><td class=\"has-text-align-left\" data-align=\"left\">Cezarina<\/td><td>7.731<\/td><\/tr><tr><td class=\"has-text-align-left\" data-align=\"left\">C\u00f3rrego do Ouro<\/td><td>2.629<\/td><\/tr><tr><td class=\"has-text-align-left\" data-align=\"left\">Diorama<\/td><td>2.498<\/td><\/tr><tr><td class=\"has-text-align-left\" data-align=\"left\">Doverl\u00e2ndia<\/td><td>7.892<\/td><\/tr><tr><td class=\"has-text-align-left\" data-align=\"left\">Firmin\u00f3polis<\/td><td>12.492<\/td><\/tr><tr><td class=\"has-text-align-left\" data-align=\"left\">Indiara<\/td><td>13.643<\/td><\/tr><tr><td class=\"has-text-align-left\" data-align=\"left\">Ipor\u00e1<\/td><td>31.274<\/td><\/tr><tr><td class=\"has-text-align-left\" data-align=\"left\">Israel\u00e2ndia<\/td><td>3.200<\/td><\/tr><tr><td class=\"has-text-align-left\" data-align=\"left\">Ivol\u00e2ndia<\/td><td>2.845<\/td><\/tr><tr><td class=\"has-text-align-left\" data-align=\"left\">Jandaia<\/td><td>6.281<\/td><\/tr><tr><td class=\"has-text-align-left\" data-align=\"left\">Jaupaci<\/td><td>2.941<\/td><\/tr><tr><td class=\"has-text-align-left\" data-align=\"left\">Moipor\u00e1<\/td><td>1.763<\/td><\/tr><tr><td class=\"has-text-align-left\" data-align=\"left\">Montes Claros de Goi\u00e1s<\/td><td>8.217<\/td><\/tr><tr><td class=\"has-text-align-left\" data-align=\"left\">Naz\u00e1rio<\/td><td>8.532<\/td><\/tr><tr><td class=\"has-text-align-left\" data-align=\"left\">Palestina<\/td><td>3.490<\/td><\/tr><tr><td class=\"has-text-align-left\" data-align=\"left\">Palmeiras de Goi\u00e1s<\/td><td>27.000<\/td><\/tr><tr><td class=\"has-text-align-left\" data-align=\"left\">Palmin\u00f3polis<\/td><td>3.561<\/td><\/tr><tr><td class=\"has-text-align-left\" data-align=\"left\">Para\u00fana<\/td><td>12.033<\/td><\/tr><tr><td class=\"has-text-align-left\" data-align=\"left\">Piranhas<\/td><td>11.314<\/td><\/tr><tr><td class=\"has-text-align-left\" data-align=\"left\"> S\u00e3o Jo\u00e3o da Para\u00fana<\/td><td>1.688<\/td><\/tr><tr><td class=\"has-text-align-left\" data-align=\"left\">S\u00e3o Lu\u00eds de Montes Belos<\/td><td>31.832<\/td><\/tr><tr><td class=\"has-text-align-left\" data-align=\"left\">Turv\u00e2nia<\/td><td>4.939<\/td><\/tr><tr><td class=\"has-text-align-left\" data-align=\"left\">Turvel\u00e2ndia<\/td><td>4.829<\/td><\/tr><tr><td class=\"has-text-align-left\" data-align=\"left\"><strong>TOTAL DE HABITANTES<\/strong><\/td><td><strong>328.990<\/strong><\/td><\/tr><\/tbody><\/table><\/figure>\n\n\n<p>Sacerdotes diocesanos &#8230;&#8230;&#8230;&#8230;&#8230;&#8230;&#8230;&#8230;&#8230;&#8230;&#8230;&#8230;&#8230;&#8230;&#8230;&#8230;&#8230;&#8230;&#8230;&#8230;&#8230;&#8230;&#8230;&#8230;&#8230;. 24<br \/>Sacerdotes residentes incardinados&#8230;&#8230;&#8230;&#8230;&#8230;&#8230;&#8230;&#8230;&#8230;&#8230;&#8230;&#8230;&#8230;&#8230;&#8230;&#8230;&#8230;. 21<br \/>Sacerdotes residentes n\u00e3o incardinados&#8230;&#8230;&#8230;&#8230;&#8230;&#8230;&#8230;&#8230;&#8230;&#8230;&#8230;&#8230;&#8230;&#8230;.. 03<br \/>Sacerdotes incardinados residentes no estrangeiro&#8230;&#8230;&#8230;&#8230;&#8230;&#8230;&#8230;&#8230; 00<br \/>Sacerdotes Religiosos&#8230;&#8230;&#8230;&#8230;&#8230;&#8230;&#8230;&#8230;&#8230;&#8230;&#8230;&#8230;&#8230;&#8230;&#8230;&#8230;&#8230;&#8230;&#8230;&#8230;&#8230;&#8230;&#8230;&#8230;&#8230;&#8230;.. 09<br \/>Total de Sacerdotes&#8230;&#8230;&#8230;&#8230;&#8230;&#8230;&#8230;&#8230;&#8230;&#8230;&#8230;&#8230;&#8230;&#8230;&#8230;&#8230;&#8230;&#8230;&#8230;&#8230;&#8230;&#8230;&#8230;&#8230;&#8230;&#8230;&#8230;&#8230; 33<br \/>Di\u00e1conos permanentes&#8230;&#8230;&#8230;&#8230;&#8230;&#8230;&#8230;&#8230;&#8230;&#8230;&#8230;&#8230;&#8230;&#8230;&#8230;&#8230;&#8230;&#8230;&#8230;&#8230;&#8230;&#8230;&#8230;&#8230;&#8230;.. 06<br \/>Di\u00e1cono tempor\u00e1rio&#8230;&#8230;&#8230;&#8230;&#8230;&#8230;&#8230;&#8230;&#8230;&#8230;&#8230;&#8230;&#8230;&#8230;&#8230;&#8230;&#8230;&#8230;&#8230;&#8230;&#8230;&#8230;&#8230;&#8230;&#8230;&#8230;&#8230;.. 01<br \/>Religiosos&#8230;&#8230;&#8230;&#8230;&#8230;&#8230;&#8230;&#8230;&#8230;&#8230;&#8230;&#8230;&#8230;&#8230;&#8230;&#8230;&#8230;&#8230;&#8230;&#8230;&#8230;&#8230;&#8230;&#8230;&#8230;&#8230;&#8230;&#8230;&#8230;&#8230;&#8230;&#8230;&#8230;&#8230;. 09<br \/>Religiosas&#8230;&#8230;&#8230;&#8230;&#8230;&#8230;&#8230;&#8230;&#8230;&#8230;&#8230;&#8230;&#8230;&#8230;&#8230;&#8230;&#8230;&#8230;&#8230;&#8230;&#8230;&#8230;&#8230;&#8230;&#8230;&#8230;&#8230;&#8230;&#8230;&#8230;&#8230;&#8230;&#8230;&#8230;. 25<br \/>Congrega\u00e7\u00f5es&#8230;&#8230;&#8230;&#8230;&#8230;&#8230;&#8230;&#8230;&#8230;&#8230;&#8230;&#8230;&#8230;&#8230;&#8230;&#8230;&#8230;&#8230;&#8230;&#8230;&#8230;&#8230;&#8230;&#8230;&#8230;&#8230;&#8230;&#8230;&#8230;&#8230;&#8230;&#8230; 05<br \/>Comunidades&#8230;&#8230;&#8230;&#8230;&#8230;&#8230;&#8230;&#8230;&#8230;&#8230;&#8230;&#8230;&#8230;&#8230;&#8230;&#8230;&#8230;&#8230;&#8230;&#8230;&#8230;&#8230;&#8230;&#8230;&#8230;&#8230;&#8230;&#8230;&#8230;&#8230;&#8230;&#8230; 04<br \/>Leigas Consagradas&#8230;&#8230;&#8230;&#8230;&#8230;&#8230;&#8230;&#8230;&#8230;&#8230;&#8230;&#8230;&#8230;&#8230;&#8230;&#8230;&#8230;&#8230;&#8230;&#8230;&#8230;&#8230;&#8230;&#8230;&#8230;&#8230;&#8230;&#8230;. 11<br \/>Seminaristas<br \/>Teologia&#8230;&#8230;&#8230;&#8230;&#8230;&#8230;&#8230;&#8230;&#8230;&#8230;&#8230;&#8230;&#8230;&#8230;&#8230;&#8230;&#8230;&#8230;&#8230;&#8230;&#8230;&#8230;&#8230;&#8230;&#8230;&#8230;&#8230;&#8230;&#8230;&#8230;&#8230;&#8230;&#8230;&#8230;&#8230;. 09<br \/>Filosofia&#8230;&#8230;&#8230;&#8230;&#8230;&#8230;&#8230;&#8230;&#8230;&#8230;&#8230;&#8230;&#8230;&#8230;&#8230;&#8230;&#8230;&#8230;&#8230;&#8230;&#8230;&#8230;&#8230;&#8230;&#8230;&#8230;&#8230;&#8230;&#8230;&#8230;&#8230;&#8230;&#8230;&#8230;&#8230;. 08<br \/>Proped\u00eautico&#8230;&#8230;&#8230;&#8230;&#8230;&#8230;&#8230;&#8230;&#8230;&#8230;&#8230;&#8230;&#8230;&#8230;&#8230;&#8230;&#8230;&#8230;&#8230;&#8230;&#8230;&#8230;&#8230;&#8230;&#8230;&#8230;&#8230;&#8230;&#8230;&#8230;&#8230;&#8230;. 05<br \/>Menores 3 Diocese de S\u00e3o Lu\u00eds Montes Belos&#8230;&#8230;&#8230;&#8230;&#8230;&#8230;&#8230;&#8230;&#8230;&#8230;&#8230;&#8230;.. 02<br \/>3 Diocese de Jata\u00ed&#8230;&#8230;&#8230;&#8230;&#8230;&#8230;&#8230;&#8230;&#8230;&#8230;&#8230;&#8230;&#8230;&#8230;&#8230;&#8230;&#8230;&#8230;&#8230;&#8230;&#8230;&#8230;&#8230;&#8230;&#8230;&#8230;&#8230;&#8230;&#8230;.. 02<br \/>Total de seminaristas&#8230;&#8230;&#8230;&#8230;&#8230;&#8230;&#8230;&#8230;&#8230;&#8230;&#8230;&#8230;&#8230;&#8230;&#8230;&#8230;&#8230;&#8230;&#8230;&#8230;&#8230;&#8230;&#8230;&#8230;&#8230;&#8230;&#8230;. 26<\/p>\n\n\n<p><\/p>\n","protected":false},"excerpt":{"rendered":"<p>Quantidade de Par\u00f3quias&#8230;&#8230;&#8230;&#8230;&#8230;&#8230;&#8230;&#8230;&#8230;&#8230;&#8230;&#8230;&#8230;&#8230;&#8230;&#8230;&#8230;&#8230;&#8230;&#8230;&#8230;&#8230;&#8230;&#8230;&#8230;&#8230;&#8230;&#8230; 37Quantidade de Munic\u00edpios&#8230;&#8230;&#8230;&#8230;&#8230;&#8230;&#8230;&#8230;&#8230;&#8230;&#8230;&#8230;&#8230;&#8230;&#8230;&#8230;&#8230;&#8230;&#8230;&#8230;&#8230;&#8230;&#8230;&#8230;&#8230;&#8230;&#8230;. 36 CIDADE HABITANTES Acre\u00fana 21.000 Adel\u00e2ndia 2.554 Americano do Brasil 5.793 Amorin\u00f3polis 3.528 Anicuns 21.338 Aragar\u00e7as 19.426 Aren\u00f3polis 3.277 Auril\u00e2ndia 3.650 Avelin\u00f3polis 2.501 Baliza 5.497 Bom Jardim 8.423 Caiap\u00f4nia 17.962 Cezarina 7.731 C\u00f3rrego do Ouro 2.629 Diorama 2.498 Doverl\u00e2ndia 7.892 Firmin\u00f3polis 12.492 Indiara 13.643 Ipor\u00e1 31.274 Israel\u00e2ndia 3.200 Ivol\u00e2ndia<span class=\"read-more arrow\"><a href=\"https:\/\/www.diocesesaoluis.org.br\/home\/2020\/04\/29\/estatisticas-gerais\/\" title=\"Read More\">&rarr;<\/a><\/span><\/p>\n","protected":false},"author":1,"featured_media":0,"comment_status":"closed","ping_status":"open","sticky":false,"template":"","format":"standard","meta":{"ub_ctt_via":"","footnotes":""},"categories":[7],"tags":[],"class_list":{"0":"post-8230","1":"post","2":"type-post","3":"status-publish","4":"format-standard","6":"category-institucional"},"featured_image_src":null,"author_info":{"display_name":false,"author_link":"https:\/\/www.diocesesaoluis.org.br\/home\/author\/adriano\/"},"_links":{"self":[{"href":"https:\/\/www.diocesesaoluis.org.br\/home\/wp-json\/wp\/v2\/posts\/8230","targetHints":{"allow":["GET"]}}],"collection":[{"href":"https:\/\/www.diocesesaoluis.org.br\/home\/wp-json\/wp\/v2\/posts"}],"about":[{"href":"https:\/\/www.diocesesaoluis.org.br\/home\/wp-json\/wp\/v2\/types\/post"}],"author":[{"embeddable":true,"href":"https:\/\/www.diocesesaoluis.org.br\/home\/wp-json\/wp\/v2\/users\/1"}],"replies":[{"embeddable":true,"href":"https:\/\/www.diocesesaoluis.org.br\/home\/wp-json\/wp\/v2\/comments?post=8230"}],"version-history":[{"count":2,"href":"https:\/\/www.diocesesaoluis.org.br\/home\/wp-json\/wp\/v2\/posts\/8230\/revisions"}],"predecessor-version":[{"id":8234,"href":"https:\/\/www.diocesesaoluis.org.br\/home\/wp-json\/wp\/v2\/posts\/8230\/revisions\/8234"}],"wp:attachment":[{"href":"https:\/\/www.diocesesaoluis.org.br\/home\/wp-json\/wp\/v2\/media?parent=8230"}],"wp:term":[{"taxonomy":"category","embeddable":true,"href":"https:\/\/www.diocesesaoluis.org.br\/home\/wp-json\/wp\/v2\/categories?post=8230"},{"taxonomy":"post_tag","embeddable":true,"href":"https:\/\/www.diocesesaoluis.org.br\/home\/wp-json\/wp\/v2\/tags?post=8230"}],"curies":[{"name":"wp","href":"https:\/\/api.w.org\/{rel}","templated":true}]}}