{"id":22596,"date":"2026-08-30T10:25:28","date_gmt":"2026-08-30T13:25:28","guid":{"rendered":"https:\/\/www.diocesesaoluis.org.br\/home\/?p=22596"},"modified":"2026-09-02T10:33:17","modified_gmt":"2026-09-02T13:33:17","slug":"carta-aos-catequistas","status":"publish","type":"post","link":"https:\/\/www.diocesesaoluis.org.br\/home\/carta-aos-catequistas\/","title":{"rendered":"Carta aos Catequistas"},"content":{"rendered":"<p class=\"has-text-align-right wp-block-paragraph\" style=\"text-align: right;\"><strong>Dom Lindomar Rocha Mota<br \/>\n<\/strong><em>Bispo de S\u00e3o Lu\u00eds de Montes Belos (GO)<\/em><\/p>\n<p class=\"wp-block-paragraph\" style=\"text-align: justify;\"><em>Queridos catequistas<\/em>,<\/p>\n<p class=\"wp-block-paragraph\" style=\"text-align: justify;\">Quero, antes de tudo, agradecer. Agrade\u00e7o pelo tempo doado aos pequenos e aos grandes; pela perseveran\u00e7a e trabalho discreto na seara do Senhor. Deus, por\u00e9m, conhece o seu cora\u00e7\u00e3o e o seu amor.<\/p>\n<p class=\"wp-block-paragraph\" style=\"text-align: justify;\">Agrade\u00e7o e lhes e pe\u00e7o ainda mais! Pe\u00e7o que ensinem a f\u00e9 com serenidade e profundidade. Ensinem as ora\u00e7\u00f5es, os mandamentos, os sacramentos, a Escritura e aquilo que a Igreja recebeu dos ap\u00f3stolos. Fa\u00e7am isso, por\u00e9m, de modo que cada palavra conduza \u00e0 pessoa de Jesus Cristo.<\/p>\n<p class=\"wp-block-paragraph\" style=\"text-align: justify;\">Quando falarem de Jesus mostrem aquele que caminhou pelas estradas da Galileia, chamou pessoas comuns, acolheu os pecadores, sentou-se \u00e0 mesa com os exclu\u00eddos e teve paci\u00eancia com os disc\u00edpulos. Mostrem o Cristo que conhece a fragilidade humana e, ainda assim, confia a n\u00f3s a miss\u00e3o de continuar o que Ele mesmo come\u00e7ou.<\/p>\n<p class=\"wp-block-paragraph\" style=\"text-align: justify;\">N\u00e3o tenham receio das perguntas. A f\u00e9 cat\u00f3lica n\u00e3o se enfraquece quando algu\u00e9m pergunta. Quando n\u00e3o souberem responder, procurem juntos. O catequista tamb\u00e9m \u00e9 disc\u00edpulo e continua aprendendo enquanto ensina e enquanto conduz outros pelo caminho.<\/p>\n<p class=\"wp-block-paragraph\" style=\"text-align: justify;\">Ensinem tamb\u00e9m o sil\u00eancio. Vivemos num tempo barulhento de muitas opini\u00f5es, imagens e palavras. Uma grande gra\u00e7a que podemos oferecer aos nossos catequizandos \u00e9 ajud\u00e1-los a permanecer alguns minutos diante de Deus sem precisar produzir nada. Levem-nos \u00e0 igreja. Mostrem-lhes o altar, a cruz, a imagem de Nossa Senhora, o sacr\u00e1rio. Expliquem por que aquela luz est\u00e1 sempre acesa.<\/p>\n<p class=\"wp-block-paragraph\" style=\"text-align: justify;\">A Eucaristia deve ocupar um lugar especial nesse caminho. Ensinem-lhes a aproximar-se do altar com rever\u00eancia e alegria. Aquele que participa da mesa do Senhor aprende, pouco a pouco, que a vida crist\u00e3 tamb\u00e9m \u00e9 mesa partilhada, servi\u00e7o e comunh\u00e3o. Quem recebe o Corpo de Cristo \u00e9 chamado a reconhecer Cristo no irm\u00e3o.<\/p>\n<p class=\"wp-block-paragraph\" style=\"text-align: justify;\">Ensinem-lhes a amar a Igreja com amor verdadeiro, que n\u00e3o depende de idealiza\u00e7\u00f5es. A Igreja \u00e9 santa porque pertence a Cristo e carrega, ao mesmo tempo, a fragilidade dos seus filhos. N\u00e3o escondam as fraquezas humanas, mas mostrem que Deus continua realizando sua obra atrav\u00e9s de homens e mulheres imperfeitos. Essa verdade pode ensinar muito sobre miseric\u00f3rdia e responsabilidade.<\/p>\n<p class=\"wp-block-paragraph\" style=\"text-align: justify;\">Falem de Maria com a ternura que a tradi\u00e7\u00e3o crist\u00e3 aprendeu ao longo do tempo. Apresentem aquela jovem que escutou uma palavra maior do que poderia compreender e respondeu com confian\u00e7a. Em seu \u201cfa\u00e7a-se\u201d existe algo que cada crist\u00e3o precisar\u00e1 aprender um dia: a coragem de entregar a pr\u00f3pria vida a Deus mesmo quando o caminho ainda n\u00e3o aparecer inteiro diante dos olhos.<\/p>\n<p class=\"wp-block-paragraph\" style=\"text-align: justify;\">Ensinem os mandamentos n\u00e3o como um conjunto de proibi\u00e7\u00f5es, mas como caminhos que protegem aquilo que \u00e9 precioso e coloque-os ao lado das Bem-aventuran\u00e7as. Falem do pecado, mas falem ainda mais da miseric\u00f3rdia. Mostrem que o sacramento da Reconcilia\u00e7\u00e3o \u00e9 lugar de recome\u00e7o. N\u00e3o permitam que cres\u00e7am carregando a imagem de um Deus severo. Explique com suficiente largueza a hist\u00f3ria do Pai que espera o filho voltar para casa.<\/p>\n<p class=\"wp-block-paragraph\" style=\"text-align: justify;\">Ensinem tamb\u00e9m que a f\u00e9 precisa alcan\u00e7ar a vida. Quem aprende a rezar deve aprender tamb\u00e9m a repartir. O Cristo que encontramos no altar continua vindo ao nosso encontro nos pobres, nos doentes, nos idosos, nas fam\u00edlias feridas e em tantos que necessitam de cuidado.<\/p>\n<p class=\"wp-block-paragraph\" style=\"text-align: justify;\">N\u00e3o se preocupem em formar pessoas capazes de vencer discuss\u00f5es religiosas. A f\u00e9 pode dialogar com a intelig\u00eancia, com a ci\u00eancia, com a cultura e com as grandes perguntas humanas. Uma f\u00e9 profunda n\u00e3o precisa fugir das perguntas, porque sabe em quem colocou sua confian\u00e7a.<\/p>\n<p class=\"wp-block-paragraph\" style=\"text-align: justify;\">Voc\u00eas trabalham para uma colheita que pertence ao futuro, \u00e9 por isso que a Igreja olha para voc\u00eas com grande apre\u00e7o e gratid\u00e3o.<\/p>\n<p class=\"wp-block-paragraph\" style=\"text-align: justify;\">Quando j\u00e1 tiverem ensinado as ora\u00e7\u00f5es, explicado os sacramentos, aberto as p\u00e1ginas da Escritura e apresentado a beleza da tradi\u00e7\u00e3o da Igreja, confiem! O Mestre saber\u00e1 continuar a obra que come\u00e7ou atrav\u00e9s de voc\u00eas.<\/p>\n<p class=\"has-text-align-right wp-block-paragraph\" style=\"text-align: right;\"><em>Com minha gratid\u00e3o e minha ora\u00e7\u00e3o.<\/em><\/p>\n","protected":false},"excerpt":{"rendered":"<p>Dom Lindomar Rocha Mota Bispo de S\u00e3o Lu\u00eds de Montes Belos (GO) Queridos catequistas, Quero, antes de tudo, agradecer. Agrade\u00e7o pelo tempo doado aos pequenos e aos grandes; pela perseveran\u00e7a e trabalho discreto na seara do Senhor. Deus, por\u00e9m, conhece o seu cora\u00e7\u00e3o e o seu amor. Agrade\u00e7o e lhes e pe\u00e7o ainda mais! Pe\u00e7o [&hellip;]<\/p>\n","protected":false},"author":2,"featured_media":0,"comment_status":"closed","ping_status":"closed","sticky":false,"template":"","format":"standard","meta":{"_acf_changed":false,"footnotes":""},"categories":[6],"tags":[217,322],"class_list":["post-22596","post","type-post","status-publish","format-standard","hentry","category-bispo-diocesano","tag-bispo-diocesano","tag-catequese"],"acf":[],"yoast_head":"<!-- This site is optimized with the Yoast SEO plugin v27.6 - https:\/\/yoast.com\/product\/yoast-seo-wordpress\/ -->\n<title>Carta aos Catequistas - Diocese de S\u00e3o Lu\u00eds de Montes Belos<\/title>\n<meta name=\"robots\" content=\"index, follow, max-snippet:-1, max-image-preview:large, max-video-preview:-1\" \/>\n<link rel=\"canonical\" href=\"https:\/\/www.diocesesaoluis.org.br\/home\/carta-aos-catequistas\/\" \/>\n<meta property=\"og:locale\" content=\"pt_BR\" \/>\n<meta property=\"og:type\" content=\"article\" \/>\n<meta property=\"og:title\" content=\"Carta aos Catequistas - Diocese de S\u00e3o Lu\u00eds de Montes Belos\" \/>\n<meta property=\"og:description\" content=\"Dom Lindomar Rocha Mota Bispo de S\u00e3o Lu\u00eds de Montes Belos (GO) Queridos catequistas, Quero, antes de tudo, agradecer. Agrade\u00e7o pelo tempo doado aos pequenos e aos grandes; pela perseveran\u00e7a e trabalho discreto na seara do Senhor. Deus, por\u00e9m, conhece o seu cora\u00e7\u00e3o e o seu amor. Agrade\u00e7o e lhes e pe\u00e7o ainda mais! Pe\u00e7o [&hellip;]\" \/>\n<meta property=\"og:url\" content=\"https:\/\/www.diocesesaoluis.org.br\/home\/carta-aos-catequistas\/\" \/>\n<meta property=\"og:site_name\" content=\"Diocese de S\u00e3o Lu\u00eds de Montes Belos\" \/>\n<meta property=\"article:published_time\" content=\"2026-08-30T13:25:28+00:00\" \/>\n<meta property=\"article:modified_time\" content=\"2026-09-02T13:33:17+00:00\" \/>\n<meta name=\"author\" content=\"Lucas Rodrigues\" \/>\n<meta name=\"twitter:card\" content=\"summary_large_image\" \/>\n<meta name=\"twitter:label1\" content=\"Escrito por\" \/>\n\t<meta name=\"twitter:data1\" content=\"Lucas Rodrigues\" \/>\n\t<meta name=\"twitter:label2\" content=\"Est. tempo de leitura\" \/>\n\t<meta name=\"twitter:data2\" content=\"4 minutos\" \/>\n<script type=\"application\/ld+json\" class=\"yoast-schema-graph\">{\"@context\":\"https:\\\/\\\/schema.org\",\"@graph\":[{\"@type\":\"Article\",\"@id\":\"https:\\\/\\\/www.diocesesaoluis.org.br\\\/home\\\/carta-aos-catequistas\\\/#article\",\"isPartOf\":{\"@id\":\"https:\\\/\\\/www.diocesesaoluis.org.br\\\/home\\\/carta-aos-catequistas\\\/\"},\"author\":{\"name\":\"Lucas Rodrigues\",\"@id\":\"https:\\\/\\\/www.diocesesaoluis.org.br\\\/home\\\/#\\\/schema\\\/person\\\/69f4a8d627a985510bdf8efd229a28a9\"},\"headline\":\"Carta aos Catequistas\",\"datePublished\":\"2026-08-30T13:25:28+00:00\",\"dateModified\":\"2026-09-02T13:33:17+00:00\",\"mainEntityOfPage\":{\"@id\":\"https:\\\/\\\/www.diocesesaoluis.org.br\\\/home\\\/carta-aos-catequistas\\\/\"},\"wordCount\":710,\"publisher\":{\"@id\":\"https:\\\/\\\/www.diocesesaoluis.org.br\\\/home\\\/#organization\"},\"keywords\":[\"Bispo Diocesano\",\"Catequese\"],\"articleSection\":[\"Bispo Diocesano\"],\"inLanguage\":\"pt-BR\"},{\"@type\":\"WebPage\",\"@id\":\"https:\\\/\\\/www.diocesesaoluis.org.br\\\/home\\\/carta-aos-catequistas\\\/\",\"url\":\"https:\\\/\\\/www.diocesesaoluis.org.br\\\/home\\\/carta-aos-catequistas\\\/\",\"name\":\"Carta aos Catequistas - Diocese de S\u00e3o Lu\u00eds de Montes Belos\",\"isPartOf\":{\"@id\":\"https:\\\/\\\/www.diocesesaoluis.org.br\\\/home\\\/#website\"},\"datePublished\":\"2026-08-30T13:25:28+00:00\",\"dateModified\":\"2026-09-02T13:33:17+00:00\",\"breadcrumb\":{\"@id\":\"https:\\\/\\\/www.diocesesaoluis.org.br\\\/home\\\/carta-aos-catequistas\\\/#breadcrumb\"},\"inLanguage\":\"pt-BR\",\"potentialAction\":[{\"@type\":\"ReadAction\",\"target\":[\"https:\\\/\\\/www.diocesesaoluis.org.br\\\/home\\\/carta-aos-catequistas\\\/\"]}]},{\"@type\":\"BreadcrumbList\",\"@id\":\"https:\\\/\\\/www.diocesesaoluis.org.br\\\/home\\\/carta-aos-catequistas\\\/#breadcrumb\",\"itemListElement\":[{\"@type\":\"ListItem\",\"position\":1,\"name\":\"In\u00edcio\",\"item\":\"https:\\\/\\\/www.diocesesaoluis.org.br\\\/home\\\/\"},{\"@type\":\"ListItem\",\"position\":2,\"name\":\"Carta aos Catequistas\"}]},{\"@type\":\"WebSite\",\"@id\":\"https:\\\/\\\/www.diocesesaoluis.org.br\\\/home\\\/#website\",\"url\":\"https:\\\/\\\/www.diocesesaoluis.org.br\\\/home\\\/\",\"name\":\"Diocese de S\u00e3o Lu\u00eds de Montes Belos\",\"description\":\"Diocese de S\u00e3o Lu\u00eds de Montes Belos\",\"publisher\":{\"@id\":\"https:\\\/\\\/www.diocesesaoluis.org.br\\\/home\\\/#organization\"},\"potentialAction\":[{\"@type\":\"SearchAction\",\"target\":{\"@type\":\"EntryPoint\",\"urlTemplate\":\"https:\\\/\\\/www.diocesesaoluis.org.br\\\/home\\\/?s={search_term_string}\"},\"query-input\":{\"@type\":\"PropertyValueSpecification\",\"valueRequired\":true,\"valueName\":\"search_term_string\"}}],\"inLanguage\":\"pt-BR\"},{\"@type\":\"Organization\",\"@id\":\"https:\\\/\\\/www.diocesesaoluis.org.br\\\/home\\\/#organization\",\"name\":\"Diocese de S\u00e3o Lu\u00eds de Montes Belos\",\"url\":\"https:\\\/\\\/www.diocesesaoluis.org.br\\\/home\\\/\",\"logo\":{\"@type\":\"ImageObject\",\"inLanguage\":\"pt-BR\",\"@id\":\"https:\\\/\\\/www.diocesesaoluis.org.br\\\/home\\\/#\\\/schema\\\/logo\\\/image\\\/\",\"url\":\"https:\\\/\\\/www.diocesesaoluis.org.br\\\/home\\\/wp-content\\\/uploads\\\/2026\\\/04\\\/logo-1-scaled.webp\",\"contentUrl\":\"https:\\\/\\\/www.diocesesaoluis.org.br\\\/home\\\/wp-content\\\/uploads\\\/2026\\\/04\\\/logo-1-scaled.webp\",\"width\":1987,\"height\":2560,\"caption\":\"Diocese de S\u00e3o Lu\u00eds de Montes Belos\"},\"image\":{\"@id\":\"https:\\\/\\\/www.diocesesaoluis.org.br\\\/home\\\/#\\\/schema\\\/logo\\\/image\\\/\"}},{\"@type\":\"Person\",\"@id\":\"https:\\\/\\\/www.diocesesaoluis.org.br\\\/home\\\/#\\\/schema\\\/person\\\/69f4a8d627a985510bdf8efd229a28a9\",\"name\":\"Lucas Rodrigues\",\"image\":{\"@type\":\"ImageObject\",\"inLanguage\":\"pt-BR\",\"@id\":\"https:\\\/\\\/secure.gravatar.com\\\/avatar\\\/c40b1ec1abaa30bb21c0b11d86aa90ae3d34c8b4c7f0b101783d95525e372e6b?s=96&d=mm&r=g\",\"url\":\"https:\\\/\\\/secure.gravatar.com\\\/avatar\\\/c40b1ec1abaa30bb21c0b11d86aa90ae3d34c8b4c7f0b101783d95525e372e6b?s=96&d=mm&r=g\",\"contentUrl\":\"https:\\\/\\\/secure.gravatar.com\\\/avatar\\\/c40b1ec1abaa30bb21c0b11d86aa90ae3d34c8b4c7f0b101783d95525e372e6b?s=96&d=mm&r=g\",\"caption\":\"Lucas Rodrigues\"},\"sameAs\":[\"http:\\\/\\\/diocesesaoluis.org.br\"],\"url\":\"https:\\\/\\\/www.diocesesaoluis.org.br\\\/home\\\/author\\\/lucas\\\/\"}]}<\/script>\n<!-- \/ Yoast SEO plugin. -->","yoast_head_json":{"title":"Carta aos Catequistas - Diocese de S\u00e3o Lu\u00eds de Montes Belos","robots":{"index":"index","follow":"follow","max-snippet":"max-snippet:-1","max-image-preview":"max-image-preview:large","max-video-preview":"max-video-preview:-1"},"canonical":"https:\/\/www.diocesesaoluis.org.br\/home\/carta-aos-catequistas\/","og_locale":"pt_BR","og_type":"article","og_title":"Carta aos Catequistas - Diocese de S\u00e3o Lu\u00eds de Montes Belos","og_description":"Dom Lindomar Rocha Mota Bispo de S\u00e3o Lu\u00eds de Montes Belos (GO) Queridos catequistas, Quero, antes de tudo, agradecer. Agrade\u00e7o pelo tempo doado aos pequenos e aos grandes; pela perseveran\u00e7a e trabalho discreto na seara do Senhor. Deus, por\u00e9m, conhece o seu cora\u00e7\u00e3o e o seu amor. Agrade\u00e7o e lhes e pe\u00e7o ainda mais! Pe\u00e7o [&hellip;]","og_url":"https:\/\/www.diocesesaoluis.org.br\/home\/carta-aos-catequistas\/","og_site_name":"Diocese de S\u00e3o Lu\u00eds de Montes Belos","article_published_time":"2026-08-30T13:25:28+00:00","article_modified_time":"2026-09-02T13:33:17+00:00","author":"Lucas Rodrigues","twitter_card":"summary_large_image","twitter_misc":{"Escrito por":"Lucas Rodrigues","Est. tempo de leitura":"4 minutos"},"schema":{"@context":"https:\/\/schema.org","@graph":[{"@type":"Article","@id":"https:\/\/www.diocesesaoluis.org.br\/home\/carta-aos-catequistas\/#article","isPartOf":{"@id":"https:\/\/www.diocesesaoluis.org.br\/home\/carta-aos-catequistas\/"},"author":{"name":"Lucas Rodrigues","@id":"https:\/\/www.diocesesaoluis.org.br\/home\/#\/schema\/person\/69f4a8d627a985510bdf8efd229a28a9"},"headline":"Carta aos Catequistas","datePublished":"2026-08-30T13:25:28+00:00","dateModified":"2026-09-02T13:33:17+00:00","mainEntityOfPage":{"@id":"https:\/\/www.diocesesaoluis.org.br\/home\/carta-aos-catequistas\/"},"wordCount":710,"publisher":{"@id":"https:\/\/www.diocesesaoluis.org.br\/home\/#organization"},"keywords":["Bispo Diocesano","Catequese"],"articleSection":["Bispo Diocesano"],"inLanguage":"pt-BR"},{"@type":"WebPage","@id":"https:\/\/www.diocesesaoluis.org.br\/home\/carta-aos-catequistas\/","url":"https:\/\/www.diocesesaoluis.org.br\/home\/carta-aos-catequistas\/","name":"Carta aos Catequistas - Diocese de S\u00e3o Lu\u00eds de Montes Belos","isPartOf":{"@id":"https:\/\/www.diocesesaoluis.org.br\/home\/#website"},"datePublished":"2026-08-30T13:25:28+00:00","dateModified":"2026-09-02T13:33:17+00:00","breadcrumb":{"@id":"https:\/\/www.diocesesaoluis.org.br\/home\/carta-aos-catequistas\/#breadcrumb"},"inLanguage":"pt-BR","potentialAction":[{"@type":"ReadAction","target":["https:\/\/www.diocesesaoluis.org.br\/home\/carta-aos-catequistas\/"]}]},{"@type":"BreadcrumbList","@id":"https:\/\/www.diocesesaoluis.org.br\/home\/carta-aos-catequistas\/#breadcrumb","itemListElement":[{"@type":"ListItem","position":1,"name":"In\u00edcio","item":"https:\/\/www.diocesesaoluis.org.br\/home\/"},{"@type":"ListItem","position":2,"name":"Carta aos Catequistas"}]},{"@type":"WebSite","@id":"https:\/\/www.diocesesaoluis.org.br\/home\/#website","url":"https:\/\/www.diocesesaoluis.org.br\/home\/","name":"Diocese de S\u00e3o Lu\u00eds de Montes Belos","description":"Diocese de S\u00e3o Lu\u00eds de Montes Belos","publisher":{"@id":"https:\/\/www.diocesesaoluis.org.br\/home\/#organization"},"potentialAction":[{"@type":"SearchAction","target":{"@type":"EntryPoint","urlTemplate":"https:\/\/www.diocesesaoluis.org.br\/home\/?s={search_term_string}"},"query-input":{"@type":"PropertyValueSpecification","valueRequired":true,"valueName":"search_term_string"}}],"inLanguage":"pt-BR"},{"@type":"Organization","@id":"https:\/\/www.diocesesaoluis.org.br\/home\/#organization","name":"Diocese de S\u00e3o Lu\u00eds de Montes Belos","url":"https:\/\/www.diocesesaoluis.org.br\/home\/","logo":{"@type":"ImageObject","inLanguage":"pt-BR","@id":"https:\/\/www.diocesesaoluis.org.br\/home\/#\/schema\/logo\/image\/","url":"https:\/\/www.diocesesaoluis.org.br\/home\/wp-content\/uploads\/2026\/04\/logo-1-scaled.webp","contentUrl":"https:\/\/www.diocesesaoluis.org.br\/home\/wp-content\/uploads\/2026\/04\/logo-1-scaled.webp","width":1987,"height":2560,"caption":"Diocese de S\u00e3o Lu\u00eds de Montes Belos"},"image":{"@id":"https:\/\/www.diocesesaoluis.org.br\/home\/#\/schema\/logo\/image\/"}},{"@type":"Person","@id":"https:\/\/www.diocesesaoluis.org.br\/home\/#\/schema\/person\/69f4a8d627a985510bdf8efd229a28a9","name":"Lucas Rodrigues","image":{"@type":"ImageObject","inLanguage":"pt-BR","@id":"https:\/\/secure.gravatar.com\/avatar\/c40b1ec1abaa30bb21c0b11d86aa90ae3d34c8b4c7f0b101783d95525e372e6b?s=96&d=mm&r=g","url":"https:\/\/secure.gravatar.com\/avatar\/c40b1ec1abaa30bb21c0b11d86aa90ae3d34c8b4c7f0b101783d95525e372e6b?s=96&d=mm&r=g","contentUrl":"https:\/\/secure.gravatar.com\/avatar\/c40b1ec1abaa30bb21c0b11d86aa90ae3d34c8b4c7f0b101783d95525e372e6b?s=96&d=mm&r=g","caption":"Lucas Rodrigues"},"sameAs":["http:\/\/diocesesaoluis.org.br"],"url":"https:\/\/www.diocesesaoluis.org.br\/home\/author\/lucas\/"}]}},"_links":{"self":[{"href":"https:\/\/www.diocesesaoluis.org.br\/home\/wp-json\/wp\/v2\/posts\/22596","targetHints":{"allow":["GET"]}}],"collection":[{"href":"https:\/\/www.diocesesaoluis.org.br\/home\/wp-json\/wp\/v2\/posts"}],"about":[{"href":"https:\/\/www.diocesesaoluis.org.br\/home\/wp-json\/wp\/v2\/types\/post"}],"author":[{"embeddable":true,"href":"https:\/\/www.diocesesaoluis.org.br\/home\/wp-json\/wp\/v2\/users\/2"}],"replies":[{"embeddable":true,"href":"https:\/\/www.diocesesaoluis.org.br\/home\/wp-json\/wp\/v2\/comments?post=22596"}],"version-history":[{"count":1,"href":"https:\/\/www.diocesesaoluis.org.br\/home\/wp-json\/wp\/v2\/posts\/22596\/revisions"}],"predecessor-version":[{"id":22597,"href":"https:\/\/www.diocesesaoluis.org.br\/home\/wp-json\/wp\/v2\/posts\/22596\/revisions\/22597"}],"wp:attachment":[{"href":"https:\/\/www.diocesesaoluis.org.br\/home\/wp-json\/wp\/v2\/media?parent=22596"}],"wp:term":[{"taxonomy":"category","embeddable":true,"href":"https:\/\/www.diocesesaoluis.org.br\/home\/wp-json\/wp\/v2\/categories?post=22596"},{"taxonomy":"post_tag","embeddable":true,"href":"https:\/\/www.diocesesaoluis.org.br\/home\/wp-json\/wp\/v2\/tags?post=22596"}],"curies":[{"name":"wp","href":"https:\/\/api.w.org\/{rel}","templated":true}]}}