{"id":22581,"date":"2026-09-01T10:13:18","date_gmt":"2026-09-01T13:13:18","guid":{"rendered":"https:\/\/www.diocesesaoluis.org.br\/home\/?p=22581"},"modified":"2026-09-02T10:18:11","modified_gmt":"2026-09-02T13:18:11","slug":"forania-senhora-santana-reune-175-participantes-em-claudinapolis-para-estudo-do-livro-de-daniel","status":"publish","type":"post","link":"https:\/\/www.diocesesaoluis.org.br\/home\/forania-senhora-santana-reune-175-participantes-em-claudinapolis-para-estudo-do-livro-de-daniel\/","title":{"rendered":"Forania Senhora Sant&#8217;Ana re\u00fane 175 participantes em Claudin\u00e1polis para estudo do Livro de Daniel"},"content":{"rendered":"\t\t<div data-elementor-type=\"wp-post\" data-elementor-id=\"22581\" class=\"elementor elementor-22581\" data-elementor-post-type=\"post\">\n\t\t\t\t<div class=\"elementor-element elementor-element-1b900e8a e-flex e-con-boxed e-con e-parent\" data-id=\"1b900e8a\" data-element_type=\"container\" data-e-type=\"container\">\n\t\t\t\t\t<div class=\"e-con-inner\">\n\t\t\t\t<div class=\"elementor-element elementor-element-60f81479 elementor-widget elementor-widget-text-editor\" data-id=\"60f81479\" data-element_type=\"widget\" data-e-type=\"widget\" data-widget_type=\"text-editor.default\">\n\t\t\t\t\t\t\t\t\t<h5 style=\"text-align: justify;\" data-path-to-node=\"1\"><span style=\"color: #000000;\"><i data-path-to-node=\"1\" data-index-in-node=\"0\">Encontro formativo em prepara\u00e7\u00e3o para o M\u00eas da B\u00edblia contou com a assessoria do Prof. Guto Josman e mobilizou lideran\u00e7as de toda a regi\u00e3o for\u00e2nea.<\/i><\/span><\/h5><p style=\"text-align: justify;\" data-path-to-node=\"3\"><span style=\"color: #000000;\">No \u00faltimo s\u00e1bado, 29 de agosto, a Forania Senhora Sant&#8217;Ana realizou, no distrito de Claudin\u00e1polis, um importante encontro de forma\u00e7\u00e3o com a edi\u00e7\u00e3o local da Escola B\u00edblica. A forma\u00e7\u00e3o reuniu 175 participantes, entre padres, leigos, catequistas, agentes de pastoral e lideran\u00e7as de diversas comunidades paroquiais que comp\u00f5em a forania.<\/span><\/p><p style=\"text-align: justify;\" data-path-to-node=\"4\"><span style=\"color: #000000;\">A iniciativa teve como foco o aprofundamento b\u00edblico em vista do M\u00eas da B\u00edblia, celebrado pela Igreja no Brasil ao longo de todo o m\u00eas de setembro, preparando os agentes para os c\u00edrculos b\u00edblicos e atividades comunit\u00e1rias.<\/span><\/p><p style=\"text-align: justify;\" data-path-to-node=\"6\"><span style=\"color: #000000;\"><b data-path-to-node=\"6\" data-index-in-node=\"0\">Assessoria e Estudo do Livro do Profeta Daniel<\/b><\/span><\/p><p style=\"text-align: justify;\" data-path-to-node=\"7\"><span style=\"color: #000000;\">O estudo abordou a tem\u00e1tica central do M\u00eas da B\u00edblia deste ano, concentrado no Livro do Profeta Daniel. A assessoria foi conduzida pelo Professor Guto Josman, vindo de Goi\u00e2nia, que apresentou o contexto hist\u00f3rico, teol\u00f3gico e prof\u00e9tico da obra.<\/span><\/p>\t\t\t\t\t\t\t\t<\/div>\n\t\t\t\t<div class=\"elementor-element elementor-element-557eda6 elementor-widget elementor-widget-image-gallery\" data-id=\"557eda6\" data-element_type=\"widget\" data-e-type=\"widget\" data-widget_type=\"image-gallery.default\">\n\t\t\t\t\t\t\t<div class=\"elementor-image-gallery\">\n\t\t\t\n<a data-elementor-open-lightbox=\"yes\" data-elementor-lightbox-slideshow=\"557eda6\" data-elementor-lightbox-title=\"fsa 1\" data-e-action-hash=\"#elementor-action%3Aaction%3Dlightbox%26settings%3DeyJpZCI6MjI1ODQsInVybCI6Imh0dHBzOlwvXC93d3cuZGlvY2VzZXNhb2x1aXMub3JnLmJyXC9ob21lXC93cC1jb250ZW50XC91cGxvYWRzXC8yMDI2XC8wOVwvZnNhLTEuanBlZyIsInNsaWRlc2hvdyI6IjU1N2VkYTYifQ%3D%3D\" href='https:\/\/www.diocesesaoluis.org.br\/home\/wp-content\/uploads\/2026\/09\/fsa-1.jpeg'><img decoding=\"async\" width=\"150\" height=\"113\" src=\"https:\/\/www.diocesesaoluis.org.br\/home\/wp-content\/uploads\/2026\/09\/fsa-1-150x113.jpeg\" class=\"attachment-thumbnail size-thumbnail\" alt=\"\" srcset=\"https:\/\/www.diocesesaoluis.org.br\/home\/wp-content\/uploads\/2026\/09\/fsa-1-150x113.jpeg 150w, https:\/\/www.diocesesaoluis.org.br\/home\/wp-content\/uploads\/2026\/09\/fsa-1-300x225.jpeg 300w, https:\/\/www.diocesesaoluis.org.br\/home\/wp-content\/uploads\/2026\/09\/fsa-1-1024x768.jpeg 1024w, https:\/\/www.diocesesaoluis.org.br\/home\/wp-content\/uploads\/2026\/09\/fsa-1-768x576.jpeg 768w, https:\/\/www.diocesesaoluis.org.br\/home\/wp-content\/uploads\/2026\/09\/fsa-1.jpeg 1440w\" sizes=\"(max-width: 150px) 100vw, 150px\" \/><\/a>\n<a data-elementor-open-lightbox=\"yes\" data-elementor-lightbox-slideshow=\"557eda6\" data-elementor-lightbox-title=\"fsa 2\" data-e-action-hash=\"#elementor-action%3Aaction%3Dlightbox%26settings%3DeyJpZCI6MjI1ODUsInVybCI6Imh0dHBzOlwvXC93d3cuZGlvY2VzZXNhb2x1aXMub3JnLmJyXC9ob21lXC93cC1jb250ZW50XC91cGxvYWRzXC8yMDI2XC8wOVwvZnNhLTIuanBlZyIsInNsaWRlc2hvdyI6IjU1N2VkYTYifQ%3D%3D\" href='https:\/\/www.diocesesaoluis.org.br\/home\/wp-content\/uploads\/2026\/09\/fsa-2.jpeg'><img decoding=\"async\" width=\"150\" height=\"113\" src=\"https:\/\/www.diocesesaoluis.org.br\/home\/wp-content\/uploads\/2026\/09\/fsa-2-150x113.jpeg\" class=\"attachment-thumbnail size-thumbnail\" alt=\"\" srcset=\"https:\/\/www.diocesesaoluis.org.br\/home\/wp-content\/uploads\/2026\/09\/fsa-2-150x113.jpeg 150w, https:\/\/www.diocesesaoluis.org.br\/home\/wp-content\/uploads\/2026\/09\/fsa-2-300x225.jpeg 300w, https:\/\/www.diocesesaoluis.org.br\/home\/wp-content\/uploads\/2026\/09\/fsa-2-1024x768.jpeg 1024w, https:\/\/www.diocesesaoluis.org.br\/home\/wp-content\/uploads\/2026\/09\/fsa-2-768x576.jpeg 768w, https:\/\/www.diocesesaoluis.org.br\/home\/wp-content\/uploads\/2026\/09\/fsa-2.jpeg 1440w\" sizes=\"(max-width: 150px) 100vw, 150px\" \/><\/a>\n<a data-elementor-open-lightbox=\"yes\" data-elementor-lightbox-slideshow=\"557eda6\" data-elementor-lightbox-title=\"fsa 3\" data-e-action-hash=\"#elementor-action%3Aaction%3Dlightbox%26settings%3DeyJpZCI6MjI1ODYsInVybCI6Imh0dHBzOlwvXC93d3cuZGlvY2VzZXNhb2x1aXMub3JnLmJyXC9ob21lXC93cC1jb250ZW50XC91cGxvYWRzXC8yMDI2XC8wOVwvZnNhLTMuanBlZyIsInNsaWRlc2hvdyI6IjU1N2VkYTYifQ%3D%3D\" href='https:\/\/www.diocesesaoluis.org.br\/home\/wp-content\/uploads\/2026\/09\/fsa-3.jpeg'><img decoding=\"async\" width=\"150\" height=\"113\" src=\"https:\/\/www.diocesesaoluis.org.br\/home\/wp-content\/uploads\/2026\/09\/fsa-3-150x113.jpeg\" class=\"attachment-thumbnail size-thumbnail\" alt=\"\" srcset=\"https:\/\/www.diocesesaoluis.org.br\/home\/wp-content\/uploads\/2026\/09\/fsa-3-150x113.jpeg 150w, https:\/\/www.diocesesaoluis.org.br\/home\/wp-content\/uploads\/2026\/09\/fsa-3-300x225.jpeg 300w, https:\/\/www.diocesesaoluis.org.br\/home\/wp-content\/uploads\/2026\/09\/fsa-3-1024x768.jpeg 1024w, https:\/\/www.diocesesaoluis.org.br\/home\/wp-content\/uploads\/2026\/09\/fsa-3-768x576.jpeg 768w, https:\/\/www.diocesesaoluis.org.br\/home\/wp-content\/uploads\/2026\/09\/fsa-3.jpeg 1440w\" sizes=\"(max-width: 150px) 100vw, 150px\" \/><\/a>\n<a data-elementor-open-lightbox=\"yes\" data-elementor-lightbox-slideshow=\"557eda6\" data-elementor-lightbox-title=\"fsa 4\" data-e-action-hash=\"#elementor-action%3Aaction%3Dlightbox%26settings%3DeyJpZCI6MjI1ODcsInVybCI6Imh0dHBzOlwvXC93d3cuZGlvY2VzZXNhb2x1aXMub3JnLmJyXC9ob21lXC93cC1jb250ZW50XC91cGxvYWRzXC8yMDI2XC8wOVwvZnNhLTQuanBlZyIsInNsaWRlc2hvdyI6IjU1N2VkYTYifQ%3D%3D\" href='https:\/\/www.diocesesaoluis.org.br\/home\/wp-content\/uploads\/2026\/09\/fsa-4.jpeg'><img loading=\"lazy\" decoding=\"async\" width=\"150\" height=\"113\" src=\"https:\/\/www.diocesesaoluis.org.br\/home\/wp-content\/uploads\/2026\/09\/fsa-4-150x113.jpeg\" class=\"attachment-thumbnail size-thumbnail\" alt=\"\" srcset=\"https:\/\/www.diocesesaoluis.org.br\/home\/wp-content\/uploads\/2026\/09\/fsa-4-150x113.jpeg 150w, https:\/\/www.diocesesaoluis.org.br\/home\/wp-content\/uploads\/2026\/09\/fsa-4-300x225.jpeg 300w, https:\/\/www.diocesesaoluis.org.br\/home\/wp-content\/uploads\/2026\/09\/fsa-4-1024x768.jpeg 1024w, https:\/\/www.diocesesaoluis.org.br\/home\/wp-content\/uploads\/2026\/09\/fsa-4-768x576.jpeg 768w, https:\/\/www.diocesesaoluis.org.br\/home\/wp-content\/uploads\/2026\/09\/fsa-4.jpeg 1440w\" sizes=\"(max-width: 150px) 100vw, 150px\" \/><\/a>\n<a data-elementor-open-lightbox=\"yes\" data-elementor-lightbox-slideshow=\"557eda6\" data-elementor-lightbox-title=\"fsa 5\" data-e-action-hash=\"#elementor-action%3Aaction%3Dlightbox%26settings%3DeyJpZCI6MjI1ODgsInVybCI6Imh0dHBzOlwvXC93d3cuZGlvY2VzZXNhb2x1aXMub3JnLmJyXC9ob21lXC93cC1jb250ZW50XC91cGxvYWRzXC8yMDI2XC8wOVwvZnNhLTUuanBlZyIsInNsaWRlc2hvdyI6IjU1N2VkYTYifQ%3D%3D\" href='https:\/\/www.diocesesaoluis.org.br\/home\/wp-content\/uploads\/2026\/09\/fsa-5.jpeg'><img loading=\"lazy\" decoding=\"async\" width=\"150\" height=\"113\" src=\"https:\/\/www.diocesesaoluis.org.br\/home\/wp-content\/uploads\/2026\/09\/fsa-5-150x113.jpeg\" class=\"attachment-thumbnail size-thumbnail\" alt=\"\" srcset=\"https:\/\/www.diocesesaoluis.org.br\/home\/wp-content\/uploads\/2026\/09\/fsa-5-150x113.jpeg 150w, https:\/\/www.diocesesaoluis.org.br\/home\/wp-content\/uploads\/2026\/09\/fsa-5-300x225.jpeg 300w, https:\/\/www.diocesesaoluis.org.br\/home\/wp-content\/uploads\/2026\/09\/fsa-5-1024x768.jpeg 1024w, https:\/\/www.diocesesaoluis.org.br\/home\/wp-content\/uploads\/2026\/09\/fsa-5-768x576.jpeg 768w, https:\/\/www.diocesesaoluis.org.br\/home\/wp-content\/uploads\/2026\/09\/fsa-5.jpeg 1440w\" sizes=\"(max-width: 150px) 100vw, 150px\" \/><\/a>\n<a data-elementor-open-lightbox=\"yes\" data-elementor-lightbox-slideshow=\"557eda6\" data-elementor-lightbox-title=\"fsa\" data-e-action-hash=\"#elementor-action%3Aaction%3Dlightbox%26settings%3DeyJpZCI6MjI1ODIsInVybCI6Imh0dHBzOlwvXC93d3cuZGlvY2VzZXNhb2x1aXMub3JnLmJyXC9ob21lXC93cC1jb250ZW50XC91cGxvYWRzXC8yMDI2XC8wOVwvZnNhLmpwZWciLCJzbGlkZXNob3ciOiI1NTdlZGE2In0%3D\" href='https:\/\/www.diocesesaoluis.org.br\/home\/wp-content\/uploads\/2026\/09\/fsa.jpeg'><img loading=\"lazy\" decoding=\"async\" width=\"150\" height=\"113\" src=\"https:\/\/www.diocesesaoluis.org.br\/home\/wp-content\/uploads\/2026\/09\/fsa-150x113.jpeg\" class=\"attachment-thumbnail size-thumbnail\" alt=\"\" srcset=\"https:\/\/www.diocesesaoluis.org.br\/home\/wp-content\/uploads\/2026\/09\/fsa-150x113.jpeg 150w, https:\/\/www.diocesesaoluis.org.br\/home\/wp-content\/uploads\/2026\/09\/fsa-300x225.jpeg 300w, https:\/\/www.diocesesaoluis.org.br\/home\/wp-content\/uploads\/2026\/09\/fsa-1024x768.jpeg 1024w, https:\/\/www.diocesesaoluis.org.br\/home\/wp-content\/uploads\/2026\/09\/fsa-768x576.jpeg 768w, https:\/\/www.diocesesaoluis.org.br\/home\/wp-content\/uploads\/2026\/09\/fsa.jpeg 1440w\" sizes=\"(max-width: 150px) 100vw, 150px\" \/><\/a>\n\t\t<\/div>\n\t\t\t\t\t\t<\/div>\n\t\t\t\t\t<\/div>\n\t\t\t\t<\/div>\n\t\t\t\t<\/div>\n\t\t","protected":false},"excerpt":{"rendered":"<p>Encontro formativo em prepara\u00e7\u00e3o para o M\u00eas da B\u00edblia contou com a assessoria do Prof. Guto Josman e mobilizou lideran\u00e7as de toda a regi\u00e3o for\u00e2nea. No \u00faltimo s\u00e1bado, 29 de agosto, a Forania Senhora Sant&#8217;Ana realizou, no distrito de Claudin\u00e1polis, um importante encontro de forma\u00e7\u00e3o com a edi\u00e7\u00e3o local da Escola B\u00edblica. A forma\u00e7\u00e3o reuniu [&hellip;]<\/p>\n","protected":false},"author":2,"featured_media":22582,"comment_status":"closed","ping_status":"closed","sticky":false,"template":"","format":"standard","meta":{"_acf_changed":false,"footnotes":""},"categories":[973],"tags":[1007,475],"class_list":["post-22581","post","type-post","status-publish","format-standard","has-post-thumbnail","hentry","category-noticias-da-diocese","tag-escola-biblica","tag-forania-senhora-santana"],"acf":[],"yoast_head":"<!-- This site is optimized with the Yoast SEO plugin v27.6 - https:\/\/yoast.com\/product\/yoast-seo-wordpress\/ -->\n<title>Forania Senhora Sant&#039;Ana re\u00fane 175 participantes em Claudin\u00e1polis para estudo do Livro de Daniel - Diocese de S\u00e3o Lu\u00eds de Montes Belos<\/title>\n<meta name=\"robots\" content=\"index, follow, max-snippet:-1, max-image-preview:large, max-video-preview:-1\" \/>\n<link rel=\"canonical\" href=\"https:\/\/www.diocesesaoluis.org.br\/home\/forania-senhora-santana-reune-175-participantes-em-claudinapolis-para-estudo-do-livro-de-daniel\/\" \/>\n<meta property=\"og:locale\" content=\"pt_BR\" \/>\n<meta property=\"og:type\" content=\"article\" \/>\n<meta property=\"og:title\" content=\"Forania Senhora Sant&#039;Ana re\u00fane 175 participantes em Claudin\u00e1polis para estudo do Livro de Daniel - Diocese de S\u00e3o Lu\u00eds de Montes Belos\" \/>\n<meta property=\"og:description\" content=\"Encontro formativo em prepara\u00e7\u00e3o para o M\u00eas da B\u00edblia contou com a assessoria do Prof. Guto Josman e mobilizou lideran\u00e7as de toda a regi\u00e3o for\u00e2nea. No \u00faltimo s\u00e1bado, 29 de agosto, a Forania Senhora Sant&#8217;Ana realizou, no distrito de Claudin\u00e1polis, um importante encontro de forma\u00e7\u00e3o com a edi\u00e7\u00e3o local da Escola B\u00edblica. A forma\u00e7\u00e3o reuniu [&hellip;]\" \/>\n<meta property=\"og:url\" content=\"https:\/\/www.diocesesaoluis.org.br\/home\/forania-senhora-santana-reune-175-participantes-em-claudinapolis-para-estudo-do-livro-de-daniel\/\" \/>\n<meta property=\"og:site_name\" content=\"Diocese de S\u00e3o Lu\u00eds de Montes Belos\" \/>\n<meta property=\"article:published_time\" content=\"2026-09-01T13:13:18+00:00\" \/>\n<meta property=\"article:modified_time\" content=\"2026-09-02T13:18:11+00:00\" \/>\n<meta property=\"og:image\" content=\"https:\/\/www.diocesesaoluis.org.br\/home\/wp-content\/uploads\/2026\/09\/fsa.jpeg\" \/>\n\t<meta property=\"og:image:width\" content=\"1440\" \/>\n\t<meta property=\"og:image:height\" content=\"1080\" \/>\n\t<meta property=\"og:image:type\" content=\"image\/jpeg\" \/>\n<meta name=\"author\" content=\"Lucas Rodrigues\" \/>\n<meta name=\"twitter:card\" content=\"summary_large_image\" \/>\n<meta name=\"twitter:label1\" content=\"Escrito por\" \/>\n\t<meta name=\"twitter:data1\" content=\"Lucas Rodrigues\" \/>\n\t<meta name=\"twitter:label2\" content=\"Est. tempo de leitura\" \/>\n\t<meta name=\"twitter:data2\" content=\"3 minutos\" \/>\n<script type=\"application\/ld+json\" class=\"yoast-schema-graph\">{\"@context\":\"https:\\\/\\\/schema.org\",\"@graph\":[{\"@type\":\"Article\",\"@id\":\"https:\\\/\\\/www.diocesesaoluis.org.br\\\/home\\\/forania-senhora-santana-reune-175-participantes-em-claudinapolis-para-estudo-do-livro-de-daniel\\\/#article\",\"isPartOf\":{\"@id\":\"https:\\\/\\\/www.diocesesaoluis.org.br\\\/home\\\/forania-senhora-santana-reune-175-participantes-em-claudinapolis-para-estudo-do-livro-de-daniel\\\/\"},\"author\":{\"name\":\"Lucas Rodrigues\",\"@id\":\"https:\\\/\\\/www.diocesesaoluis.org.br\\\/home\\\/#\\\/schema\\\/person\\\/69f4a8d627a985510bdf8efd229a28a9\"},\"headline\":\"Forania Senhora Sant&#8217;Ana re\u00fane 175 participantes em Claudin\u00e1polis para estudo do Livro de Daniel\",\"datePublished\":\"2026-09-01T13:13:18+00:00\",\"dateModified\":\"2026-09-02T13:18:11+00:00\",\"mainEntityOfPage\":{\"@id\":\"https:\\\/\\\/www.diocesesaoluis.org.br\\\/home\\\/forania-senhora-santana-reune-175-participantes-em-claudinapolis-para-estudo-do-livro-de-daniel\\\/\"},\"wordCount\":199,\"publisher\":{\"@id\":\"https:\\\/\\\/www.diocesesaoluis.org.br\\\/home\\\/#organization\"},\"image\":{\"@id\":\"https:\\\/\\\/www.diocesesaoluis.org.br\\\/home\\\/forania-senhora-santana-reune-175-participantes-em-claudinapolis-para-estudo-do-livro-de-daniel\\\/#primaryimage\"},\"thumbnailUrl\":\"https:\\\/\\\/www.diocesesaoluis.org.br\\\/home\\\/wp-content\\\/uploads\\\/2026\\\/09\\\/fsa.jpeg\",\"keywords\":[\"Escola B\u00edblica\",\"Forania Senhora Sant'Ana\"],\"articleSection\":[\"Not\u00edcias da Diocese\"],\"inLanguage\":\"pt-BR\"},{\"@type\":\"WebPage\",\"@id\":\"https:\\\/\\\/www.diocesesaoluis.org.br\\\/home\\\/forania-senhora-santana-reune-175-participantes-em-claudinapolis-para-estudo-do-livro-de-daniel\\\/\",\"url\":\"https:\\\/\\\/www.diocesesaoluis.org.br\\\/home\\\/forania-senhora-santana-reune-175-participantes-em-claudinapolis-para-estudo-do-livro-de-daniel\\\/\",\"name\":\"Forania Senhora Sant'Ana re\u00fane 175 participantes em Claudin\u00e1polis para estudo do Livro de Daniel - Diocese de S\u00e3o Lu\u00eds de Montes Belos\",\"isPartOf\":{\"@id\":\"https:\\\/\\\/www.diocesesaoluis.org.br\\\/home\\\/#website\"},\"primaryImageOfPage\":{\"@id\":\"https:\\\/\\\/www.diocesesaoluis.org.br\\\/home\\\/forania-senhora-santana-reune-175-participantes-em-claudinapolis-para-estudo-do-livro-de-daniel\\\/#primaryimage\"},\"image\":{\"@id\":\"https:\\\/\\\/www.diocesesaoluis.org.br\\\/home\\\/forania-senhora-santana-reune-175-participantes-em-claudinapolis-para-estudo-do-livro-de-daniel\\\/#primaryimage\"},\"thumbnailUrl\":\"https:\\\/\\\/www.diocesesaoluis.org.br\\\/home\\\/wp-content\\\/uploads\\\/2026\\\/09\\\/fsa.jpeg\",\"datePublished\":\"2026-09-01T13:13:18+00:00\",\"dateModified\":\"2026-09-02T13:18:11+00:00\",\"breadcrumb\":{\"@id\":\"https:\\\/\\\/www.diocesesaoluis.org.br\\\/home\\\/forania-senhora-santana-reune-175-participantes-em-claudinapolis-para-estudo-do-livro-de-daniel\\\/#breadcrumb\"},\"inLanguage\":\"pt-BR\",\"potentialAction\":[{\"@type\":\"ReadAction\",\"target\":[\"https:\\\/\\\/www.diocesesaoluis.org.br\\\/home\\\/forania-senhora-santana-reune-175-participantes-em-claudinapolis-para-estudo-do-livro-de-daniel\\\/\"]}]},{\"@type\":\"ImageObject\",\"inLanguage\":\"pt-BR\",\"@id\":\"https:\\\/\\\/www.diocesesaoluis.org.br\\\/home\\\/forania-senhora-santana-reune-175-participantes-em-claudinapolis-para-estudo-do-livro-de-daniel\\\/#primaryimage\",\"url\":\"https:\\\/\\\/www.diocesesaoluis.org.br\\\/home\\\/wp-content\\\/uploads\\\/2026\\\/09\\\/fsa.jpeg\",\"contentUrl\":\"https:\\\/\\\/www.diocesesaoluis.org.br\\\/home\\\/wp-content\\\/uploads\\\/2026\\\/09\\\/fsa.jpeg\",\"width\":1440,\"height\":1080},{\"@type\":\"BreadcrumbList\",\"@id\":\"https:\\\/\\\/www.diocesesaoluis.org.br\\\/home\\\/forania-senhora-santana-reune-175-participantes-em-claudinapolis-para-estudo-do-livro-de-daniel\\\/#breadcrumb\",\"itemListElement\":[{\"@type\":\"ListItem\",\"position\":1,\"name\":\"In\u00edcio\",\"item\":\"https:\\\/\\\/www.diocesesaoluis.org.br\\\/home\\\/\"},{\"@type\":\"ListItem\",\"position\":2,\"name\":\"Forania Senhora Sant&#8217;Ana re\u00fane 175 participantes em Claudin\u00e1polis para estudo do Livro de Daniel\"}]},{\"@type\":\"WebSite\",\"@id\":\"https:\\\/\\\/www.diocesesaoluis.org.br\\\/home\\\/#website\",\"url\":\"https:\\\/\\\/www.diocesesaoluis.org.br\\\/home\\\/\",\"name\":\"Diocese de S\u00e3o Lu\u00eds de Montes Belos\",\"description\":\"Diocese de S\u00e3o Lu\u00eds de Montes Belos\",\"publisher\":{\"@id\":\"https:\\\/\\\/www.diocesesaoluis.org.br\\\/home\\\/#organization\"},\"potentialAction\":[{\"@type\":\"SearchAction\",\"target\":{\"@type\":\"EntryPoint\",\"urlTemplate\":\"https:\\\/\\\/www.diocesesaoluis.org.br\\\/home\\\/?s={search_term_string}\"},\"query-input\":{\"@type\":\"PropertyValueSpecification\",\"valueRequired\":true,\"valueName\":\"search_term_string\"}}],\"inLanguage\":\"pt-BR\"},{\"@type\":\"Organization\",\"@id\":\"https:\\\/\\\/www.diocesesaoluis.org.br\\\/home\\\/#organization\",\"name\":\"Diocese de S\u00e3o Lu\u00eds de Montes Belos\",\"url\":\"https:\\\/\\\/www.diocesesaoluis.org.br\\\/home\\\/\",\"logo\":{\"@type\":\"ImageObject\",\"inLanguage\":\"pt-BR\",\"@id\":\"https:\\\/\\\/www.diocesesaoluis.org.br\\\/home\\\/#\\\/schema\\\/logo\\\/image\\\/\",\"url\":\"https:\\\/\\\/www.diocesesaoluis.org.br\\\/home\\\/wp-content\\\/uploads\\\/2026\\\/04\\\/logo-1-scaled.webp\",\"contentUrl\":\"https:\\\/\\\/www.diocesesaoluis.org.br\\\/home\\\/wp-content\\\/uploads\\\/2026\\\/04\\\/logo-1-scaled.webp\",\"width\":1987,\"height\":2560,\"caption\":\"Diocese de S\u00e3o Lu\u00eds de Montes Belos\"},\"image\":{\"@id\":\"https:\\\/\\\/www.diocesesaoluis.org.br\\\/home\\\/#\\\/schema\\\/logo\\\/image\\\/\"}},{\"@type\":\"Person\",\"@id\":\"https:\\\/\\\/www.diocesesaoluis.org.br\\\/home\\\/#\\\/schema\\\/person\\\/69f4a8d627a985510bdf8efd229a28a9\",\"name\":\"Lucas Rodrigues\",\"image\":{\"@type\":\"ImageObject\",\"inLanguage\":\"pt-BR\",\"@id\":\"https:\\\/\\\/secure.gravatar.com\\\/avatar\\\/c40b1ec1abaa30bb21c0b11d86aa90ae3d34c8b4c7f0b101783d95525e372e6b?s=96&d=mm&r=g\",\"url\":\"https:\\\/\\\/secure.gravatar.com\\\/avatar\\\/c40b1ec1abaa30bb21c0b11d86aa90ae3d34c8b4c7f0b101783d95525e372e6b?s=96&d=mm&r=g\",\"contentUrl\":\"https:\\\/\\\/secure.gravatar.com\\\/avatar\\\/c40b1ec1abaa30bb21c0b11d86aa90ae3d34c8b4c7f0b101783d95525e372e6b?s=96&d=mm&r=g\",\"caption\":\"Lucas Rodrigues\"},\"sameAs\":[\"http:\\\/\\\/diocesesaoluis.org.br\"],\"url\":\"https:\\\/\\\/www.diocesesaoluis.org.br\\\/home\\\/author\\\/lucas\\\/\"}]}<\/script>\n<!-- \/ Yoast SEO plugin. -->","yoast_head_json":{"title":"Forania Senhora Sant'Ana re\u00fane 175 participantes em Claudin\u00e1polis para estudo do Livro de Daniel - Diocese de S\u00e3o Lu\u00eds de Montes Belos","robots":{"index":"index","follow":"follow","max-snippet":"max-snippet:-1","max-image-preview":"max-image-preview:large","max-video-preview":"max-video-preview:-1"},"canonical":"https:\/\/www.diocesesaoluis.org.br\/home\/forania-senhora-santana-reune-175-participantes-em-claudinapolis-para-estudo-do-livro-de-daniel\/","og_locale":"pt_BR","og_type":"article","og_title":"Forania Senhora Sant'Ana re\u00fane 175 participantes em Claudin\u00e1polis para estudo do Livro de Daniel - Diocese de S\u00e3o Lu\u00eds de Montes Belos","og_description":"Encontro formativo em prepara\u00e7\u00e3o para o M\u00eas da B\u00edblia contou com a assessoria do Prof. Guto Josman e mobilizou lideran\u00e7as de toda a regi\u00e3o for\u00e2nea. No \u00faltimo s\u00e1bado, 29 de agosto, a Forania Senhora Sant&#8217;Ana realizou, no distrito de Claudin\u00e1polis, um importante encontro de forma\u00e7\u00e3o com a edi\u00e7\u00e3o local da Escola B\u00edblica. A forma\u00e7\u00e3o reuniu [&hellip;]","og_url":"https:\/\/www.diocesesaoluis.org.br\/home\/forania-senhora-santana-reune-175-participantes-em-claudinapolis-para-estudo-do-livro-de-daniel\/","og_site_name":"Diocese de S\u00e3o Lu\u00eds de Montes Belos","article_published_time":"2026-09-01T13:13:18+00:00","article_modified_time":"2026-09-02T13:18:11+00:00","og_image":[{"width":1440,"height":1080,"url":"https:\/\/www.diocesesaoluis.org.br\/home\/wp-content\/uploads\/2026\/09\/fsa.jpeg","type":"image\/jpeg"}],"author":"Lucas Rodrigues","twitter_card":"summary_large_image","twitter_misc":{"Escrito por":"Lucas Rodrigues","Est. tempo de leitura":"3 minutos"},"schema":{"@context":"https:\/\/schema.org","@graph":[{"@type":"Article","@id":"https:\/\/www.diocesesaoluis.org.br\/home\/forania-senhora-santana-reune-175-participantes-em-claudinapolis-para-estudo-do-livro-de-daniel\/#article","isPartOf":{"@id":"https:\/\/www.diocesesaoluis.org.br\/home\/forania-senhora-santana-reune-175-participantes-em-claudinapolis-para-estudo-do-livro-de-daniel\/"},"author":{"name":"Lucas Rodrigues","@id":"https:\/\/www.diocesesaoluis.org.br\/home\/#\/schema\/person\/69f4a8d627a985510bdf8efd229a28a9"},"headline":"Forania Senhora Sant&#8217;Ana re\u00fane 175 participantes em Claudin\u00e1polis para estudo do Livro de Daniel","datePublished":"2026-09-01T13:13:18+00:00","dateModified":"2026-09-02T13:18:11+00:00","mainEntityOfPage":{"@id":"https:\/\/www.diocesesaoluis.org.br\/home\/forania-senhora-santana-reune-175-participantes-em-claudinapolis-para-estudo-do-livro-de-daniel\/"},"wordCount":199,"publisher":{"@id":"https:\/\/www.diocesesaoluis.org.br\/home\/#organization"},"image":{"@id":"https:\/\/www.diocesesaoluis.org.br\/home\/forania-senhora-santana-reune-175-participantes-em-claudinapolis-para-estudo-do-livro-de-daniel\/#primaryimage"},"thumbnailUrl":"https:\/\/www.diocesesaoluis.org.br\/home\/wp-content\/uploads\/2026\/09\/fsa.jpeg","keywords":["Escola B\u00edblica","Forania Senhora Sant'Ana"],"articleSection":["Not\u00edcias da Diocese"],"inLanguage":"pt-BR"},{"@type":"WebPage","@id":"https:\/\/www.diocesesaoluis.org.br\/home\/forania-senhora-santana-reune-175-participantes-em-claudinapolis-para-estudo-do-livro-de-daniel\/","url":"https:\/\/www.diocesesaoluis.org.br\/home\/forania-senhora-santana-reune-175-participantes-em-claudinapolis-para-estudo-do-livro-de-daniel\/","name":"Forania Senhora Sant'Ana re\u00fane 175 participantes em Claudin\u00e1polis para estudo do Livro de Daniel - Diocese de S\u00e3o Lu\u00eds de Montes Belos","isPartOf":{"@id":"https:\/\/www.diocesesaoluis.org.br\/home\/#website"},"primaryImageOfPage":{"@id":"https:\/\/www.diocesesaoluis.org.br\/home\/forania-senhora-santana-reune-175-participantes-em-claudinapolis-para-estudo-do-livro-de-daniel\/#primaryimage"},"image":{"@id":"https:\/\/www.diocesesaoluis.org.br\/home\/forania-senhora-santana-reune-175-participantes-em-claudinapolis-para-estudo-do-livro-de-daniel\/#primaryimage"},"thumbnailUrl":"https:\/\/www.diocesesaoluis.org.br\/home\/wp-content\/uploads\/2026\/09\/fsa.jpeg","datePublished":"2026-09-01T13:13:18+00:00","dateModified":"2026-09-02T13:18:11+00:00","breadcrumb":{"@id":"https:\/\/www.diocesesaoluis.org.br\/home\/forania-senhora-santana-reune-175-participantes-em-claudinapolis-para-estudo-do-livro-de-daniel\/#breadcrumb"},"inLanguage":"pt-BR","potentialAction":[{"@type":"ReadAction","target":["https:\/\/www.diocesesaoluis.org.br\/home\/forania-senhora-santana-reune-175-participantes-em-claudinapolis-para-estudo-do-livro-de-daniel\/"]}]},{"@type":"ImageObject","inLanguage":"pt-BR","@id":"https:\/\/www.diocesesaoluis.org.br\/home\/forania-senhora-santana-reune-175-participantes-em-claudinapolis-para-estudo-do-livro-de-daniel\/#primaryimage","url":"https:\/\/www.diocesesaoluis.org.br\/home\/wp-content\/uploads\/2026\/09\/fsa.jpeg","contentUrl":"https:\/\/www.diocesesaoluis.org.br\/home\/wp-content\/uploads\/2026\/09\/fsa.jpeg","width":1440,"height":1080},{"@type":"BreadcrumbList","@id":"https:\/\/www.diocesesaoluis.org.br\/home\/forania-senhora-santana-reune-175-participantes-em-claudinapolis-para-estudo-do-livro-de-daniel\/#breadcrumb","itemListElement":[{"@type":"ListItem","position":1,"name":"In\u00edcio","item":"https:\/\/www.diocesesaoluis.org.br\/home\/"},{"@type":"ListItem","position":2,"name":"Forania Senhora Sant&#8217;Ana re\u00fane 175 participantes em Claudin\u00e1polis para estudo do Livro de Daniel"}]},{"@type":"WebSite","@id":"https:\/\/www.diocesesaoluis.org.br\/home\/#website","url":"https:\/\/www.diocesesaoluis.org.br\/home\/","name":"Diocese de S\u00e3o Lu\u00eds de Montes Belos","description":"Diocese de S\u00e3o Lu\u00eds de Montes Belos","publisher":{"@id":"https:\/\/www.diocesesaoluis.org.br\/home\/#organization"},"potentialAction":[{"@type":"SearchAction","target":{"@type":"EntryPoint","urlTemplate":"https:\/\/www.diocesesaoluis.org.br\/home\/?s={search_term_string}"},"query-input":{"@type":"PropertyValueSpecification","valueRequired":true,"valueName":"search_term_string"}}],"inLanguage":"pt-BR"},{"@type":"Organization","@id":"https:\/\/www.diocesesaoluis.org.br\/home\/#organization","name":"Diocese de S\u00e3o Lu\u00eds de Montes Belos","url":"https:\/\/www.diocesesaoluis.org.br\/home\/","logo":{"@type":"ImageObject","inLanguage":"pt-BR","@id":"https:\/\/www.diocesesaoluis.org.br\/home\/#\/schema\/logo\/image\/","url":"https:\/\/www.diocesesaoluis.org.br\/home\/wp-content\/uploads\/2026\/04\/logo-1-scaled.webp","contentUrl":"https:\/\/www.diocesesaoluis.org.br\/home\/wp-content\/uploads\/2026\/04\/logo-1-scaled.webp","width":1987,"height":2560,"caption":"Diocese de S\u00e3o Lu\u00eds de Montes Belos"},"image":{"@id":"https:\/\/www.diocesesaoluis.org.br\/home\/#\/schema\/logo\/image\/"}},{"@type":"Person","@id":"https:\/\/www.diocesesaoluis.org.br\/home\/#\/schema\/person\/69f4a8d627a985510bdf8efd229a28a9","name":"Lucas Rodrigues","image":{"@type":"ImageObject","inLanguage":"pt-BR","@id":"https:\/\/secure.gravatar.com\/avatar\/c40b1ec1abaa30bb21c0b11d86aa90ae3d34c8b4c7f0b101783d95525e372e6b?s=96&d=mm&r=g","url":"https:\/\/secure.gravatar.com\/avatar\/c40b1ec1abaa30bb21c0b11d86aa90ae3d34c8b4c7f0b101783d95525e372e6b?s=96&d=mm&r=g","contentUrl":"https:\/\/secure.gravatar.com\/avatar\/c40b1ec1abaa30bb21c0b11d86aa90ae3d34c8b4c7f0b101783d95525e372e6b?s=96&d=mm&r=g","caption":"Lucas Rodrigues"},"sameAs":["http:\/\/diocesesaoluis.org.br"],"url":"https:\/\/www.diocesesaoluis.org.br\/home\/author\/lucas\/"}]}},"_links":{"self":[{"href":"https:\/\/www.diocesesaoluis.org.br\/home\/wp-json\/wp\/v2\/posts\/22581","targetHints":{"allow":["GET"]}}],"collection":[{"href":"https:\/\/www.diocesesaoluis.org.br\/home\/wp-json\/wp\/v2\/posts"}],"about":[{"href":"https:\/\/www.diocesesaoluis.org.br\/home\/wp-json\/wp\/v2\/types\/post"}],"author":[{"embeddable":true,"href":"https:\/\/www.diocesesaoluis.org.br\/home\/wp-json\/wp\/v2\/users\/2"}],"replies":[{"embeddable":true,"href":"https:\/\/www.diocesesaoluis.org.br\/home\/wp-json\/wp\/v2\/comments?post=22581"}],"version-history":[{"count":4,"href":"https:\/\/www.diocesesaoluis.org.br\/home\/wp-json\/wp\/v2\/posts\/22581\/revisions"}],"predecessor-version":[{"id":22591,"href":"https:\/\/www.diocesesaoluis.org.br\/home\/wp-json\/wp\/v2\/posts\/22581\/revisions\/22591"}],"wp:featuredmedia":[{"embeddable":true,"href":"https:\/\/www.diocesesaoluis.org.br\/home\/wp-json\/wp\/v2\/media\/22582"}],"wp:attachment":[{"href":"https:\/\/www.diocesesaoluis.org.br\/home\/wp-json\/wp\/v2\/media?parent=22581"}],"wp:term":[{"taxonomy":"category","embeddable":true,"href":"https:\/\/www.diocesesaoluis.org.br\/home\/wp-json\/wp\/v2\/categories?post=22581"},{"taxonomy":"post_tag","embeddable":true,"href":"https:\/\/www.diocesesaoluis.org.br\/home\/wp-json\/wp\/v2\/tags?post=22581"}],"curies":[{"name":"wp","href":"https:\/\/api.w.org\/{rel}","templated":true}]}}