{"id":22570,"date":"2026-08-31T14:26:55","date_gmt":"2026-08-31T17:26:55","guid":{"rendered":"https:\/\/www.diocesesaoluis.org.br\/home\/?p=22570"},"modified":"2026-09-01T14:32:24","modified_gmt":"2026-09-01T17:32:24","slug":"forania-sao-luis-gonzaga-reune-padres-e-animadores-para-avaliacao-e-planejamento-do-v-plano-diocesano-de-pastoral","status":"publish","type":"post","link":"https:\/\/www.diocesesaoluis.org.br\/home\/forania-sao-luis-gonzaga-reune-padres-e-animadores-para-avaliacao-e-planejamento-do-v-plano-diocesano-de-pastoral\/","title":{"rendered":"Forania S\u00e3o Lu\u00eds Gonzaga re\u00fane padres e animadores para avalia\u00e7\u00e3o e planejamento do V Plano Diocesano de Pastoral"},"content":{"rendered":"<h3 data-path-to-node=\"1\"><i data-path-to-node=\"1\" data-index-in-node=\"28\">Encontro realizado em Cachoeira de Goi\u00e1s debateu as a\u00e7\u00f5es em andamento e tra\u00e7ou metas para o pr\u00f3ximo ano a partir dos tr\u00eas eixos pastorais diocesanos.<\/i><\/h3>\n<p data-path-to-node=\"3\">Na manh\u00e3 do \u00faltimo s\u00e1bado, 29 de agosto, o Conselho da Forania S\u00e3o Lu\u00eds Gonzaga esteve reunido na Par\u00f3quia Divino Pai Eterno, no munic\u00edpio de Cachoeira de Goi\u00e1s, para a realiza\u00e7\u00e3o de mais uma etapa de acompanhamento do V Plano Diocesano de Pastoral \u2013 Discipulado e Miss\u00e3o.<\/p>\n<p data-path-to-node=\"4\">O encontro reuniu os sacerdotes que atuam nas par\u00f3quias que comp\u00f5em a Forania, juntamente com os animadores paroquiais respons\u00e1veis pela dinamiza\u00e7\u00e3o dos trabalhos pastorais em cada comunidade.<\/p>\n<h3 data-path-to-node=\"6\"><b data-path-to-node=\"6\" data-index-in-node=\"0\">Avalia\u00e7\u00e3o e metas\u00a0<\/b><\/h3>\n<p data-path-to-node=\"7\">Durante a reuni\u00e3o, os participantes partilharam diagn\u00f3sticos, experi\u00eancias e realiza\u00e7\u00f5es pr\u00e1ticas de cada par\u00f3quia, direcionando o olhar para o planejamento do pr\u00f3ximo ano a partir dos tr\u00eas eixos centrais que norteiam a caminhada da Diocese: Inicia\u00e7\u00e3o \u00e0 Vida Crist\u00e3 (IVC), Vida e Comunidade e\u00a0Caridade e Miss\u00e3o.<\/p>\n<p data-path-to-node=\"9\">O momento de escuta m\u00fatua e discernimento permitiu alinhar as diretrizes diocesanas \u00e0s realidades locais, renovando o compromisso de cada par\u00f3quia com a comunh\u00e3o e a fecundidade do discipulado e da miss\u00e3o na Forania S\u00e3o Lu\u00eds Gonzaga.<\/p>\n","protected":false},"excerpt":{"rendered":"<p>Encontro realizado em Cachoeira de Goi\u00e1s debateu as a\u00e7\u00f5es em andamento e tra\u00e7ou metas para o pr\u00f3ximo ano a partir dos tr\u00eas eixos pastorais diocesanos. Na manh\u00e3 do \u00faltimo s\u00e1bado, 29 de agosto, o Conselho da Forania S\u00e3o Lu\u00eds Gonzaga esteve reunido na Par\u00f3quia Divino Pai Eterno, no munic\u00edpio de Cachoeira de Goi\u00e1s, para a [&hellip;]<\/p>\n","protected":false},"author":2,"featured_media":22572,"comment_status":"closed","ping_status":"closed","sticky":false,"template":"","format":"standard","meta":{"_acf_changed":false,"footnotes":""},"categories":[973],"tags":[310],"class_list":["post-22570","post","type-post","status-publish","format-standard","has-post-thumbnail","hentry","category-noticias-da-diocese","tag-forania-sao-luis-gonzaga"],"acf":[],"yoast_head":"<!-- This site is optimized with the Yoast SEO plugin v27.6 - https:\/\/yoast.com\/product\/yoast-seo-wordpress\/ -->\n<title>Forania S\u00e3o Lu\u00eds Gonzaga re\u00fane padres e animadores para avalia\u00e7\u00e3o e planejamento do V Plano Diocesano de Pastoral - Diocese de S\u00e3o Lu\u00eds de Montes Belos<\/title>\n<meta name=\"robots\" content=\"index, follow, max-snippet:-1, max-image-preview:large, max-video-preview:-1\" \/>\n<link rel=\"canonical\" href=\"https:\/\/www.diocesesaoluis.org.br\/home\/forania-sao-luis-gonzaga-reune-padres-e-animadores-para-avaliacao-e-planejamento-do-v-plano-diocesano-de-pastoral\/\" \/>\n<meta property=\"og:locale\" content=\"pt_BR\" \/>\n<meta property=\"og:type\" content=\"article\" \/>\n<meta property=\"og:title\" content=\"Forania S\u00e3o Lu\u00eds Gonzaga re\u00fane padres e animadores para avalia\u00e7\u00e3o e planejamento do V Plano Diocesano de Pastoral - Diocese de S\u00e3o Lu\u00eds de Montes Belos\" \/>\n<meta property=\"og:description\" content=\"Encontro realizado em Cachoeira de Goi\u00e1s debateu as a\u00e7\u00f5es em andamento e tra\u00e7ou metas para o pr\u00f3ximo ano a partir dos tr\u00eas eixos pastorais diocesanos. Na manh\u00e3 do \u00faltimo s\u00e1bado, 29 de agosto, o Conselho da Forania S\u00e3o Lu\u00eds Gonzaga esteve reunido na Par\u00f3quia Divino Pai Eterno, no munic\u00edpio de Cachoeira de Goi\u00e1s, para a [&hellip;]\" \/>\n<meta property=\"og:url\" content=\"https:\/\/www.diocesesaoluis.org.br\/home\/forania-sao-luis-gonzaga-reune-padres-e-animadores-para-avaliacao-e-planejamento-do-v-plano-diocesano-de-pastoral\/\" \/>\n<meta property=\"og:site_name\" content=\"Diocese de S\u00e3o Lu\u00eds de Montes Belos\" \/>\n<meta property=\"article:published_time\" content=\"2026-08-31T17:26:55+00:00\" \/>\n<meta property=\"article:modified_time\" content=\"2026-09-01T17:32:24+00:00\" \/>\n<meta property=\"og:image\" content=\"https:\/\/www.diocesesaoluis.org.br\/home\/wp-content\/uploads\/2026\/08\/fslg.jpeg\" \/>\n\t<meta property=\"og:image:width\" content=\"1440\" \/>\n\t<meta property=\"og:image:height\" content=\"1921\" \/>\n\t<meta property=\"og:image:type\" content=\"image\/jpeg\" \/>\n<meta name=\"author\" content=\"Lucas Rodrigues\" \/>\n<meta name=\"twitter:card\" content=\"summary_large_image\" \/>\n<meta name=\"twitter:label1\" content=\"Escrito por\" \/>\n\t<meta name=\"twitter:data1\" content=\"Lucas Rodrigues\" \/>\n\t<meta name=\"twitter:label2\" content=\"Est. tempo de leitura\" \/>\n\t<meta name=\"twitter:data2\" content=\"2 minutos\" \/>\n<script type=\"application\/ld+json\" class=\"yoast-schema-graph\">{\"@context\":\"https:\\\/\\\/schema.org\",\"@graph\":[{\"@type\":\"Article\",\"@id\":\"https:\\\/\\\/www.diocesesaoluis.org.br\\\/home\\\/forania-sao-luis-gonzaga-reune-padres-e-animadores-para-avaliacao-e-planejamento-do-v-plano-diocesano-de-pastoral\\\/#article\",\"isPartOf\":{\"@id\":\"https:\\\/\\\/www.diocesesaoluis.org.br\\\/home\\\/forania-sao-luis-gonzaga-reune-padres-e-animadores-para-avaliacao-e-planejamento-do-v-plano-diocesano-de-pastoral\\\/\"},\"author\":{\"name\":\"Lucas Rodrigues\",\"@id\":\"https:\\\/\\\/www.diocesesaoluis.org.br\\\/home\\\/#\\\/schema\\\/person\\\/69f4a8d627a985510bdf8efd229a28a9\"},\"headline\":\"Forania S\u00e3o Lu\u00eds Gonzaga re\u00fane padres e animadores para avalia\u00e7\u00e3o e planejamento do V Plano Diocesano de Pastoral\",\"datePublished\":\"2026-08-31T17:26:55+00:00\",\"dateModified\":\"2026-09-01T17:32:24+00:00\",\"mainEntityOfPage\":{\"@id\":\"https:\\\/\\\/www.diocesesaoluis.org.br\\\/home\\\/forania-sao-luis-gonzaga-reune-padres-e-animadores-para-avaliacao-e-planejamento-do-v-plano-diocesano-de-pastoral\\\/\"},\"wordCount\":239,\"publisher\":{\"@id\":\"https:\\\/\\\/www.diocesesaoluis.org.br\\\/home\\\/#organization\"},\"image\":{\"@id\":\"https:\\\/\\\/www.diocesesaoluis.org.br\\\/home\\\/forania-sao-luis-gonzaga-reune-padres-e-animadores-para-avaliacao-e-planejamento-do-v-plano-diocesano-de-pastoral\\\/#primaryimage\"},\"thumbnailUrl\":\"https:\\\/\\\/www.diocesesaoluis.org.br\\\/home\\\/wp-content\\\/uploads\\\/2026\\\/08\\\/fslg.jpeg\",\"keywords\":[\"Forania S\u00e3o Lu\u00eds Gonzaga\"],\"articleSection\":[\"Not\u00edcias da Diocese\"],\"inLanguage\":\"pt-BR\"},{\"@type\":\"WebPage\",\"@id\":\"https:\\\/\\\/www.diocesesaoluis.org.br\\\/home\\\/forania-sao-luis-gonzaga-reune-padres-e-animadores-para-avaliacao-e-planejamento-do-v-plano-diocesano-de-pastoral\\\/\",\"url\":\"https:\\\/\\\/www.diocesesaoluis.org.br\\\/home\\\/forania-sao-luis-gonzaga-reune-padres-e-animadores-para-avaliacao-e-planejamento-do-v-plano-diocesano-de-pastoral\\\/\",\"name\":\"Forania S\u00e3o Lu\u00eds Gonzaga re\u00fane padres e animadores para avalia\u00e7\u00e3o e planejamento do V Plano Diocesano de Pastoral - Diocese de S\u00e3o Lu\u00eds de Montes Belos\",\"isPartOf\":{\"@id\":\"https:\\\/\\\/www.diocesesaoluis.org.br\\\/home\\\/#website\"},\"primaryImageOfPage\":{\"@id\":\"https:\\\/\\\/www.diocesesaoluis.org.br\\\/home\\\/forania-sao-luis-gonzaga-reune-padres-e-animadores-para-avaliacao-e-planejamento-do-v-plano-diocesano-de-pastoral\\\/#primaryimage\"},\"image\":{\"@id\":\"https:\\\/\\\/www.diocesesaoluis.org.br\\\/home\\\/forania-sao-luis-gonzaga-reune-padres-e-animadores-para-avaliacao-e-planejamento-do-v-plano-diocesano-de-pastoral\\\/#primaryimage\"},\"thumbnailUrl\":\"https:\\\/\\\/www.diocesesaoluis.org.br\\\/home\\\/wp-content\\\/uploads\\\/2026\\\/08\\\/fslg.jpeg\",\"datePublished\":\"2026-08-31T17:26:55+00:00\",\"dateModified\":\"2026-09-01T17:32:24+00:00\",\"breadcrumb\":{\"@id\":\"https:\\\/\\\/www.diocesesaoluis.org.br\\\/home\\\/forania-sao-luis-gonzaga-reune-padres-e-animadores-para-avaliacao-e-planejamento-do-v-plano-diocesano-de-pastoral\\\/#breadcrumb\"},\"inLanguage\":\"pt-BR\",\"potentialAction\":[{\"@type\":\"ReadAction\",\"target\":[\"https:\\\/\\\/www.diocesesaoluis.org.br\\\/home\\\/forania-sao-luis-gonzaga-reune-padres-e-animadores-para-avaliacao-e-planejamento-do-v-plano-diocesano-de-pastoral\\\/\"]}]},{\"@type\":\"ImageObject\",\"inLanguage\":\"pt-BR\",\"@id\":\"https:\\\/\\\/www.diocesesaoluis.org.br\\\/home\\\/forania-sao-luis-gonzaga-reune-padres-e-animadores-para-avaliacao-e-planejamento-do-v-plano-diocesano-de-pastoral\\\/#primaryimage\",\"url\":\"https:\\\/\\\/www.diocesesaoluis.org.br\\\/home\\\/wp-content\\\/uploads\\\/2026\\\/08\\\/fslg.jpeg\",\"contentUrl\":\"https:\\\/\\\/www.diocesesaoluis.org.br\\\/home\\\/wp-content\\\/uploads\\\/2026\\\/08\\\/fslg.jpeg\",\"width\":1440,\"height\":1921},{\"@type\":\"BreadcrumbList\",\"@id\":\"https:\\\/\\\/www.diocesesaoluis.org.br\\\/home\\\/forania-sao-luis-gonzaga-reune-padres-e-animadores-para-avaliacao-e-planejamento-do-v-plano-diocesano-de-pastoral\\\/#breadcrumb\",\"itemListElement\":[{\"@type\":\"ListItem\",\"position\":1,\"name\":\"In\u00edcio\",\"item\":\"https:\\\/\\\/www.diocesesaoluis.org.br\\\/home\\\/\"},{\"@type\":\"ListItem\",\"position\":2,\"name\":\"Forania S\u00e3o Lu\u00eds Gonzaga re\u00fane padres e animadores para avalia\u00e7\u00e3o e planejamento do V Plano Diocesano de Pastoral\"}]},{\"@type\":\"WebSite\",\"@id\":\"https:\\\/\\\/www.diocesesaoluis.org.br\\\/home\\\/#website\",\"url\":\"https:\\\/\\\/www.diocesesaoluis.org.br\\\/home\\\/\",\"name\":\"Diocese de S\u00e3o Lu\u00eds de Montes Belos\",\"description\":\"Diocese de S\u00e3o Lu\u00eds de Montes Belos\",\"publisher\":{\"@id\":\"https:\\\/\\\/www.diocesesaoluis.org.br\\\/home\\\/#organization\"},\"potentialAction\":[{\"@type\":\"SearchAction\",\"target\":{\"@type\":\"EntryPoint\",\"urlTemplate\":\"https:\\\/\\\/www.diocesesaoluis.org.br\\\/home\\\/?s={search_term_string}\"},\"query-input\":{\"@type\":\"PropertyValueSpecification\",\"valueRequired\":true,\"valueName\":\"search_term_string\"}}],\"inLanguage\":\"pt-BR\"},{\"@type\":\"Organization\",\"@id\":\"https:\\\/\\\/www.diocesesaoluis.org.br\\\/home\\\/#organization\",\"name\":\"Diocese de S\u00e3o Lu\u00eds de Montes Belos\",\"url\":\"https:\\\/\\\/www.diocesesaoluis.org.br\\\/home\\\/\",\"logo\":{\"@type\":\"ImageObject\",\"inLanguage\":\"pt-BR\",\"@id\":\"https:\\\/\\\/www.diocesesaoluis.org.br\\\/home\\\/#\\\/schema\\\/logo\\\/image\\\/\",\"url\":\"https:\\\/\\\/www.diocesesaoluis.org.br\\\/home\\\/wp-content\\\/uploads\\\/2026\\\/04\\\/logo-1-scaled.webp\",\"contentUrl\":\"https:\\\/\\\/www.diocesesaoluis.org.br\\\/home\\\/wp-content\\\/uploads\\\/2026\\\/04\\\/logo-1-scaled.webp\",\"width\":1987,\"height\":2560,\"caption\":\"Diocese de S\u00e3o Lu\u00eds de Montes Belos\"},\"image\":{\"@id\":\"https:\\\/\\\/www.diocesesaoluis.org.br\\\/home\\\/#\\\/schema\\\/logo\\\/image\\\/\"}},{\"@type\":\"Person\",\"@id\":\"https:\\\/\\\/www.diocesesaoluis.org.br\\\/home\\\/#\\\/schema\\\/person\\\/69f4a8d627a985510bdf8efd229a28a9\",\"name\":\"Lucas Rodrigues\",\"image\":{\"@type\":\"ImageObject\",\"inLanguage\":\"pt-BR\",\"@id\":\"https:\\\/\\\/secure.gravatar.com\\\/avatar\\\/c40b1ec1abaa30bb21c0b11d86aa90ae3d34c8b4c7f0b101783d95525e372e6b?s=96&d=mm&r=g\",\"url\":\"https:\\\/\\\/secure.gravatar.com\\\/avatar\\\/c40b1ec1abaa30bb21c0b11d86aa90ae3d34c8b4c7f0b101783d95525e372e6b?s=96&d=mm&r=g\",\"contentUrl\":\"https:\\\/\\\/secure.gravatar.com\\\/avatar\\\/c40b1ec1abaa30bb21c0b11d86aa90ae3d34c8b4c7f0b101783d95525e372e6b?s=96&d=mm&r=g\",\"caption\":\"Lucas Rodrigues\"},\"sameAs\":[\"http:\\\/\\\/diocesesaoluis.org.br\"],\"url\":\"https:\\\/\\\/www.diocesesaoluis.org.br\\\/home\\\/author\\\/lucas\\\/\"}]}<\/script>\n<!-- \/ Yoast SEO plugin. -->","yoast_head_json":{"title":"Forania S\u00e3o Lu\u00eds Gonzaga re\u00fane padres e animadores para avalia\u00e7\u00e3o e planejamento do V Plano Diocesano de Pastoral - Diocese de S\u00e3o Lu\u00eds de Montes Belos","robots":{"index":"index","follow":"follow","max-snippet":"max-snippet:-1","max-image-preview":"max-image-preview:large","max-video-preview":"max-video-preview:-1"},"canonical":"https:\/\/www.diocesesaoluis.org.br\/home\/forania-sao-luis-gonzaga-reune-padres-e-animadores-para-avaliacao-e-planejamento-do-v-plano-diocesano-de-pastoral\/","og_locale":"pt_BR","og_type":"article","og_title":"Forania S\u00e3o Lu\u00eds Gonzaga re\u00fane padres e animadores para avalia\u00e7\u00e3o e planejamento do V Plano Diocesano de Pastoral - Diocese de S\u00e3o Lu\u00eds de Montes Belos","og_description":"Encontro realizado em Cachoeira de Goi\u00e1s debateu as a\u00e7\u00f5es em andamento e tra\u00e7ou metas para o pr\u00f3ximo ano a partir dos tr\u00eas eixos pastorais diocesanos. Na manh\u00e3 do \u00faltimo s\u00e1bado, 29 de agosto, o Conselho da Forania S\u00e3o Lu\u00eds Gonzaga esteve reunido na Par\u00f3quia Divino Pai Eterno, no munic\u00edpio de Cachoeira de Goi\u00e1s, para a [&hellip;]","og_url":"https:\/\/www.diocesesaoluis.org.br\/home\/forania-sao-luis-gonzaga-reune-padres-e-animadores-para-avaliacao-e-planejamento-do-v-plano-diocesano-de-pastoral\/","og_site_name":"Diocese de S\u00e3o Lu\u00eds de Montes Belos","article_published_time":"2026-08-31T17:26:55+00:00","article_modified_time":"2026-09-01T17:32:24+00:00","og_image":[{"width":1440,"height":1921,"url":"https:\/\/www.diocesesaoluis.org.br\/home\/wp-content\/uploads\/2026\/08\/fslg.jpeg","type":"image\/jpeg"}],"author":"Lucas Rodrigues","twitter_card":"summary_large_image","twitter_misc":{"Escrito por":"Lucas Rodrigues","Est. tempo de leitura":"2 minutos"},"schema":{"@context":"https:\/\/schema.org","@graph":[{"@type":"Article","@id":"https:\/\/www.diocesesaoluis.org.br\/home\/forania-sao-luis-gonzaga-reune-padres-e-animadores-para-avaliacao-e-planejamento-do-v-plano-diocesano-de-pastoral\/#article","isPartOf":{"@id":"https:\/\/www.diocesesaoluis.org.br\/home\/forania-sao-luis-gonzaga-reune-padres-e-animadores-para-avaliacao-e-planejamento-do-v-plano-diocesano-de-pastoral\/"},"author":{"name":"Lucas Rodrigues","@id":"https:\/\/www.diocesesaoluis.org.br\/home\/#\/schema\/person\/69f4a8d627a985510bdf8efd229a28a9"},"headline":"Forania S\u00e3o Lu\u00eds Gonzaga re\u00fane padres e animadores para avalia\u00e7\u00e3o e planejamento do V Plano Diocesano de Pastoral","datePublished":"2026-08-31T17:26:55+00:00","dateModified":"2026-09-01T17:32:24+00:00","mainEntityOfPage":{"@id":"https:\/\/www.diocesesaoluis.org.br\/home\/forania-sao-luis-gonzaga-reune-padres-e-animadores-para-avaliacao-e-planejamento-do-v-plano-diocesano-de-pastoral\/"},"wordCount":239,"publisher":{"@id":"https:\/\/www.diocesesaoluis.org.br\/home\/#organization"},"image":{"@id":"https:\/\/www.diocesesaoluis.org.br\/home\/forania-sao-luis-gonzaga-reune-padres-e-animadores-para-avaliacao-e-planejamento-do-v-plano-diocesano-de-pastoral\/#primaryimage"},"thumbnailUrl":"https:\/\/www.diocesesaoluis.org.br\/home\/wp-content\/uploads\/2026\/08\/fslg.jpeg","keywords":["Forania S\u00e3o Lu\u00eds Gonzaga"],"articleSection":["Not\u00edcias da Diocese"],"inLanguage":"pt-BR"},{"@type":"WebPage","@id":"https:\/\/www.diocesesaoluis.org.br\/home\/forania-sao-luis-gonzaga-reune-padres-e-animadores-para-avaliacao-e-planejamento-do-v-plano-diocesano-de-pastoral\/","url":"https:\/\/www.diocesesaoluis.org.br\/home\/forania-sao-luis-gonzaga-reune-padres-e-animadores-para-avaliacao-e-planejamento-do-v-plano-diocesano-de-pastoral\/","name":"Forania S\u00e3o Lu\u00eds Gonzaga re\u00fane padres e animadores para avalia\u00e7\u00e3o e planejamento do V Plano Diocesano de Pastoral - Diocese de S\u00e3o Lu\u00eds de Montes Belos","isPartOf":{"@id":"https:\/\/www.diocesesaoluis.org.br\/home\/#website"},"primaryImageOfPage":{"@id":"https:\/\/www.diocesesaoluis.org.br\/home\/forania-sao-luis-gonzaga-reune-padres-e-animadores-para-avaliacao-e-planejamento-do-v-plano-diocesano-de-pastoral\/#primaryimage"},"image":{"@id":"https:\/\/www.diocesesaoluis.org.br\/home\/forania-sao-luis-gonzaga-reune-padres-e-animadores-para-avaliacao-e-planejamento-do-v-plano-diocesano-de-pastoral\/#primaryimage"},"thumbnailUrl":"https:\/\/www.diocesesaoluis.org.br\/home\/wp-content\/uploads\/2026\/08\/fslg.jpeg","datePublished":"2026-08-31T17:26:55+00:00","dateModified":"2026-09-01T17:32:24+00:00","breadcrumb":{"@id":"https:\/\/www.diocesesaoluis.org.br\/home\/forania-sao-luis-gonzaga-reune-padres-e-animadores-para-avaliacao-e-planejamento-do-v-plano-diocesano-de-pastoral\/#breadcrumb"},"inLanguage":"pt-BR","potentialAction":[{"@type":"ReadAction","target":["https:\/\/www.diocesesaoluis.org.br\/home\/forania-sao-luis-gonzaga-reune-padres-e-animadores-para-avaliacao-e-planejamento-do-v-plano-diocesano-de-pastoral\/"]}]},{"@type":"ImageObject","inLanguage":"pt-BR","@id":"https:\/\/www.diocesesaoluis.org.br\/home\/forania-sao-luis-gonzaga-reune-padres-e-animadores-para-avaliacao-e-planejamento-do-v-plano-diocesano-de-pastoral\/#primaryimage","url":"https:\/\/www.diocesesaoluis.org.br\/home\/wp-content\/uploads\/2026\/08\/fslg.jpeg","contentUrl":"https:\/\/www.diocesesaoluis.org.br\/home\/wp-content\/uploads\/2026\/08\/fslg.jpeg","width":1440,"height":1921},{"@type":"BreadcrumbList","@id":"https:\/\/www.diocesesaoluis.org.br\/home\/forania-sao-luis-gonzaga-reune-padres-e-animadores-para-avaliacao-e-planejamento-do-v-plano-diocesano-de-pastoral\/#breadcrumb","itemListElement":[{"@type":"ListItem","position":1,"name":"In\u00edcio","item":"https:\/\/www.diocesesaoluis.org.br\/home\/"},{"@type":"ListItem","position":2,"name":"Forania S\u00e3o Lu\u00eds Gonzaga re\u00fane padres e animadores para avalia\u00e7\u00e3o e planejamento do V Plano Diocesano de Pastoral"}]},{"@type":"WebSite","@id":"https:\/\/www.diocesesaoluis.org.br\/home\/#website","url":"https:\/\/www.diocesesaoluis.org.br\/home\/","name":"Diocese de S\u00e3o Lu\u00eds de Montes Belos","description":"Diocese de S\u00e3o Lu\u00eds de Montes Belos","publisher":{"@id":"https:\/\/www.diocesesaoluis.org.br\/home\/#organization"},"potentialAction":[{"@type":"SearchAction","target":{"@type":"EntryPoint","urlTemplate":"https:\/\/www.diocesesaoluis.org.br\/home\/?s={search_term_string}"},"query-input":{"@type":"PropertyValueSpecification","valueRequired":true,"valueName":"search_term_string"}}],"inLanguage":"pt-BR"},{"@type":"Organization","@id":"https:\/\/www.diocesesaoluis.org.br\/home\/#organization","name":"Diocese de S\u00e3o Lu\u00eds de Montes Belos","url":"https:\/\/www.diocesesaoluis.org.br\/home\/","logo":{"@type":"ImageObject","inLanguage":"pt-BR","@id":"https:\/\/www.diocesesaoluis.org.br\/home\/#\/schema\/logo\/image\/","url":"https:\/\/www.diocesesaoluis.org.br\/home\/wp-content\/uploads\/2026\/04\/logo-1-scaled.webp","contentUrl":"https:\/\/www.diocesesaoluis.org.br\/home\/wp-content\/uploads\/2026\/04\/logo-1-scaled.webp","width":1987,"height":2560,"caption":"Diocese de S\u00e3o Lu\u00eds de Montes Belos"},"image":{"@id":"https:\/\/www.diocesesaoluis.org.br\/home\/#\/schema\/logo\/image\/"}},{"@type":"Person","@id":"https:\/\/www.diocesesaoluis.org.br\/home\/#\/schema\/person\/69f4a8d627a985510bdf8efd229a28a9","name":"Lucas Rodrigues","image":{"@type":"ImageObject","inLanguage":"pt-BR","@id":"https:\/\/secure.gravatar.com\/avatar\/c40b1ec1abaa30bb21c0b11d86aa90ae3d34c8b4c7f0b101783d95525e372e6b?s=96&d=mm&r=g","url":"https:\/\/secure.gravatar.com\/avatar\/c40b1ec1abaa30bb21c0b11d86aa90ae3d34c8b4c7f0b101783d95525e372e6b?s=96&d=mm&r=g","contentUrl":"https:\/\/secure.gravatar.com\/avatar\/c40b1ec1abaa30bb21c0b11d86aa90ae3d34c8b4c7f0b101783d95525e372e6b?s=96&d=mm&r=g","caption":"Lucas Rodrigues"},"sameAs":["http:\/\/diocesesaoluis.org.br"],"url":"https:\/\/www.diocesesaoluis.org.br\/home\/author\/lucas\/"}]}},"_links":{"self":[{"href":"https:\/\/www.diocesesaoluis.org.br\/home\/wp-json\/wp\/v2\/posts\/22570","targetHints":{"allow":["GET"]}}],"collection":[{"href":"https:\/\/www.diocesesaoluis.org.br\/home\/wp-json\/wp\/v2\/posts"}],"about":[{"href":"https:\/\/www.diocesesaoluis.org.br\/home\/wp-json\/wp\/v2\/types\/post"}],"author":[{"embeddable":true,"href":"https:\/\/www.diocesesaoluis.org.br\/home\/wp-json\/wp\/v2\/users\/2"}],"replies":[{"embeddable":true,"href":"https:\/\/www.diocesesaoluis.org.br\/home\/wp-json\/wp\/v2\/comments?post=22570"}],"version-history":[{"count":1,"href":"https:\/\/www.diocesesaoluis.org.br\/home\/wp-json\/wp\/v2\/posts\/22570\/revisions"}],"predecessor-version":[{"id":22571,"href":"https:\/\/www.diocesesaoluis.org.br\/home\/wp-json\/wp\/v2\/posts\/22570\/revisions\/22571"}],"wp:featuredmedia":[{"embeddable":true,"href":"https:\/\/www.diocesesaoluis.org.br\/home\/wp-json\/wp\/v2\/media\/22572"}],"wp:attachment":[{"href":"https:\/\/www.diocesesaoluis.org.br\/home\/wp-json\/wp\/v2\/media?parent=22570"}],"wp:term":[{"taxonomy":"category","embeddable":true,"href":"https:\/\/www.diocesesaoluis.org.br\/home\/wp-json\/wp\/v2\/categories?post=22570"},{"taxonomy":"post_tag","embeddable":true,"href":"https:\/\/www.diocesesaoluis.org.br\/home\/wp-json\/wp\/v2\/tags?post=22570"}],"curies":[{"name":"wp","href":"https:\/\/api.w.org\/{rel}","templated":true}]}}