{"id":19031,"date":"2026-04-27T12:01:38","date_gmt":"2026-04-27T15:01:38","guid":{"rendered":"https:\/\/www.diocesesaoluis.org.br\/home\/?p=19031"},"modified":"2026-04-27T12:01:45","modified_gmt":"2026-04-27T15:01:45","slug":"goiania-se-prepara-para-sediar-o-19o-congresso-eucaristico-nacional","status":"publish","type":"post","link":"https:\/\/www.diocesesaoluis.org.br\/home\/2026\/04\/27\/goiania-se-prepara-para-sediar-o-19o-congresso-eucaristico-nacional\/","title":{"rendered":"Goi\u00e2nia se prepara para sediar o 19\u00ba Congresso Eucar\u00edstico Nacional"},"content":{"rendered":"\n<p>Em 2027, a cidade de Goi\u00e2nia acolher\u00e1 o 19\u00ba Congresso Eucar\u00edstico Nacional (CEN), que acontecer\u00e1 entre os dias 3 a 7 de setembro. O evento ser\u00e1 organizado pela Arquidiocese de Goi\u00e2nia, em colabora\u00e7\u00e3o com as dioceses de todo o regional Centro-Oeste da CNBB, que abrange o Distrito Federal e o estado de Goi\u00e1s.<\/p>\n\n\n\n<p>O tema desta edi\u00e7\u00e3o ser\u00e1 \u201cH\u00f3stias vivas, no mundo, para a gl\u00f3ria do Pai\u201d. Jesus, que desejou ardentemente comer a p\u00e1scoa com seus disc\u00edpulos (cf. Lc 22,15), instituiu em seu Corpo e Sangue a Nova Alian\u00e7a com a humanidade, ordenando que seus disc\u00edpulos repetissem aquele gesto em sua mem\u00f3ria.<\/p>\n\n\n\n<p>O termo \u201ch\u00f3stia\u201d nos remete ao Ap\u00f3stolo Paulo, que em sua carta aos Romanos, diz: \u201cExorto-vos, irm\u00e3os, pela miseric\u00f3rdia de Deus, a que ofere\u00e7ais vossos corpos como h\u00f3stia viva, santa e agrad\u00e1vel a Deus: este \u00e9 o vosso culto espiritual\u201d (Rm 12,1).<\/p>\n\n\n\n<p>Por outro lado, com a express\u00e3o \u201cgl\u00f3ria de Deus\u201d, recordamos Santo Irineu de Lyon em sua c\u00e9lebre frase: \u201cA gl\u00f3ria de Deus \u00e9 o ser humano vivo; a gl\u00f3ria do ser humano \u00e9 a vis\u00e3o de Deus!\u201d<\/p>\n\n\n\n<p>O Ritual Romano, no n\u00famero 112, destaca a Celebra\u00e7\u00e3o Eucar\u00edstica como ponto central de todos os Congressos Eucar\u00edsticos, sendo fonte e \u00e1pice de toda a vida crist\u00e3. As celebra\u00e7\u00f5es da Palavra de Deus e as confer\u00eancias deste evento podem contribuir para analisar os v\u00e1rios aspectos do Mist\u00e9rio Eucar\u00edstico.<\/p>\n\n\n\n<p>A possibilidade de rezar em comunidade e de participar da adora\u00e7\u00e3o ao Sant\u00edssimo Sacramento nas igrejas indicadas contribui para interiorizar os temas. Al\u00e9m disso, n\u00e3o devem faltar os testemunhos de f\u00e9 eucar\u00edstica manifestados&nbsp; tamb\u00e9m com prociss\u00f5es e iniciativas caritativas.<\/p>\n\n\n\n<p><a href=\"https:\/\/arquidiocesedegoiania.org.br\/wp-content\/uploads\/2025\/08\/CAPA-1.png\"><\/a><a href=\"https:\/\/arquidiocesedegoiania.org.br\/wp-content\/uploads\/2025\/08\/CARD_1-1.png\"><\/a><a href=\"https:\/\/arquidiocesedegoiania.org.br\/wp-content\/uploads\/2025\/08\/CARD_2-1.png\"><\/a><a href=\"https:\/\/arquidiocesedegoiania.org.br\/wp-content\/uploads\/2025\/08\/CARD_3-1.png\"><\/a><a href=\"https:\/\/arquidiocesedegoiania.org.br\/wp-content\/uploads\/2025\/08\/CARD_4-1.png\"><\/a><a href=\"https:\/\/arquidiocesedegoiania.org.br\/wp-content\/uploads\/2025\/08\/CARD_5-1.png\"><\/a><a href=\"https:\/\/arquidiocesedegoiania.org.br\/wp-content\/uploads\/2025\/08\/CARD_6-1.png\"><\/a><a href=\"https:\/\/arquidiocesedegoiania.org.br\/wp-content\/uploads\/2025\/08\/CARD_7-1.png\"><\/a><a href=\"https:\/\/arquidiocesedegoiania.org.br\/wp-content\/uploads\/2025\/08\/CARD_8-1.png\"><\/a><a href=\"https:\/\/arquidiocesedegoiania.org.br\/wp-content\/uploads\/2025\/08\/CARD_9-1.png\"><\/a><\/p>\n\n\n\n<p><strong>Congresso Eucar\u00edstico: um marco na f\u00e9 cat\u00f3lica<\/strong><\/p>\n\n\n\n<p>Os Congressos Eucar\u00edsticos s\u00e3o realizados pela Igreja Cat\u00f3lica em todo o mundo. Eles s\u00e3o uma oportunidade em que os fi\u00e9is professam e d\u00e3o testemunho p\u00fablico da f\u00e9 em Jesus Eucar\u00edstico, para adorar o Senhor em Esp\u00edrito e Verdade.<\/p>\n\n\n\n<p>O primeiro Congresso Eucar\u00edstico aconteceu em 1881, em Lille, na Fran\u00e7a, pela iniciativa de um grupo de fi\u00e9is leigos &nbsp;e com o apoio de S\u00e3o Pedro Juli\u00e3o Eymard. Esse encontro proporcionou um marco importante para os cat\u00f3licos, proporcionando um momento especial de comunh\u00e3o entre aqueles que professavam a f\u00e9 na Eucaristia e desejavam expressar seu testemunho p\u00fablico de f\u00e9.<\/p>\n\n\n\n<p>No Brasil, o primeiro Congresso Eucar\u00edstico Nacional aconteceu em 1933, na Arquidiocese de S\u00e3o Salvador, na Bahia. Desde ent\u00e3o, j\u00e1 foram realizadas 18 edi\u00e7\u00f5es, sendo a mais recente em Recife (PE), que sediou o &nbsp;evento pela segunda vez.<\/p>\n\n\n\n<h4 class=\"wp-block-heading\">&nbsp;<\/h4>\n\n\n\n<p><strong>Confira a lista dos Congressos Eucar\u00edsticos realizados no Brasil e seus respectivos temas:<\/strong><\/p>\n\n\n\n<p><em><strong>1933 \u2013 Salvador-BA<\/strong><\/em><\/p>\n\n\n\n<ul class=\"wp-block-list\">\n<li>1\u00ba Congresso Eucar\u00edstico Nacional \u2013 Vinde, adoremos o Sant\u00edssimo Sacramento.<\/li>\n<\/ul>\n\n\n\n<p><em><strong>1936 \u2013 Belo Horizonte-MG<\/strong><\/em><\/p>\n\n\n\n<ul class=\"wp-block-list\">\n<li>2\u00ba Congresso Eucar\u00edstico Nacional \u2013 Luz e Vida.<\/li>\n<\/ul>\n\n\n\n<p><em><strong>1939 \u2013 Recife-PE<\/strong><\/em><\/p>\n\n\n\n<ul class=\"wp-block-list\">\n<li>3\u00ba Congresso Eucar\u00edstico Nacional \u2013 A Eucaristia e a vida crist\u00e3.<\/li>\n<\/ul>\n\n\n\n<p><em><strong>1942 \u2013 S\u00e3o Paulo-SP<\/strong><\/em><\/p>\n\n\n\n<ul class=\"wp-block-list\">\n<li>4\u00ba Congresso Eucar\u00edstico Nacional \u2013 Vinde a mim todos.<\/li>\n<\/ul>\n\n\n\n<p><em><strong>1948 \u2013 Porto Alegre-RS<\/strong><\/em><\/p>\n\n\n\n<ul class=\"wp-block-list\">\n<li>5\u00ba Congresso Eucar\u00edstico Nacional \u2013 A\u00e7\u00e3o social.<\/li>\n<\/ul>\n\n\n\n<p><em><strong>1953 \u2013 Bel\u00e9m-PA<\/strong><\/em><\/p>\n\n\n\n<ul class=\"wp-block-list\">\n<li>6\u00ba Congresso Eucar\u00edstico Nacional \u2013 Luz e Vida.<\/li>\n<\/ul>\n\n\n\n<p><em><strong>1960 \u2013 Curitiba-PR<\/strong><\/em><\/p>\n\n\n\n<ul class=\"wp-block-list\">\n<li>7\u00ba Congresso Eucar\u00edstico Nacional \u2013 Eucaristia, luz e vida do mundo.<\/li>\n<\/ul>\n\n\n\n<p><em><strong>1970 \u2013 Bras\u00edlia-DF<\/strong><\/em><\/p>\n\n\n\n<ul class=\"wp-block-list\">\n<li>8\u00ba Congresso Eucar\u00edstico Nacional \u2013 A mesa do Senhor.<\/li>\n<\/ul>\n\n\n\n<p><em><strong>1975 \u2013 Manaus-AM<\/strong><\/em><\/p>\n\n\n\n<ul class=\"wp-block-list\">\n<li>9\u00ba Congresso Eucar\u00edstico Nacional \u2013 Repartir o p\u00e3o.<\/li>\n<\/ul>\n\n\n\n<p><em><strong>1980 \u2013 Fortaleza-CE<\/strong><\/em><\/p>\n\n\n\n<ul class=\"wp-block-list\">\n<li>10\u00ba Congresso Eucar\u00edstico Nacional \u2013 Para onde vais?<\/li>\n<\/ul>\n\n\n\n<p><em><strong>1985 \u2013 Aparecida-SP<\/strong><\/em><\/p>\n\n\n\n<ul class=\"wp-block-list\">\n<li>11\u00ba Congresso Eucar\u00edstico Nacional \u2013 P\u00e3o para quem tem fome.<\/li>\n<\/ul>\n\n\n\n<p><em><strong>1991 \u2013 Natal-RN<\/strong><\/em><\/p>\n\n\n\n<ul class=\"wp-block-list\">\n<li>12\u00ba Congresso Eucar\u00edstico Nacional \u2013 Eucaristia e Evangeliza\u00e7\u00e3o.<\/li>\n<\/ul>\n\n\n\n<p><em><strong>1996 \u2013 Vit\u00f3ria-ES<\/strong><\/em><\/p>\n\n\n\n<ul class=\"wp-block-list\">\n<li>13\u00ba Congresso Eucar\u00edstico Nacional \u2013 Eucaristia, vida para a Igreja.<\/li>\n<\/ul>\n\n\n\n<p><em><strong>2001 \u2013 Campinas-SP<\/strong><\/em><\/p>\n\n\n\n<ul class=\"wp-block-list\">\n<li>14\u00ba Congresso Eucar\u00edstico Nacional \u2013 Fonte da miss\u00e3o e vida solid\u00e1ria.<\/li>\n<\/ul>\n\n\n\n<p><em><strong>2006 \u2013 Florian\u00f3polis-SC<\/strong><\/em><\/p>\n\n\n\n<ul class=\"wp-block-list\">\n<li>15\u00ba Congresso Eucar\u00edstico Nacional \u2013 Ele est\u00e1 no meio de n\u00f3s.<\/li>\n<\/ul>\n\n\n\n<p><em><strong>2010 \u2013 Bras\u00edlia-DF<\/strong><\/em><\/p>\n\n\n\n<ul class=\"wp-block-list\">\n<li>16\u00ba Congresso Eucar\u00edstico Nacional \u2013 Eucaristia, p\u00e3o da unidade dos disc\u00edpulos e mission\u00e1rios.<\/li>\n<\/ul>\n\n\n\n<p><em><strong>2016 \u2013 Bel\u00e9m-PA<\/strong><\/em><\/p>\n\n\n\n<ul class=\"wp-block-list\">\n<li>17\u00ba Congresso Eucar\u00edstico Nacional \u2013 Eucaristia e partilha na Amaz\u00f4nia mission\u00e1ria.<\/li>\n<\/ul>\n\n\n\n<p><em><strong>2022 \u2013 Recife-PE<\/strong><\/em><\/p>\n\n\n\n<ul class=\"wp-block-list\">\n<li>18\u00ba Congresso Eucar\u00edstico Nacional \u2013 P\u00e3o em todas as mesas.<\/li>\n<\/ul>\n\n\n\n<figure class=\"wp-block-image\"><img decoding=\"async\" src=\"https:\/\/arquidiocesedegoiania.org.br\/wp-content\/uploads\/2025\/08\/CARD_LOGO-1024x576.png\" alt=\"\" class=\"wp-image-41834\"\/><\/figure>\n\n\n\n<p><em>Fonte: Arquidiocese de Goi\u00e2nia<\/em><\/p>\n","protected":false},"excerpt":{"rendered":"<p>Em 2027, a cidade de Goi\u00e2nia acolher\u00e1 o 19\u00ba Congresso Eucar\u00edstico Nacional (CEN), que acontecer\u00e1 entre os dias 3 a 7 de setembro. O evento ser\u00e1 organizado pela Arquidiocese de Goi\u00e2nia, em colabora\u00e7\u00e3o com as dioceses de todo o regional Centro-Oeste da CNBB, que abrange o Distrito Federal e o estado de Goi\u00e1s. O tema<span class=\"read-more arrow\"><a href=\"https:\/\/www.diocesesaoluis.org.br\/home\/2026\/04\/27\/goiania-se-prepara-para-sediar-o-19o-congresso-eucaristico-nacional\/\" title=\"Read More\">&rarr;<\/a><\/span><\/p>\n","protected":false},"author":2,"featured_media":19032,"comment_status":"closed","ping_status":"open","sticky":true,"template":"","format":"standard","meta":{"ub_ctt_via":"","footnotes":""},"categories":[485],"tags":[387,395],"class_list":{"0":"post-19031","1":"post","2":"type-post","3":"status-publish","4":"format-standard","5":"has-post-thumbnail","7":"category-congresso-eucaristico","8":"tag-congresso-eucaristico-nacional","9":"tag-igreja-no-brasil"},"featured_image_src":"https:\/\/www.diocesesaoluis.org.br\/home\/wp-content\/uploads\/2026\/04\/CARD_LOGO-1024x576-1.png","author_info":{"display_name":false,"author_link":"https:\/\/www.diocesesaoluis.org.br\/home\/author\/lucas\/"},"_links":{"self":[{"href":"https:\/\/www.diocesesaoluis.org.br\/home\/wp-json\/wp\/v2\/posts\/19031","targetHints":{"allow":["GET"]}}],"collection":[{"href":"https:\/\/www.diocesesaoluis.org.br\/home\/wp-json\/wp\/v2\/posts"}],"about":[{"href":"https:\/\/www.diocesesaoluis.org.br\/home\/wp-json\/wp\/v2\/types\/post"}],"author":[{"embeddable":true,"href":"https:\/\/www.diocesesaoluis.org.br\/home\/wp-json\/wp\/v2\/users\/2"}],"replies":[{"embeddable":true,"href":"https:\/\/www.diocesesaoluis.org.br\/home\/wp-json\/wp\/v2\/comments?post=19031"}],"version-history":[{"count":1,"href":"https:\/\/www.diocesesaoluis.org.br\/home\/wp-json\/wp\/v2\/posts\/19031\/revisions"}],"predecessor-version":[{"id":19033,"href":"https:\/\/www.diocesesaoluis.org.br\/home\/wp-json\/wp\/v2\/posts\/19031\/revisions\/19033"}],"wp:featuredmedia":[{"embeddable":true,"href":"https:\/\/www.diocesesaoluis.org.br\/home\/wp-json\/wp\/v2\/media\/19032"}],"wp:attachment":[{"href":"https:\/\/www.diocesesaoluis.org.br\/home\/wp-json\/wp\/v2\/media?parent=19031"}],"wp:term":[{"taxonomy":"category","embeddable":true,"href":"https:\/\/www.diocesesaoluis.org.br\/home\/wp-json\/wp\/v2\/categories?post=19031"},{"taxonomy":"post_tag","embeddable":true,"href":"https:\/\/www.diocesesaoluis.org.br\/home\/wp-json\/wp\/v2\/tags?post=19031"}],"curies":[{"name":"wp","href":"https:\/\/api.w.org\/{rel}","templated":true}]}}