{"id":19022,"date":"2026-04-25T09:57:14","date_gmt":"2026-04-25T12:57:14","guid":{"rendered":"https:\/\/www.diocesesaoluis.org.br\/home\/?p=19022"},"modified":"2026-04-25T09:59:00","modified_gmt":"2026-04-25T12:59:00","slug":"bispos-aprovam-novas-diretrizes-que-vao-orientar-a-evangelizacao-no-brasil-nos-proximos-6-anos","status":"publish","type":"post","link":"https:\/\/www.diocesesaoluis.org.br\/home\/2026\/04\/25\/bispos-aprovam-novas-diretrizes-que-vao-orientar-a-evangelizacao-no-brasil-nos-proximos-6-anos\/","title":{"rendered":"Bispos aprovam novas Diretrizes que v\u00e3o orientar a evangeliza\u00e7\u00e3o no Brasil nos pr\u00f3ximos 6 anos"},"content":{"rendered":"\n<p>Os bispos do Brasil aprovaram, nesta manh\u00e3, 23 de abril, as novas Diretrizes Gerais da A\u00e7\u00e3o Evangelizadora da Igreja no Brasil. O documento, que orientar\u00e1 as a\u00e7\u00f5es da Igreja nos pr\u00f3ximos seis anos, foi aprovado por unanimidade dos bispos, reunidos durante a 62\u00aa Assembleia Geral da Confer\u00eancia Nacional dos Bispos do Brasil (CNBB), que trouxe como tema central a discuss\u00e3o e aprova\u00e7\u00e3o das diretrizes.<\/p>\n\n\n<div class=\"wp-block-image\">\n<figure class=\"alignleft\"><img decoding=\"async\" src=\"https:\/\/www.cnbb.org.br\/wp-content\/uploads\/2026\/04\/55225763919_75e8cc6c0e_c-300x225.jpg\" alt=\"\" class=\"wp-image-999340\"\/><\/figure><\/div>\n\n\n<p>Desde o in\u00edcio da assembleia, no dia 15 de abril, os bispos t\u00eam se dedicado a analisar o texto das diretrizes, apresentado pela Comiss\u00e3o de elabora\u00e7\u00e3o das diretrizes.<\/p>\n\n\n\n<p>Dividido em grupos por regionais, o episcopado apresentou um total de 656 emendas ao texto original, que foram acatadas pela comiss\u00e3o e est\u00e3o presentes, em quase sua totalidade, no texto final apresentado nesta manh\u00e3 aos bispos.<\/p>\n\n\n\n<h3 class=\"wp-block-heading\">Express\u00e3o da caminhada comum<\/h3>\n\n\n\n<p>Antes da aprova\u00e7\u00e3o, dom Leomar Ant\u00f4nio Brustolin, arcebispo de Santa Maria (RS) e presidente da comiss\u00e3o respons\u00e1vel pelas diretrizes, apresentou ponto a ponto o novo texto com a inclus\u00e3o das emendas. Segundo o bispo, quase 90% das emendas recebidas foram incorporadas ao texto final. \u201cSempre preservando a unidade, a coer\u00eancia e o horizonte global do texto\u201d, destacou dom Leomar. \u201cFizemos o melhor poss\u00edvel para que esse texto seja a express\u00e3o real da nossa caminhada comum.\u201d<\/p>\n\n\n\n<blockquote class=\"wp-block-quote is-layout-flow wp-block-quote-is-layout-flow\">\n<p>Ao final da apresenta\u00e7\u00e3o das diretrizes por dom Leomar, os bispos aplaudiram de p\u00e9, reconhecendo todo trabalho da comiss\u00e3o e o empenho em esp\u00edrito de verdadeira comunh\u00e3o, como destacou dom Jaime Spengler, arcebispo de Porto Alegre (RS) e presidente da CNBB. \u201cCreio que temos em m\u00e3os um verdadeiro pentecostes, isto \u00e9 obra do Esp\u00edrito, n\u00e3o nossa, \u00e9 do Esp\u00edrito de Deus\u201d, falou dom Jaime.<\/p>\n<\/blockquote>\n\n\n\n<p>Ap\u00f3s a corre\u00e7\u00e3o do texto, as diretrizes estar\u00e3o dispon\u00edveis, de forma impressa pelas Edi\u00e7\u00f5es CNBB, em quatro semanas.<\/p>\n\n\n\n<figure class=\"wp-block-image\" id=\"attachment_999332\"><img decoding=\"async\" src=\"https:\/\/www.cnbb.org.br\/wp-content\/uploads\/2026\/04\/Diretrizes-1-1.jpg\" alt=\"\" class=\"wp-image-999332\"\/><figcaption class=\"wp-element-caption\"><em>Parte da equipe que conduziu o processo de aprova\u00e7\u00e3o das diretrizes durante a 62\u00aa AG CNBB. | Fotos: Jaison Alves.<\/em><\/figcaption><\/figure>\n\n\n\n<h3 class=\"wp-block-heading\">19\u00ba Congresso Eucar\u00edstico Nacional<\/h3>\n\n\n\n<p>Dom Jo\u00e3o Justino, arcebispo de Goi\u00e2nia e primeiro vice-presidente da Confer\u00eancia Nacional dos Bispos do Brasil (CNBB), falou aos bispos sobre 19\u00ba Congresso Eucar\u00edstico Nacional, que ser\u00e1 realizado em setembro de 2027 em Goi\u00e2nia (GO). O evento \u00e9 organizado pela Arquidiocese de Goi\u00e2nia em colabora\u00e7\u00e3o com as dioceses do regional Centro-Oeste da CNBB, que abrange o Distrito Federal e o estado de Goi\u00e1s.<\/p>\n\n\n\n<p>O tema desta edi\u00e7\u00e3o ser\u00e1 \u201cH\u00f3stias vivas, no mundo, para a gl\u00f3ria do Pai\u201d. Jesus, que desejou ardentemente comer a p\u00e1scoa com seus disc\u00edpulos (cf. Lc 22,15), instituiu em seu Corpo e Sangue a Nova Alian\u00e7a com a humanidade, ordenando que seus disc\u00edpulos repetissem aquele gesto em sua mem\u00f3ria. Ao final da fala de dom Justino, os bispos rezaram juntos a ora\u00e7\u00e3o do 19\u00ba Congresso Eucar\u00edstico Nacional.<\/p>\n\n\n<div class=\"wp-block-image\">\n<figure class=\"aligncenter\"><img decoding=\"async\" src=\"https:\/\/www.cnbb.org.br\/wp-content\/uploads\/2026\/04\/WhatsApp-Image-2026-04-23-at-11.37.43-1024x682.jpeg\" alt=\"\" class=\"wp-image-999334\"\/><\/figure><\/div>\n\n\n<h3 class=\"wp-block-heading\">Edi\u00e7\u00f5es CNBB<\/h3>\n\n\n<div class=\"wp-block-image\">\n<figure class=\"alignright\"><img decoding=\"async\" src=\"https:\/\/www.cnbb.org.br\/wp-content\/uploads\/2026\/04\/WhatsApp-Image-2026-04-23-at-11.37.42-300x200.jpeg\" alt=\"\" class=\"wp-image-999333\"\/><\/figure><\/div>\n\n\n<p>Monsenhor Jamil Alves de Souza, diretor-geral das Edi\u00e7\u00f5es CNBB, falou aos bispos sobre a editora, destacando algumas produ\u00e7\u00f5es publicadas. As Edi\u00e7\u00f5es CNBB s\u00e3o a editora oficial voltada \u00e0 publica\u00e7\u00e3o, divulga\u00e7\u00e3o e distribui\u00e7\u00e3o de documentos e subs\u00eddios da Confer\u00eancia Nacional dos Bispos do Brasil e de outras inst\u00e2ncias da Igreja. Seu cat\u00e1logo abrange livros, folhetos, revistas e conte\u00fados digitais, com foco no apoio \u00e0 miss\u00e3o evangelizadora.<\/p>\n\n\n\n<p>Monsenhor Jamil apresentou tamb\u00e9m uma novidade que est\u00e1 sendo preparada pelas Edi\u00e7\u00f5es CNBB: um aplicativo para celular da B\u00edblia e a biblioteca CNBB Digital, com os textos oficiais para dispositivos m\u00f3veis. \u201cO projeto contempla uma trilha de leitura orientada pelo m\u00e9todo da Lectio Divina, o acesso integral \u00e0 liturgia da palavra e coment\u00e1rios b\u00edblicos oficiais. No ambiente web, a biblioteca CNBB Digital vai centralizar todo o acervo de documentos da Igreja com pesquisa de palavras e outros termos contidos nos documentos\u201d.<\/p>\n\n\n\n<h3 class=\"wp-block-heading\">Fundo Patrimonial para o Patrim\u00f4nio Cultural da Igreja<\/h3>\n\n\n\n<p>Os bispos aprovaram tamb\u00e9m, nesta manh\u00e3, a cria\u00e7\u00e3o do Fundo Patrimonial para o Patrim\u00f4nio Cultural da Igreja Cat\u00f3lica no Brasil. O objetivo \u00e9 a preserva\u00e7\u00e3o do patrim\u00f4nio cultural da Igreja Cat\u00f3lica, com estudos iniciados em 2025. A iniciativa visa captar recursos para restaurar e manter bens sacros.<\/p>\n\n\n<div class=\"wp-block-image\">\n<figure class=\"aligncenter\"><img decoding=\"async\" src=\"https:\/\/www.cnbb.org.br\/wp-content\/uploads\/2026\/04\/Patrimonio-Cultural-1024x577.jpg\" alt=\"\" class=\"wp-image-999361\"\/><\/figure><\/div>\n\n\n<p>Em setembro de 2025, a Presid\u00eancia da CNBB aprovou e constituiu o \u201cGrupo de Trabalho sobre o Fundo Patrimonial Filantr\u00f3pico para o Patrim\u00f4nio Cultural da Igreja Cat\u00f3lica no Brasil\u201d. Desde ent\u00e3o, o grupo de trabalho realizou diversas reuni\u00f5es para o estudo t\u00e9cnico sobre o tema e a elabora\u00e7\u00e3o da proposta conceitual.<\/p>\n\n\n\n<pre class=\"wp-block-preformatted has-small-font-size\">Por Juliana Mastelini - 62\u00aa AG CNBB.<br>Fonte: CNBB<\/pre>\n","protected":false},"excerpt":{"rendered":"<p>Os bispos do Brasil aprovaram, nesta manh\u00e3, 23 de abril, as novas Diretrizes Gerais da A\u00e7\u00e3o Evangelizadora da Igreja no Brasil. O documento, que orientar\u00e1 as a\u00e7\u00f5es da Igreja nos pr\u00f3ximos seis anos, foi aprovado por unanimidade dos bispos, reunidos durante a 62\u00aa Assembleia Geral da Confer\u00eancia Nacional dos Bispos do Brasil (CNBB), que trouxe<span class=\"read-more arrow\"><a href=\"https:\/\/www.diocesesaoluis.org.br\/home\/2026\/04\/25\/bispos-aprovam-novas-diretrizes-que-vao-orientar-a-evangelizacao-no-brasil-nos-proximos-6-anos\/\" title=\"Read More\">&rarr;<\/a><\/span><\/p>\n","protected":false},"author":2,"featured_media":19023,"comment_status":"closed","ping_status":"open","sticky":true,"template":"","format":"standard","meta":{"ub_ctt_via":"","footnotes":""},"categories":[334],"tags":[406,248,395],"class_list":{"0":"post-19022","1":"post","2":"type-post","3":"status-publish","4":"format-standard","5":"has-post-thumbnail","7":"category-igreja-no-brasil","8":"tag-assembleia-geral-da-cnbb","9":"tag-cnbb","10":"tag-igreja-no-brasil"},"featured_image_src":"https:\/\/www.diocesesaoluis.org.br\/home\/wp-content\/uploads\/2026\/04\/Diretrizes-3.jpg","author_info":{"display_name":false,"author_link":"https:\/\/www.diocesesaoluis.org.br\/home\/author\/lucas\/"},"_links":{"self":[{"href":"https:\/\/www.diocesesaoluis.org.br\/home\/wp-json\/wp\/v2\/posts\/19022","targetHints":{"allow":["GET"]}}],"collection":[{"href":"https:\/\/www.diocesesaoluis.org.br\/home\/wp-json\/wp\/v2\/posts"}],"about":[{"href":"https:\/\/www.diocesesaoluis.org.br\/home\/wp-json\/wp\/v2\/types\/post"}],"author":[{"embeddable":true,"href":"https:\/\/www.diocesesaoluis.org.br\/home\/wp-json\/wp\/v2\/users\/2"}],"replies":[{"embeddable":true,"href":"https:\/\/www.diocesesaoluis.org.br\/home\/wp-json\/wp\/v2\/comments?post=19022"}],"version-history":[{"count":3,"href":"https:\/\/www.diocesesaoluis.org.br\/home\/wp-json\/wp\/v2\/posts\/19022\/revisions"}],"predecessor-version":[{"id":19027,"href":"https:\/\/www.diocesesaoluis.org.br\/home\/wp-json\/wp\/v2\/posts\/19022\/revisions\/19027"}],"wp:featuredmedia":[{"embeddable":true,"href":"https:\/\/www.diocesesaoluis.org.br\/home\/wp-json\/wp\/v2\/media\/19023"}],"wp:attachment":[{"href":"https:\/\/www.diocesesaoluis.org.br\/home\/wp-json\/wp\/v2\/media?parent=19022"}],"wp:term":[{"taxonomy":"category","embeddable":true,"href":"https:\/\/www.diocesesaoluis.org.br\/home\/wp-json\/wp\/v2\/categories?post=19022"},{"taxonomy":"post_tag","embeddable":true,"href":"https:\/\/www.diocesesaoluis.org.br\/home\/wp-json\/wp\/v2\/tags?post=19022"}],"curies":[{"name":"wp","href":"https:\/\/api.w.org\/{rel}","templated":true}]}}