{"id":19019,"date":"2026-04-25T09:54:57","date_gmt":"2026-04-25T12:54:57","guid":{"rendered":"https:\/\/www.diocesesaoluis.org.br\/home\/?p=19019"},"modified":"2026-04-25T09:59:05","modified_gmt":"2026-04-25T12:59:05","slug":"em-mensagem-ao-povo-de-deus-bispos-do-brasil-reafirmam-e-renovam-o-compromisso-de-evangelizar","status":"publish","type":"post","link":"https:\/\/www.diocesesaoluis.org.br\/home\/2026\/04\/25\/em-mensagem-ao-povo-de-deus-bispos-do-brasil-reafirmam-e-renovam-o-compromisso-de-evangelizar\/","title":{"rendered":"Em mensagem ao povo de Deus, bispos do Brasil reafirmam e renovam o compromisso de evangelizar"},"content":{"rendered":"\n<p>Ao final da 62\u00aa Assembleia Geral da Confer\u00eancia Nacional dos Bispos do Brasil (CNBB), foi divulgada a mensagem do episcopado a todo o povo de Deus. Esperan\u00e7a e unidade inspiram o texto que apresenta um chamado \u00e0 comunh\u00e3o e ao renovado compromisso de evangelizar numa Igreja onde todos s\u00e3o \u201ccorrespons\u00e1veis pela miss\u00e3o da Igreja, qualquer que seja o minist\u00e9rio que exer\u00e7amos\u201d.<\/p>\n\n\n\n<p>Os bispos unem-se ao Papa Le\u00e3o XIV em seu prof\u00e9tico empenho pela paz; destacam o Batismo como fonte de todas as voca\u00e7\u00f5es e a riqueza dos dons e carismas \u201cque, na diversidade dos minist\u00e9rios, dinamizam o servi\u00e7o na Igreja e na sociedade\u201d; e manifestam gratid\u00e3o a todo o Povo de Deus, \u201cque se mant\u00e9m fiel no seguimento a Jesus Cristo\u201d, com proximidade aos que \u201csofrem cal\u00fanias e agress\u00f5es por seu compromisso com o Evangelho\u201d.<\/p>\n\n\n\n<p>H\u00e1 o pedido de esfor\u00e7o pela unidade e pela valoriza\u00e7\u00e3o da diversidade dos dons, al\u00e9m do convite ao renovado compromisso&nbsp;na constru\u00e7\u00e3o da cultura vocacional.<\/p>\n\n\n\n<p>No espirito de comunh\u00e3o e unidade, os bispos motivam a assumir \u201ccom renovado ardor, as novas Diretrizes Gerais da A\u00e7\u00e3o Evangelizadora da Igreja no Brasil\u201d, express\u00e3o concreta da acolhida ao caminho sinodal.<\/p>\n\n\n\n<blockquote class=\"wp-block-quote is-layout-flow wp-block-quote-is-layout-flow\">\n<p>\u201cSomos uma Igreja ministerial e, sob o olhar amoroso da Virgem Aparecida, M\u00e3e das Voca\u00e7\u00f5es, renovamos nosso compromisso de evangelizar, anunciando Jesus Cristo com alegria e esperan\u00e7a, para que cheguemos \u00e0 plenitude do Reino de Deus\u201d.<\/p>\n<\/blockquote>\n\n\n\n<p>Confira a mensagem na \u00edntegra:<\/p>\n\n\n\n<blockquote class=\"wp-block-quote is-layout-flow wp-block-quote-is-layout-flow\">\n<h3 class=\"wp-block-heading\">MENSAGEM DOS BISPOS DO BRASIL AO POVO DE DEUS<\/h3>\n\n\n\n<p><em>Jesus disse de novo: \u201cA paz esteja convosco.<\/em><br><em>Como o Pai me enviou, eu tamb\u00e9m vos envio\u201d (Jo 20,21)<\/em><\/p>\n\n\n\n<p>Reunidos em Aparecida, junto \u00e0 Padroeira do Brasil, n\u00f3s, Bispos Cat\u00f3licos, por ocasi\u00e3o da 62\u00aa Assembleia Geral da CNBB, de 15 a 24 de abril, dirigimos esta mensagem de esperan\u00e7a e unidade a todo o Povo de Deus. Fortalecidos pela ora\u00e7\u00e3o, reafirmamos o compromisso de evangelizar, sendo uma Igreja Sinodal que escuta, acolhe e serve a Jesus Cristo com amor e fidelidade.<\/p>\n\n\n\n<p>Unimo-nos ao Papa Le\u00e3o XIV em seu prof\u00e9tico empenho pela paz, que n\u00e3o pode ser um ideal distante, mas uma realidade concreta. Exortamos todos a reconhecer que a paz, dom do Ressuscitado, brota da convers\u00e3o dos cora\u00e7\u00f5es, do di\u00e1logo fraterno e da solidariedade com os mais pobres.<\/p>\n\n\n\n<p>O Batismo \u00e9 a fonte de todas as voca\u00e7\u00f5es e, por meio dele, somos chamados \u00e0 santidade e \u00e0 comunh\u00e3o. Revestidos todos da mesma dignidade, tornamo-nos correspons\u00e1veis pela miss\u00e3o da Igreja, qualquer que seja o minist\u00e9rio que exer\u00e7amos. Nesta harmonia, reconhecemos a riqueza dos dons e carismas que, na diversidade dos minist\u00e9rios, dinamizam o servi\u00e7o na Igreja e na sociedade.<\/p>\n\n\n\n<p>Manifestamos nossa gratid\u00e3o a todo o Povo de Deus, que se mant\u00e9m fiel no seguimento a Jesus Cristo, e expressamos nossa proximidade a todos os crist\u00e3os leigos e leigas, consagrados e consagradas, e ministros ordenados que sofrem cal\u00fanias e agress\u00f5es por seu compromisso com o Evangelho, principalmente junto aos pobres e na defesa da Casa Comum.<\/p>\n\n\n\n<p>Pedimos a todos um esfor\u00e7o cont\u00ednuo pela unidade, fazendo de nossas comunidades ambientes onde o di\u00e1logo se manifeste na supera\u00e7\u00e3o das polariza\u00e7\u00f5es. Empenhemo-nos na valoriza\u00e7\u00e3o da diversidade dos dons, onde todos os minist\u00e9rios sejam vividos como servi\u00e7o ao pr\u00f3ximo, num caminho de comunh\u00e3o, participa\u00e7\u00e3o e miss\u00e3o.<\/p>\n\n\n\n<p>Somos gratos aos crist\u00e3os leigos e leigas, chamados a ser sal da terra e luz do mundo nas realidades sociais e eclesiais (cf. Mt 5,13-16). Enaltecemos, igualmente, a voca\u00e7\u00e3o matrimonial e a fam\u00edlia, cuja miss\u00e3o reside em gerar e cuidar da vida, na educa\u00e7\u00e3o das novas gera\u00e7\u00f5es e na transmiss\u00e3o da f\u00e9.<\/p>\n\n\n\n<p>Esse mesmo olhar queremos dirigir aos di\u00e1conos e presb\u00edteros, chamados \u2014 a exemplo do Bom Pastor \u2014 a serem conosco os primeiros, dentre o Povo de Deus, servidores na comunidade e dispensadores da gra\u00e7a sacramental, construindo um caminho de unidade e comunh\u00e3o. Reconhecemos tamb\u00e9m a import\u00e2ncia da vida consagrada e seu compromisso mission\u00e1rio, especialmente junto aos mais fragilizados, como um sinal prof\u00e9tico de doa\u00e7\u00e3o da pr\u00f3pria vida e um testemunho da alegria no discipulado.<\/p>\n\n\n\n<p>Iluminados pelo magist\u00e9rio do Papa Francisco, que nos animou a ser uma \u201cIgreja em sa\u00edda\u201d, reconhecemos o trabalho incans\u00e1vel de todos os fi\u00e9is que se dedicam \u00e0s iniciativas de cuidado dos pobres e da Casa Comum, atuando nas periferias geogr\u00e1ficas e existenciais. A doa\u00e7\u00e3o de suas vidas, nesta miss\u00e3o, impulsiona-nos a uma sensibilidade e abertura mission\u00e1ria permanentes.<\/p>\n\n\n\n<p>Agradecemos, de modo especial, a todos os jovens presentes em nossas comunidades. Voc\u00eas s\u00e3o o \u201cagora de Deus\u201d, e nos ajudam a ser uma Igreja viva e renovada. Ao mesmo tempo, convidamos todas as lideran\u00e7as eclesiais a acolherem e caminharem junto aos jovens, no cuidado, na escuta e no discernimento.<\/p>\n\n\n\n<p>Convidamos todos a um renovado compromisso na constru\u00e7\u00e3o da cultura vocacional, fazendo de nossas comunidades espa\u00e7os de encontro, testemunho e miss\u00e3o. Ao redor da mesa da Palavra e da Eucaristia, em cada domingo, unamo-nos na ora\u00e7\u00e3o pelas voca\u00e7\u00f5es e pela perseveran\u00e7a dos que se colocam a servi\u00e7o da evangeliza\u00e7\u00e3o.<\/p>\n\n\n\n<p>Neste esp\u00edrito de comunh\u00e3o, como um s\u00f3 corpo (cf. Rm 12,5), assumamos, com renovado ardor, as novas Diretrizes Gerais da A\u00e7\u00e3o Evangelizadora da Igreja no Brasil. Elas s\u00e3o a express\u00e3o concreta de nossa acolhida ao caminho sinodal, que nos leva a redescobrir a beleza da variedade das voca\u00e7\u00f5es, carismas e minist\u00e9rios.<\/p>\n\n\n\n<p>Somos uma Igreja ministerial e, sob o olhar amoroso da Virgem Aparecida, M\u00e3e das Voca\u00e7\u00f5es, renovamos nosso compromisso de evangelizar, anunciando Jesus Cristo com alegria e esperan\u00e7a, para que cheguemos \u00e0 plenitude do Reino de Deus.<\/p>\n\n\n\n<p>Aparecida \u2013 SP, 24 de abril de 2026.<br>62\u00aa Assembleia Geral da CNBB<\/p>\n\n\n\n<p><em><strong>Dom Jaime Cardeal Spengler<\/strong><\/em><br>Arcebispo da Arquidiocese de Porto Alegre \u2013 RS<br>Presidente da CNBB<\/p>\n\n\n\n<p><em><strong>Dom Jo\u00e3o Justino de Medeiros Silva<\/strong><\/em><br>Arcebispo da Arquidiocese de Goi\u00e2nia \u2013 GO<br>1\u00ba Vice-Presidente da CNBB<\/p>\n\n\n\n<p><em><strong>Dom Paulo Jackson N\u00f3brega de Sousa<\/strong><\/em><br>Arcebispo da Arquidiocese de Olinda e Recife \u2013 PE<br>2\u00ba Vice-Presidente da CNBB<\/p>\n\n\n\n<p><em><strong>Dom Ricardo Hoepers<\/strong><\/em><br>Bispo Auxiliar da Arquidiocese de Bras\u00edlia \u2013 DF<br>Secret\u00e1rio-Geral da CNBB<\/p>\n<\/blockquote>\n\n\n\n<p>Foto e informa\u00e7\u00f5es: CNBB<\/p>\n","protected":false},"excerpt":{"rendered":"<p>Ao final da 62\u00aa Assembleia Geral da Confer\u00eancia Nacional dos Bispos do Brasil (CNBB), foi divulgada a mensagem do episcopado a todo o povo de Deus. Esperan\u00e7a e unidade inspiram o texto que apresenta um chamado \u00e0 comunh\u00e3o e ao renovado compromisso de evangelizar numa Igreja onde todos s\u00e3o \u201ccorrespons\u00e1veis pela miss\u00e3o da Igreja, qualquer<span class=\"read-more arrow\"><a href=\"https:\/\/www.diocesesaoluis.org.br\/home\/2026\/04\/25\/em-mensagem-ao-povo-de-deus-bispos-do-brasil-reafirmam-e-renovam-o-compromisso-de-evangelizar\/\" title=\"Read More\">&rarr;<\/a><\/span><\/p>\n","protected":false},"author":2,"featured_media":19020,"comment_status":"closed","ping_status":"open","sticky":true,"template":"","format":"standard","meta":{"ub_ctt_via":"","footnotes":""},"categories":[334],"tags":[406,248,395],"class_list":{"0":"post-19019","1":"post","2":"type-post","3":"status-publish","4":"format-standard","5":"has-post-thumbnail","7":"category-igreja-no-brasil","8":"tag-assembleia-geral-da-cnbb","9":"tag-cnbb","10":"tag-igreja-no-brasil"},"featured_image_src":"https:\/\/www.diocesesaoluis.org.br\/home\/wp-content\/uploads\/2026\/04\/mensagem-ao-povo-de-deus.png","author_info":{"display_name":false,"author_link":"https:\/\/www.diocesesaoluis.org.br\/home\/author\/lucas\/"},"_links":{"self":[{"href":"https:\/\/www.diocesesaoluis.org.br\/home\/wp-json\/wp\/v2\/posts\/19019","targetHints":{"allow":["GET"]}}],"collection":[{"href":"https:\/\/www.diocesesaoluis.org.br\/home\/wp-json\/wp\/v2\/posts"}],"about":[{"href":"https:\/\/www.diocesesaoluis.org.br\/home\/wp-json\/wp\/v2\/types\/post"}],"author":[{"embeddable":true,"href":"https:\/\/www.diocesesaoluis.org.br\/home\/wp-json\/wp\/v2\/users\/2"}],"replies":[{"embeddable":true,"href":"https:\/\/www.diocesesaoluis.org.br\/home\/wp-json\/wp\/v2\/comments?post=19019"}],"version-history":[{"count":1,"href":"https:\/\/www.diocesesaoluis.org.br\/home\/wp-json\/wp\/v2\/posts\/19019\/revisions"}],"predecessor-version":[{"id":19021,"href":"https:\/\/www.diocesesaoluis.org.br\/home\/wp-json\/wp\/v2\/posts\/19019\/revisions\/19021"}],"wp:featuredmedia":[{"embeddable":true,"href":"https:\/\/www.diocesesaoluis.org.br\/home\/wp-json\/wp\/v2\/media\/19020"}],"wp:attachment":[{"href":"https:\/\/www.diocesesaoluis.org.br\/home\/wp-json\/wp\/v2\/media?parent=19019"}],"wp:term":[{"taxonomy":"category","embeddable":true,"href":"https:\/\/www.diocesesaoluis.org.br\/home\/wp-json\/wp\/v2\/categories?post=19019"},{"taxonomy":"post_tag","embeddable":true,"href":"https:\/\/www.diocesesaoluis.org.br\/home\/wp-json\/wp\/v2\/tags?post=19019"}],"curies":[{"name":"wp","href":"https:\/\/api.w.org\/{rel}","templated":true}]}}