{"id":19016,"date":"2026-04-25T09:53:07","date_gmt":"2026-04-25T12:53:07","guid":{"rendered":"https:\/\/www.diocesesaoluis.org.br\/home\/?p=19016"},"modified":"2026-04-25T09:59:09","modified_gmt":"2026-04-25T12:59:09","slug":"bispos-do-brasil-divulgam-mensagem-ao-povo-e-alertam-para-violencia-desigualdade-e-crise-social","status":"publish","type":"post","link":"https:\/\/www.diocesesaoluis.org.br\/home\/2026\/04\/25\/bispos-do-brasil-divulgam-mensagem-ao-povo-e-alertam-para-violencia-desigualdade-e-crise-social\/","title":{"rendered":"Bispos do Brasil divulgam mensagem ao povo e alertam para viol\u00eancia, desigualdade e crise social"},"content":{"rendered":"\n<p>Reunidos no Santu\u00e1rio Nacional de Aparecida, em S\u00e3o Paulo, o episcopado brasileiro divulgou, nesta sexta-feira, 24, a tradicional\u00a0<a href=\"https:\/\/www.cnbb.org.br\/wp-content\/uploads\/test-for-pdf\/Mensagem-ao-Povo-Brasileiro-1.pdf\" target=\"_blank\" rel=\"noreferrer noopener\">\u201cMensagem ao Povo Brasileiro\u201d<\/a>\u00a0durante o \u00faltimo dia da 62\u00aa Assembleia Geral, que acontece no Centro de Eventos Pe. V\u00edtor Coelho de Almeida. O documento traz reflex\u00f5es sobre o momento atual do pa\u00eds e do mundo, destacando tanto sinais de esperan\u00e7a quanto desafios urgentes.<\/p>\n\n\n\n<p>Inspirados pelo tempo Pascoal, os bispos afirmam que h\u00e1 motivos para esperan\u00e7a, como iniciativas de solidariedade, promo\u00e7\u00e3o da cidadania e defesa da vida. No texto, tamb\u00e9m s\u00e3o valorizadas a\u00e7\u00f5es voltadas \u00e0 economia solid\u00e1ria, \u00e0 democracia e aos direitos humanos.<\/p>\n\n\n\n<p>Apesar disso, a mensagem faz um alerta contundente sobre o cen\u00e1rio global e nacional. Segundo os bispos, o mundo vive \u201ctempos de incertezas e sofrimentos\u201d, marcados por guerras, fome e destrui\u00e7\u00e3o. O documento cita ainda preocupa\u00e7\u00f5es com a concentra\u00e7\u00e3o de poder e interesses econ\u00f4micos que impactam negativamente a vida das popula\u00e7\u00f5es.<\/p>\n\n\n\n<p>No contexto brasileiro, a mensagem chama aten\u00e7\u00e3o para o avan\u00e7o da viol\u00eancia e do crime organizado. De acordo com o texto, pr\u00e1ticas como o narcotr\u00e1fico e a atua\u00e7\u00e3o de mil\u00edcias t\u00eam fortalecido um ambiente de inseguran\u00e7a, especialmente nas periferias, onde essas organiza\u00e7\u00f5es chegam a controlar territ\u00f3rios e enfraquecer institui\u00e7\u00f5es leg\u00edtimas.<\/p>\n\n\n\n<p>A mensagem tamb\u00e9m refor\u00e7a a defesa da vida \u201cdesde a concep\u00e7\u00e3o at\u00e9 a morte natural\u201d e destaca a necessidade de pol\u00edticas p\u00fablicas que garantam dignidade \u00e0 popula\u00e7\u00e3o, sobretudo aos mais pobres.<\/p>\n\n\n\n<p>Ao final, os bispos reafirmam o compromisso da Igreja Cat\u00f3lica com a promo\u00e7\u00e3o da paz, da justi\u00e7a social e da esperan\u00e7a, convidando a sociedade brasileira a construir caminhos de fraternidade e solidariedade.<\/p>\n\n\n\n<p>Confira a mensagem na \u00edntegra (<a href=\"https:\/\/www.cnbb.org.br\/wp-content\/uploads\/test-for-pdf\/Mensagem-ao-Povo-Brasileiro-1.pdf\" target=\"_blank\" rel=\"noreferrer noopener\">aqui<\/a>).<\/p>\n\n\n\n<p>Assista ao v\u00eddeo com a divulga\u00e7\u00e3o da mensagem:<\/p>\n\n\n\n<figure class=\"wp-block-embed is-type-video is-provider-youtube wp-block-embed-youtube wp-embed-aspect-16-9 wp-has-aspect-ratio\"><div class=\"wp-block-embed__wrapper\">\n<iframe loading=\"lazy\" title=\"#62AGCNBB - MENSAGEM DOS BISPOS DO BRASIL AO POVO BRASILEIRO\" width=\"740\" height=\"416\" src=\"https:\/\/www.youtube.com\/embed\/_ZBghsfyz2k?feature=oembed\" frameborder=\"0\" allow=\"accelerometer; autoplay; clipboard-write; encrypted-media; gyroscope; picture-in-picture; web-share\" referrerpolicy=\"strict-origin-when-cross-origin\" allowfullscreen><\/iframe>\n<\/div><\/figure>\n\n\n\n<pre class=\"wp-block-preformatted\">Foto de capa: Bia Braz - Studio Brazil<br>Informa\u00e7\u00f5es: CNBB<\/pre>\n","protected":false},"excerpt":{"rendered":"<p>Reunidos no Santu\u00e1rio Nacional de Aparecida, em S\u00e3o Paulo, o episcopado brasileiro divulgou, nesta sexta-feira, 24, a tradicional\u00a0\u201cMensagem ao Povo Brasileiro\u201d\u00a0durante o \u00faltimo dia da 62\u00aa Assembleia Geral, que acontece no Centro de Eventos Pe. V\u00edtor Coelho de Almeida. O documento traz reflex\u00f5es sobre o momento atual do pa\u00eds e do mundo, destacando tanto sinais<span class=\"read-more arrow\"><a href=\"https:\/\/www.diocesesaoluis.org.br\/home\/2026\/04\/25\/bispos-do-brasil-divulgam-mensagem-ao-povo-e-alertam-para-violencia-desigualdade-e-crise-social\/\" title=\"Read More\">&rarr;<\/a><\/span><\/p>\n","protected":false},"author":2,"featured_media":19017,"comment_status":"closed","ping_status":"open","sticky":true,"template":"","format":"standard","meta":{"ub_ctt_via":"","footnotes":""},"categories":[334],"tags":[406,248,395],"class_list":{"0":"post-19016","1":"post","2":"type-post","3":"status-publish","4":"format-standard","5":"has-post-thumbnail","7":"category-igreja-no-brasil","8":"tag-assembleia-geral-da-cnbb","9":"tag-cnbb","10":"tag-igreja-no-brasil"},"featured_image_src":"https:\/\/www.diocesesaoluis.org.br\/home\/wp-content\/uploads\/2026\/04\/BANNER-SITE-MELHOR-3-1.png","author_info":{"display_name":false,"author_link":"https:\/\/www.diocesesaoluis.org.br\/home\/author\/lucas\/"},"_links":{"self":[{"href":"https:\/\/www.diocesesaoluis.org.br\/home\/wp-json\/wp\/v2\/posts\/19016","targetHints":{"allow":["GET"]}}],"collection":[{"href":"https:\/\/www.diocesesaoluis.org.br\/home\/wp-json\/wp\/v2\/posts"}],"about":[{"href":"https:\/\/www.diocesesaoluis.org.br\/home\/wp-json\/wp\/v2\/types\/post"}],"author":[{"embeddable":true,"href":"https:\/\/www.diocesesaoluis.org.br\/home\/wp-json\/wp\/v2\/users\/2"}],"replies":[{"embeddable":true,"href":"https:\/\/www.diocesesaoluis.org.br\/home\/wp-json\/wp\/v2\/comments?post=19016"}],"version-history":[{"count":1,"href":"https:\/\/www.diocesesaoluis.org.br\/home\/wp-json\/wp\/v2\/posts\/19016\/revisions"}],"predecessor-version":[{"id":19018,"href":"https:\/\/www.diocesesaoluis.org.br\/home\/wp-json\/wp\/v2\/posts\/19016\/revisions\/19018"}],"wp:featuredmedia":[{"embeddable":true,"href":"https:\/\/www.diocesesaoluis.org.br\/home\/wp-json\/wp\/v2\/media\/19017"}],"wp:attachment":[{"href":"https:\/\/www.diocesesaoluis.org.br\/home\/wp-json\/wp\/v2\/media?parent=19016"}],"wp:term":[{"taxonomy":"category","embeddable":true,"href":"https:\/\/www.diocesesaoluis.org.br\/home\/wp-json\/wp\/v2\/categories?post=19016"},{"taxonomy":"post_tag","embeddable":true,"href":"https:\/\/www.diocesesaoluis.org.br\/home\/wp-json\/wp\/v2\/tags?post=19016"}],"curies":[{"name":"wp","href":"https:\/\/api.w.org\/{rel}","templated":true}]}}