{"id":18471,"date":"2025-06-04T09:55:32","date_gmt":"2025-06-04T12:55:32","guid":{"rendered":"https:\/\/www.diocesesaoluis.org.br\/home\/?p=18471"},"modified":"2025-09-11T09:19:44","modified_gmt":"2025-09-11T12:19:44","slug":"leao-xiv-aprender-do-coracao-de-jesus-a-compaixao-pelo-mundo","status":"publish","type":"post","link":"https:\/\/www.diocesesaoluis.org.br\/home\/2025\/06\/04\/leao-xiv-aprender-do-coracao-de-jesus-a-compaixao-pelo-mundo\/","title":{"rendered":"Le\u00e3o XIV: aprender do Cora\u00e7\u00e3o de Jesus a compaix\u00e3o pelo mundo"},"content":{"rendered":"\n<p>Foi divulgada, nesta ter\u00e7a-feira (03\/06), a mensagem de v\u00eddeo do Papa Le\u00e3o XIV com a inten\u00e7\u00e3o de ora\u00e7\u00e3o para o m\u00eas de junho, tradicionalmente dedicado ao Sagrado Cora\u00e7\u00e3o de Jesus.<\/p>\n\n\n\n<figure class=\"wp-block-embed aligncenter is-type-video is-provider-youtube wp-block-embed-youtube wp-embed-aspect-16-9 wp-has-aspect-ratio\"><div class=\"wp-block-embed__wrapper\">\n<iframe loading=\"lazy\" title=\"Crescer na compaix\u00e3o pelo mundo - O V\u00eddeo do Papa - Junho 2025\" width=\"740\" height=\"416\" src=\"https:\/\/www.youtube.com\/embed\/0g9gE--Dlxw?feature=oembed\" frameborder=\"0\" allow=\"accelerometer; autoplay; clipboard-write; encrypted-media; gyroscope; picture-in-picture; web-share\" referrerpolicy=\"strict-origin-when-cross-origin\" allowfullscreen><\/iframe>\n<\/div><\/figure>\n\n\n\n<blockquote class=\"wp-block-quote is-layout-flow wp-block-quote-is-layout-flow\">\n<p>\u201cRezemos para que cada um de n\u00f3s encontre consolo na rela\u00e7\u00e3o pessoal com Jesus e aprenda do seu Cora\u00e7\u00e3o a compaix\u00e3o pelo mundo.\u201d<\/p>\n<\/blockquote>\n\n\n\n<p>\u00c9 a primeira vez que a voz de Le\u00e3o XIV aparece no&nbsp;<em>O V\u00eddeo do Papa<\/em>&nbsp;para pedir aos crist\u00e3os que rezem por suas inten\u00e7\u00f5es.<\/p>\n\n\n\n<p>O v\u00eddeo apresenta uma ora\u00e7\u00e3o in\u00e9dita ao Sagrado Cora\u00e7\u00e3o em que se invoca a Cristo para pedir-lhe que nos ajude a conhec\u00ea-lo melhor, a estar com Ele, a aprender de seu amor; transformando-nos, de modo que Ele seja a nossa meta em cada circunst\u00e2ncia da vida di\u00e1ria; e nos envie em uma miss\u00e3o de compaix\u00e3o levando sua consola\u00e7\u00e3o ao mundo.<\/p>\n\n\n\n<p>As imagens que acompanham a ora\u00e7\u00e3o foram feitas na igreja do Santo Nome de Jesus, em Roma &#8211; onde se encontra a c\u00e9lebre pintura do Sagrado Cora\u00e7\u00e3o de Jesus, de Pompeo Batoni, cuja restaura\u00e7\u00e3o se concluir\u00e1 neste m\u00eas &#8211; e no Santu\u00e1rio nacional do Sagrado Cora\u00e7\u00e3o de Makati, nas Filipinas, que representa um local de devo\u00e7\u00e3o popular para toda a arquidiocese de Manila.<\/p>\n\n\n\n<h2 class=\"wp-block-heading\">S\u00edmbolo do amor de Deus<\/h2>\n\n\n\n<p>Tradicionalmente, a Igreja dedica todo o m\u00eas de junho ao Sagrado Cora\u00e7\u00e3o de Jesus, e convida os crist\u00e3os a fazer seu o olhar de Cristo sobre a humanidade e a agir com os sentimentos de seu Cora\u00e7\u00e3o, sobretudo para aliviar o sofrimento dos mais fr\u00e1geis.&nbsp;<\/p>\n\n\n\n<p>O Cora\u00e7\u00e3o de Cristo simboliza seu centro pessoal, de onde brota seu amor pela humanidade: \u00e9 o mist\u00e9rio do cora\u00e7\u00e3o de Deus que se comove e derrama seu amor sobre todos os homens e mulheres do mundo, em todos os tempos.<\/p>\n\n\n\n<p>Ainda que a devo\u00e7\u00e3o ao Cora\u00e7\u00e3o de Cristo tenha estado sempre presente na espiritualidade crist\u00e3, o seu auge se deu com as revela\u00e7\u00f5es a santa Margarida Maria Alacoque e sua interpreta\u00e7\u00e3o por S\u00e3o Claudio La Colombi\u00e8re, SJ, no s\u00e9c. XVII. O Papa Pio IX proclamou a festa do Sagrado Cora\u00e7\u00e3o em 1856; posteriormente, o Papa Le\u00e3o XIII refor\u00e7ou sua import\u00e2ncia elevando-a como Solenidade em 1889.<\/p>\n\n\n\n<p>Um bom motivo da relev\u00e2ncia do Sagrado Cora\u00e7\u00e3o na vida da Igreja se encontra tanto na devo\u00e7\u00e3o popular quanto no fato de que quatro Papas lhe dedicaram uma enc\u00edclica.<\/p>\n\n\n\n<p>Le\u00e3o XIII, de quem o atual Pont\u00edfice assumiu o nome, escreveu a Annum sacrum em 1899; nela, consagra toda a humanidade ao Cora\u00e7\u00e3o de Jesus. Em 1928, Pio XI, na Miserentissimum Redemptor, convida a reparar, con gestos de amor, as feridas causadas por nossos pecados ao Cora\u00e7\u00e3o de Cristo. Em 1956, o Papa Pio XII publica a Haurietis aquas, na qual se aprofunda a teologia da devo\u00e7\u00e3o ao Sagrado Cora\u00e7\u00e3o. Finalmente, o Papa Francisco, em 2024, escreve a Dilexit nos e prop\u00f5e a devo\u00e7\u00e3o ao Cora\u00e7\u00e3o de Cristo como resposta \u00e0 cultura do descarte e da indiferen\u00e7a.<\/p>\n\n\n\n<p>Segue a ora\u00e7\u00e3o feita no&nbsp;<em>O V\u00eddeo do Papa.<\/em><\/p>\n\n\n\n<p>Senhor,<br>hoje procuramos a companhia do teu terno Cora\u00e7\u00e3o,<br>a Ti, que tens palavras que fazem arder meu cora\u00e7\u00e3o,<br>a Ti que derramas compaix\u00e3o sobre os mais pequenos e pobres,<br>sobre os que sofrem, e sobre todas as mis\u00e9rias humanas.<br>Desejamos conhecer-te melhor, contemplar-te no Evangelho,<br>estar contigo e aprender de Ti,<br>da caridade com que te deixaste tocar por todas as pobrezas.<br>Tu que nos mostraste o amor do Pai<br>amando-nos sem medida com o teu Cora\u00e7\u00e3o divino e humano.<br>Concede a todos n\u00f3s a gra\u00e7a do encontro contigo.<br>Muda, modela e transforma os nossos planos;<br>para que s\u00f3 te busquemos a Ti em todas as circunst\u00e2ncias:<br>na ora\u00e7\u00e3o, nos trabalhos, nos encontros e na rotina di\u00e1ria.<br>E deste encontro, envia-nos em miss\u00e3o;<br>uma miss\u00e3o e compaix\u00e3o pelo mundo.<br>S\u00ea para n\u00f3s fonte de onde brota toda a consola\u00e7\u00e3o.<br>Am\u00e9m.<\/p>\n","protected":false},"excerpt":{"rendered":"<p>Foi divulgada, nesta ter\u00e7a-feira (03\/06), a mensagem de v\u00eddeo do Papa Le\u00e3o XIV com a inten\u00e7\u00e3o de ora\u00e7\u00e3o para o m\u00eas de junho, tradicionalmente dedicado ao Sagrado Cora\u00e7\u00e3o de Jesus. \u201cRezemos para que cada um de n\u00f3s encontre consolo na rela\u00e7\u00e3o pessoal com Jesus e aprenda do seu Cora\u00e7\u00e3o a compaix\u00e3o pelo mundo.\u201d \u00c9 a<span class=\"read-more arrow\"><a href=\"https:\/\/www.diocesesaoluis.org.br\/home\/2025\/06\/04\/leao-xiv-aprender-do-coracao-de-jesus-a-compaixao-pelo-mundo\/\" title=\"Read More\">&rarr;<\/a><\/span><\/p>\n","protected":false},"author":2,"featured_media":18433,"comment_status":"closed","ping_status":"open","sticky":false,"template":"","format":"standard","meta":{"ub_ctt_via":"","footnotes":""},"categories":[471],"tags":[472,464],"class_list":{"0":"post-18471","1":"post","2":"type-post","3":"status-publish","4":"format-standard","5":"has-post-thumbnail","7":"category-santo-padre","8":"tag-intencoes-de-oracao","9":"tag-papa-leao-xiv"},"featured_image_src":"https:\/\/www.diocesesaoluis.org.br\/home\/wp-content\/uploads\/2025\/05\/missa-leao-xiv.jpeg","author_info":{"display_name":false,"author_link":"https:\/\/www.diocesesaoluis.org.br\/home\/author\/lucas\/"},"_links":{"self":[{"href":"https:\/\/www.diocesesaoluis.org.br\/home\/wp-json\/wp\/v2\/posts\/18471","targetHints":{"allow":["GET"]}}],"collection":[{"href":"https:\/\/www.diocesesaoluis.org.br\/home\/wp-json\/wp\/v2\/posts"}],"about":[{"href":"https:\/\/www.diocesesaoluis.org.br\/home\/wp-json\/wp\/v2\/types\/post"}],"author":[{"embeddable":true,"href":"https:\/\/www.diocesesaoluis.org.br\/home\/wp-json\/wp\/v2\/users\/2"}],"replies":[{"embeddable":true,"href":"https:\/\/www.diocesesaoluis.org.br\/home\/wp-json\/wp\/v2\/comments?post=18471"}],"version-history":[{"count":1,"href":"https:\/\/www.diocesesaoluis.org.br\/home\/wp-json\/wp\/v2\/posts\/18471\/revisions"}],"predecessor-version":[{"id":18472,"href":"https:\/\/www.diocesesaoluis.org.br\/home\/wp-json\/wp\/v2\/posts\/18471\/revisions\/18472"}],"wp:featuredmedia":[{"embeddable":true,"href":"https:\/\/www.diocesesaoluis.org.br\/home\/wp-json\/wp\/v2\/media\/18433"}],"wp:attachment":[{"href":"https:\/\/www.diocesesaoluis.org.br\/home\/wp-json\/wp\/v2\/media?parent=18471"}],"wp:term":[{"taxonomy":"category","embeddable":true,"href":"https:\/\/www.diocesesaoluis.org.br\/home\/wp-json\/wp\/v2\/categories?post=18471"},{"taxonomy":"post_tag","embeddable":true,"href":"https:\/\/www.diocesesaoluis.org.br\/home\/wp-json\/wp\/v2\/tags?post=18471"}],"curies":[{"name":"wp","href":"https:\/\/api.w.org\/{rel}","templated":true}]}}