{"id":18396,"date":"2025-04-22T11:45:00","date_gmt":"2025-04-22T14:45:00","guid":{"rendered":"https:\/\/www.diocesesaoluis.org.br\/home\/?p=18396"},"modified":"2025-05-09T11:12:13","modified_gmt":"2025-05-09T14:12:13","slug":"testamento-do-santo-padre-francisco","status":"publish","type":"post","link":"https:\/\/www.diocesesaoluis.org.br\/home\/2025\/04\/22\/testamento-do-santo-padre-francisco\/","title":{"rendered":"Testamento do Santo Padre Francisco"},"content":{"rendered":"\n<p><strong>Papa Francisco&nbsp;<\/strong><\/p>\n\n\n\n<p><em>Miserando atque Eligendo<\/em><\/p>\n\n\n\n<p>Em Nome da Sant\u00edssima Trindade. Am\u00e9m.<\/p>\n\n\n\n<p>Sentindo que se aproxima o ocaso da minha vida terrena e com viva esperan\u00e7a na Vida Eterna, desejo expressar a minha vontade testament\u00e1ria somente no que diz respeito ao local da minha sepultura.<\/p>\n\n\n\n<p>Sempre confiei a minha vida e o minist\u00e9rio sacerdotal e episcopal \u00e0 M\u00e3e do Nosso Senhor, Maria Sant\u00edssima. Por isso, pe\u00e7o que os meus restos mortais repousem, esperando o dia da ressurrei\u00e7\u00e3o, na Bas\u00edlica Papal de Santa Maria Maior.<\/p>\n\n\n\n<p>Desejo que a minha \u00faltima viagem terrena se conclua precisamente neste antiqu\u00edssimo santu\u00e1rio Mariano, onde me dirigia para rezar no in\u00edcio e fim de cada Viagem Apost\u00f3lica, para entregar confiadamente as minhas inten\u00e7\u00f5es \u00e0 M\u00e3e Imaculada e agradecer-Lhe pelo d\u00f3cil e materno cuidado.<\/p>\n\n\n\n<p>Pe\u00e7o que o meu t\u00famulo seja preparado no nicho do corredor lateral entre a Capela Paulina (Capela da Salus Populi Romani) e a Capela Sforza desta mesma Bas\u00edlica Papal, como indicado no anexo.<\/p>\n\n\n\n<p>O t\u00famulo deve ser no ch\u00e3o; simples, sem decora\u00e7\u00e3o especial e com uma \u00fanica inscri\u00e7\u00e3o: Franciscus.<\/p>\n\n\n\n<p>As despesas para a prepara\u00e7\u00e3o da minha sepultura ser\u00e3o cobertas pela soma do benfeitor que providenciei, a ser transferida para a Bas\u00edlica Papal de Santa Maria Maior e para a qual dei instru\u00e7\u00f5es apropriadas ao Arcebispo Rolandas Makrickas, Comiss\u00e1rio Extraordin\u00e1rio do Cabido da Bas\u00edlica.<\/p>\n\n\n\n<p>Que o Senhor d\u00ea a merecida recompensa \u00e0queles que me quiseram bem e que continuar\u00e3o a rezar por mim. O sofrimento que esteve presente na \u00faltima parte de minha vida eu o ofere\u00e7o ao Senhor pela paz no mundo e pela fraternidade entre os povos.<\/p>\n\n\n\n<p><em>Santa Marta, 29 de junho de 2022<\/em><\/p>\n","protected":false},"excerpt":{"rendered":"<p>Papa Francisco&nbsp; Miserando atque Eligendo Em Nome da Sant\u00edssima Trindade. Am\u00e9m. Sentindo que se aproxima o ocaso da minha vida terrena e com viva esperan\u00e7a na Vida Eterna, desejo expressar a minha vontade testament\u00e1ria somente no que diz respeito ao local da minha sepultura. Sempre confiei a minha vida e o minist\u00e9rio sacerdotal e episcopal<span class=\"read-more arrow\"><a href=\"https:\/\/www.diocesesaoluis.org.br\/home\/2025\/04\/22\/testamento-do-santo-padre-francisco\/\" title=\"Read More\">&rarr;<\/a><\/span><\/p>\n","protected":false},"author":2,"featured_media":18397,"comment_status":"closed","ping_status":"open","sticky":false,"template":"","format":"standard","meta":{"ub_ctt_via":"","footnotes":""},"categories":[383],"tags":[254,216],"class_list":{"0":"post-18396","1":"post","2":"type-post","3":"status-publish","4":"format-standard","5":"has-post-thumbnail","7":"category-santa-se","8":"tag-papa-francisco","9":"tag-santa-se"},"featured_image_src":"https:\/\/www.diocesesaoluis.org.br\/home\/wp-content\/uploads\/2025\/04\/papa.jpeg","author_info":{"display_name":false,"author_link":"https:\/\/www.diocesesaoluis.org.br\/home\/author\/lucas\/"},"_links":{"self":[{"href":"https:\/\/www.diocesesaoluis.org.br\/home\/wp-json\/wp\/v2\/posts\/18396","targetHints":{"allow":["GET"]}}],"collection":[{"href":"https:\/\/www.diocesesaoluis.org.br\/home\/wp-json\/wp\/v2\/posts"}],"about":[{"href":"https:\/\/www.diocesesaoluis.org.br\/home\/wp-json\/wp\/v2\/types\/post"}],"author":[{"embeddable":true,"href":"https:\/\/www.diocesesaoluis.org.br\/home\/wp-json\/wp\/v2\/users\/2"}],"replies":[{"embeddable":true,"href":"https:\/\/www.diocesesaoluis.org.br\/home\/wp-json\/wp\/v2\/comments?post=18396"}],"version-history":[{"count":1,"href":"https:\/\/www.diocesesaoluis.org.br\/home\/wp-json\/wp\/v2\/posts\/18396\/revisions"}],"predecessor-version":[{"id":18398,"href":"https:\/\/www.diocesesaoluis.org.br\/home\/wp-json\/wp\/v2\/posts\/18396\/revisions\/18398"}],"wp:featuredmedia":[{"embeddable":true,"href":"https:\/\/www.diocesesaoluis.org.br\/home\/wp-json\/wp\/v2\/media\/18397"}],"wp:attachment":[{"href":"https:\/\/www.diocesesaoluis.org.br\/home\/wp-json\/wp\/v2\/media?parent=18396"}],"wp:term":[{"taxonomy":"category","embeddable":true,"href":"https:\/\/www.diocesesaoluis.org.br\/home\/wp-json\/wp\/v2\/categories?post=18396"},{"taxonomy":"post_tag","embeddable":true,"href":"https:\/\/www.diocesesaoluis.org.br\/home\/wp-json\/wp\/v2\/tags?post=18396"}],"curies":[{"name":"wp","href":"https:\/\/api.w.org\/{rel}","templated":true}]}}