{"id":18392,"date":"2025-04-22T11:48:06","date_gmt":"2025-04-22T14:48:06","guid":{"rendered":"https:\/\/www.diocesesaoluis.org.br\/home\/?p=18392"},"modified":"2025-05-30T08:37:34","modified_gmt":"2025-05-30T11:37:34","slug":"exequias-do-papa-francisco-sabado-na-praca-sao-pedro","status":"publish","type":"post","link":"https:\/\/www.diocesesaoluis.org.br\/home\/2025\/04\/22\/exequias-do-papa-francisco-sabado-na-praca-sao-pedro\/","title":{"rendered":"Ex\u00e9quias do Papa Francisco: s\u00e1bado na Pra\u00e7a S\u00e3o Pedro"},"content":{"rendered":"\n<p>O Departamento de Celebra\u00e7\u00f5es Lit\u00fargicas do Vaticano anunciou os detalhes das ex\u00e9quias do Papa Francisco. A cerim\u00f4nia segue as indica\u00e7\u00f5es estabelecidas no&nbsp;<em>Ordo Exsequiarum Romani Pontificis<\/em>, documento que rege os ritos funer\u00e1rios do Pont\u00edfice Romano.<\/p>\n\n\n\n<h2 class=\"wp-block-heading\">Traslado para a Bas\u00edlica de S\u00e3o Pedro<\/h2>\n\n\n\n<p>Na quarta-feira, 23 de abril, \u00e0s 9h (hor\u00e1rio local), o corpo do Papa Francisco ser\u00e1 trasladado da Capela da Casa Santa Marta at\u00e9 a Bas\u00edlica de S\u00e3o Pedro. A condu\u00e7\u00e3o da urna ser\u00e1 precedida por um momento de ora\u00e7\u00e3o, presidido pelo cardeal Kevin Joseph Farrell, camerlengo da Santa Igreja Romana.<\/p>\n\n\n\n<p>A prociss\u00e3o seguir\u00e1 pela Pra\u00e7a Santa Marta e pela Pra\u00e7a dos Protorm\u00e1rtires Romanos, saindo pelo Arco dos Sinos at\u00e9 a Pra\u00e7a S\u00e3o Pedro, entrando em seguida na Bas\u00edlica Vaticana pela porta central. Diante do Altar da Confiss\u00e3o, o cardeal camerlengo conduzir\u00e1 a Liturgia da Palavra, ap\u00f3s a qual ser\u00e1 aberto o per\u00edodo de visita\u00e7\u00e3o \u00e0 urna mortu\u00e1ria do Papa Francisco.<\/p>\n\n\n\n<h2 class=\"wp-block-heading\">Ex\u00e9quias e sepultamento<\/h2>\n\n\n\n<p>No s\u00e1bado, 26 de abril, \u00e0s 10h (hor\u00e1rio local), ser\u00e1 celebrada a Missa das Ex\u00e9quias, que marca o primeiro dia do&nbsp;<em>Novendiali<\/em>&nbsp;(noven\u00e1rio), os nove dias de luto e ora\u00e7\u00f5es em honra ao Pont\u00edfice falecido. A celebra\u00e7\u00e3o ocorrer\u00e1 no \u00e1trio da Bas\u00edlica de S\u00e3o Pedro e ser\u00e1 presidida pelo cardeal Giovanni Battista Re, decano do Col\u00e9gio Cardinal\u00edcio.<\/p>\n\n\n\n<p>Ao final da celebra\u00e7\u00e3o eucar\u00edstica, ocorrer\u00e3o os ritos da&nbsp;<em>\u00daltima Commendatio<\/em>&nbsp;e da&nbsp;<em>Valedictio<\/em>&nbsp;\u2014 despedidas solenes que marcam o encerramento das ex\u00e9quias. Em seguida, o caix\u00e3o do Papa ser\u00e1 levado novamente para o interior da Bas\u00edlica de S\u00e3o Pedro e, de l\u00e1, transferido para a Bas\u00edlica de Santa Maria Maior, onde ser\u00e1 realizada a cerim\u00f4nia de sepultamento.<\/p>\n\n\n\n<p>Diversos chefes de Estado e de governo j\u00e1 anunciaram oficialmente sua presen\u00e7a para prestar homenagem ao Pont\u00edfice falecido.<\/p>\n\n\n\n<p>Fonte: Vatican News<\/p>\n\n\n\n<figure class=\"wp-block-embed is-type-video is-provider-youtube wp-block-embed-youtube wp-embed-aspect-16-9 wp-has-aspect-ratio\"><div class=\"wp-block-embed__wrapper\">\n<iframe loading=\"lazy\" title=\"Riti vaticani: la bara con la salma di Papa Francesco\" width=\"740\" height=\"416\" src=\"https:\/\/www.youtube.com\/embed\/QH8odkQ6zP0?feature=oembed\" frameborder=\"0\" allow=\"accelerometer; autoplay; clipboard-write; encrypted-media; gyroscope; picture-in-picture; web-share\" referrerpolicy=\"strict-origin-when-cross-origin\" allowfullscreen><\/iframe>\n<\/div><\/figure>\n","protected":false},"excerpt":{"rendered":"<p>O Departamento de Celebra\u00e7\u00f5es Lit\u00fargicas do Vaticano anunciou os detalhes das ex\u00e9quias do Papa Francisco. A cerim\u00f4nia segue as indica\u00e7\u00f5es estabelecidas no&nbsp;Ordo Exsequiarum Romani Pontificis, documento que rege os ritos funer\u00e1rios do Pont\u00edfice Romano. Traslado para a Bas\u00edlica de S\u00e3o Pedro Na quarta-feira, 23 de abril, \u00e0s 9h (hor\u00e1rio local), o corpo do Papa Francisco<span class=\"read-more arrow\"><a href=\"https:\/\/www.diocesesaoluis.org.br\/home\/2025\/04\/22\/exequias-do-papa-francisco-sabado-na-praca-sao-pedro\/\" title=\"Read More\">&rarr;<\/a><\/span><\/p>\n","protected":false},"author":2,"featured_media":18393,"comment_status":"closed","ping_status":"open","sticky":false,"template":"","format":"standard","meta":{"ub_ctt_via":"","footnotes":""},"categories":[383],"tags":[254,216],"class_list":{"0":"post-18392","1":"post","2":"type-post","3":"status-publish","4":"format-standard","5":"has-post-thumbnail","7":"category-santa-se","8":"tag-papa-francisco","9":"tag-santa-se"},"featured_image_src":"https:\/\/www.diocesesaoluis.org.br\/home\/wp-content\/uploads\/2025\/04\/2025-04-22t110028z_1_lynxmpel3l0ge_rtroptp_4_pope-francis.webp","author_info":{"display_name":false,"author_link":"https:\/\/www.diocesesaoluis.org.br\/home\/author\/lucas\/"},"_links":{"self":[{"href":"https:\/\/www.diocesesaoluis.org.br\/home\/wp-json\/wp\/v2\/posts\/18392","targetHints":{"allow":["GET"]}}],"collection":[{"href":"https:\/\/www.diocesesaoluis.org.br\/home\/wp-json\/wp\/v2\/posts"}],"about":[{"href":"https:\/\/www.diocesesaoluis.org.br\/home\/wp-json\/wp\/v2\/types\/post"}],"author":[{"embeddable":true,"href":"https:\/\/www.diocesesaoluis.org.br\/home\/wp-json\/wp\/v2\/users\/2"}],"replies":[{"embeddable":true,"href":"https:\/\/www.diocesesaoluis.org.br\/home\/wp-json\/wp\/v2\/comments?post=18392"}],"version-history":[{"count":2,"href":"https:\/\/www.diocesesaoluis.org.br\/home\/wp-json\/wp\/v2\/posts\/18392\/revisions"}],"predecessor-version":[{"id":18395,"href":"https:\/\/www.diocesesaoluis.org.br\/home\/wp-json\/wp\/v2\/posts\/18392\/revisions\/18395"}],"wp:featuredmedia":[{"embeddable":true,"href":"https:\/\/www.diocesesaoluis.org.br\/home\/wp-json\/wp\/v2\/media\/18393"}],"wp:attachment":[{"href":"https:\/\/www.diocesesaoluis.org.br\/home\/wp-json\/wp\/v2\/media?parent=18392"}],"wp:term":[{"taxonomy":"category","embeddable":true,"href":"https:\/\/www.diocesesaoluis.org.br\/home\/wp-json\/wp\/v2\/categories?post=18392"},{"taxonomy":"post_tag","embeddable":true,"href":"https:\/\/www.diocesesaoluis.org.br\/home\/wp-json\/wp\/v2\/tags?post=18392"}],"curies":[{"name":"wp","href":"https:\/\/api.w.org\/{rel}","templated":true}]}}