{"id":18280,"date":"2025-02-26T16:00:00","date_gmt":"2025-02-26T19:00:00","guid":{"rendered":"https:\/\/www.diocesesaoluis.org.br\/home\/?p=18280"},"modified":"2025-03-11T12:02:03","modified_gmt":"2025-03-11T15:02:03","slug":"papa-no-gemelli-condicao-clinica-melhora-leve-insuficiencia-renal-resolvida","status":"publish","type":"post","link":"https:\/\/www.diocesesaoluis.org.br\/home\/2025\/02\/26\/papa-no-gemelli-condicao-clinica-melhora-leve-insuficiencia-renal-resolvida\/","title":{"rendered":"Papa no Gemelli: condi\u00e7\u00e3o cl\u00ednica melhora, leve insufici\u00eancia renal resolvida"},"content":{"rendered":"\n<p>Eis o boletim vespertino desta quarta-feira, 26 de fevereiro, publicado pela Sala de Imprensa da Santa S\u00e9 acerca das condi\u00e7\u00f5es de sa\u00fade do Papa Francisco:<\/p>\n\n\n\n<p>&#8220;As condi\u00e7\u00f5es cl\u00ednicas do Santo Padre nas \u00faltimas 24 horas apresentaram uma melhora leve e cont\u00ednua.&nbsp;&nbsp;A leve insufici\u00eancia renal detectada nos \u00faltimos dias foi resolvida.&nbsp;&nbsp;A tomografia do t\u00f3rax realizada ontem \u00e0 noite mostrou uma evolu\u00e7\u00e3o normal do quadro inflamat\u00f3rio pulmonar.&nbsp;&nbsp;Os exames laboratoriais e hematol\u00f3gicos de hoje confirmaram a melhora observada ontem.&nbsp;&nbsp;O Santo Padre continua com oxigenoterapia de alto fluxo e, at\u00e9 o momento, n\u00e3o apresentou crises respirat\u00f3rias asm\u00e1ticas.&nbsp;&nbsp;A fisioterapia respirat\u00f3ria continua.&nbsp;&nbsp;Apesar da leve melhora, o progn\u00f3stico permanece reservado.&nbsp;Durante a manh\u00e3, o Santo Padre recebeu a Eucaristia. A tarde foi dedicada \u00e0s atividades de trabalho.&#8221;<\/p>\n","protected":false},"excerpt":{"rendered":"<p>Eis o boletim vespertino desta quarta-feira, 26 de fevereiro, publicado pela Sala de Imprensa da Santa S\u00e9 acerca das condi\u00e7\u00f5es de sa\u00fade do Papa Francisco: &#8220;As condi\u00e7\u00f5es cl\u00ednicas do Santo Padre nas \u00faltimas 24 horas apresentaram uma melhora leve e cont\u00ednua.&nbsp;&nbsp;A leve insufici\u00eancia renal detectada nos \u00faltimos dias foi resolvida.&nbsp;&nbsp;A tomografia do t\u00f3rax realizada ontem<span class=\"read-more arrow\"><a href=\"https:\/\/www.diocesesaoluis.org.br\/home\/2025\/02\/26\/papa-no-gemelli-condicao-clinica-melhora-leve-insuficiencia-renal-resolvida\/\" title=\"Read More\">&rarr;<\/a><\/span><\/p>\n","protected":false},"author":2,"featured_media":18281,"comment_status":"closed","ping_status":"open","sticky":false,"template":"","format":"standard","meta":{"ub_ctt_via":"","footnotes":""},"categories":[383],"tags":[254],"class_list":{"0":"post-18280","1":"post","2":"type-post","3":"status-publish","4":"format-standard","5":"has-post-thumbnail","7":"category-santa-se","8":"tag-papa-francisco"},"featured_image_src":"https:\/\/www.diocesesaoluis.org.br\/home\/wp-content\/uploads\/2025\/02\/gemelli.jpeg","author_info":{"display_name":false,"author_link":"https:\/\/www.diocesesaoluis.org.br\/home\/author\/lucas\/"},"_links":{"self":[{"href":"https:\/\/www.diocesesaoluis.org.br\/home\/wp-json\/wp\/v2\/posts\/18280","targetHints":{"allow":["GET"]}}],"collection":[{"href":"https:\/\/www.diocesesaoluis.org.br\/home\/wp-json\/wp\/v2\/posts"}],"about":[{"href":"https:\/\/www.diocesesaoluis.org.br\/home\/wp-json\/wp\/v2\/types\/post"}],"author":[{"embeddable":true,"href":"https:\/\/www.diocesesaoluis.org.br\/home\/wp-json\/wp\/v2\/users\/2"}],"replies":[{"embeddable":true,"href":"https:\/\/www.diocesesaoluis.org.br\/home\/wp-json\/wp\/v2\/comments?post=18280"}],"version-history":[{"count":1,"href":"https:\/\/www.diocesesaoluis.org.br\/home\/wp-json\/wp\/v2\/posts\/18280\/revisions"}],"predecessor-version":[{"id":18282,"href":"https:\/\/www.diocesesaoluis.org.br\/home\/wp-json\/wp\/v2\/posts\/18280\/revisions\/18282"}],"wp:featuredmedia":[{"embeddable":true,"href":"https:\/\/www.diocesesaoluis.org.br\/home\/wp-json\/wp\/v2\/media\/18281"}],"wp:attachment":[{"href":"https:\/\/www.diocesesaoluis.org.br\/home\/wp-json\/wp\/v2\/media?parent=18280"}],"wp:term":[{"taxonomy":"category","embeddable":true,"href":"https:\/\/www.diocesesaoluis.org.br\/home\/wp-json\/wp\/v2\/categories?post=18280"},{"taxonomy":"post_tag","embeddable":true,"href":"https:\/\/www.diocesesaoluis.org.br\/home\/wp-json\/wp\/v2\/tags?post=18280"}],"curies":[{"name":"wp","href":"https:\/\/api.w.org\/{rel}","templated":true}]}}