{"id":18214,"date":"2024-12-30T15:41:36","date_gmt":"2024-12-30T18:41:36","guid":{"rendered":"https:\/\/www.diocesesaoluis.org.br\/home\/?p=18214"},"modified":"2025-04-04T10:52:27","modified_gmt":"2025-04-04T13:52:27","slug":"leia-a-bula-spes-non-confundit-na-qual-foi-proclamado-o-jubileu-2025","status":"publish","type":"post","link":"https:\/\/www.diocesesaoluis.org.br\/home\/2024\/12\/30\/leia-a-bula-spes-non-confundit-na-qual-foi-proclamado-o-jubileu-2025\/","title":{"rendered":"Leia a Bula &#8220;Spes non confundit&#8221; na qual foi Proclamado o Jubileu 2025"},"content":{"rendered":"\n<p>Segundo a tradi\u00e7\u00e3o, cada Jubileu \u00e9 proclamado atrav\u00e9s da publica\u00e7\u00e3o de uma Bula Papal (ou Bula Pontif\u00edcia) de Proclama\u00e7\u00e3o. Por &#8220;Bula&#8221; entende-se um documento oficial, geralmente escrito em latim, com o selo do Papa, cuja forma d\u00e1 o nome ao documento. No in\u00edcio, o selo era geralmente feito de chumbo e trazia na frente a imagem dos Santos Ap\u00f3stolos Pedro e Paulo, fundadores da Igreja de Roma, e no verso o nome do Pont\u00edfice. Mais tarde, o selo met\u00e1lico foi substitu\u00eddo por um carimbo a tinta, mas continuou a ser utilizado para os documentos mais importantes. <\/p>\n\n\n\n<p>Cada Bula \u00e9 identificada pelas suas palavras iniciais. Por exemplo, S\u00e3o Jo\u00e3o Paulo II proclamou o Grande Jubileu do Ano 2000 com a Bula\u00a0<em>Incarnationis mysterium<\/em>\u00a0(&#8220;O Mist\u00e9rio da Encarna\u00e7\u00e3o&#8221;), enquanto o Papa Francisco proclamou o Jubileu Extraordin\u00e1rio da Miseric\u00f3rdia (2015-2016) com a Bula\u00a0<em>Misericordiae vultus<\/em>\u00a0(&#8220;O Rosto da Miseric\u00f3rdia&#8221;). A Bula de Indica\u00e7\u00e3o do Jubileu, que indica as datas do in\u00edcio e do fim do Ano Santo, \u00e9 geralmente emitida no ano anterior, coincidindo com a Solenidade da Ascens\u00e3o. Para o Jubileu de 2025, prev\u00ea-se que seja publicada a 9 de maio de 2024.<\/p>\n\n\n\n<p>Leia a Bula, <strong><a href=\"https:\/\/www.vatican.va\/content\/francesco\/pt\/bulls\/documents\/20240509_spes-non-confundit_bolla-giubileo2025.html\" target=\"_blank\" rel=\"noreferrer noopener\">clique aqui<\/a><\/strong>.<\/p>\n\n\n<div class=\"wp-block-image\">\n<figure class=\"aligncenter size-large\"><a href=\"https:\/\/www.iubilaeum2025.va\/pt.html\" target=\"_blank\" rel=\"noreferrer noopener\"><img loading=\"lazy\" decoding=\"async\" width=\"1024\" height=\"341\" src=\"https:\/\/www.diocesesaoluis.org.br\/home\/wp-content\/uploads\/2024\/12\/image-1024x341.png\" alt=\"\" class=\"wp-image-18216\" srcset=\"https:\/\/www.diocesesaoluis.org.br\/home\/wp-content\/uploads\/2024\/12\/image-1024x341.png 1024w, https:\/\/www.diocesesaoluis.org.br\/home\/wp-content\/uploads\/2024\/12\/image-300x100.png 300w, https:\/\/www.diocesesaoluis.org.br\/home\/wp-content\/uploads\/2024\/12\/image-150x50.png 150w, https:\/\/www.diocesesaoluis.org.br\/home\/wp-content\/uploads\/2024\/12\/image.png 1200w\" sizes=\"auto, (max-width: 1024px) 100vw, 1024px\" \/><\/a><figcaption class=\"wp-element-caption\"><em>Acesse o site oficial do Jubileu 2025<\/em><\/figcaption><\/figure><\/div>","protected":false},"excerpt":{"rendered":"<p>Segundo a tradi\u00e7\u00e3o, cada Jubileu \u00e9 proclamado atrav\u00e9s da publica\u00e7\u00e3o de uma Bula Papal (ou Bula Pontif\u00edcia) de Proclama\u00e7\u00e3o. Por &#8220;Bula&#8221; entende-se um documento oficial, geralmente escrito em latim, com o selo do Papa, cuja forma d\u00e1 o nome ao documento. No in\u00edcio, o selo era geralmente feito de chumbo e trazia na frente a<span class=\"read-more arrow\"><a href=\"https:\/\/www.diocesesaoluis.org.br\/home\/2024\/12\/30\/leia-a-bula-spes-non-confundit-na-qual-foi-proclamado-o-jubileu-2025\/\" title=\"Read More\">&rarr;<\/a><\/span><\/p>\n","protected":false},"author":2,"featured_media":18215,"comment_status":"closed","ping_status":"open","sticky":false,"template":"","format":"standard","meta":{"ub_ctt_via":"","footnotes":""},"categories":[6,425],"tags":[462,426],"class_list":{"0":"post-18214","1":"post","2":"type-post","3":"status-publish","4":"format-standard","5":"has-post-thumbnail","7":"category-bispo-diocesano","8":"category-jubileu-2025","9":"tag-bula-papal","10":"tag-jubileu-2025"},"featured_image_src":"https:\/\/www.diocesesaoluis.org.br\/home\/wp-content\/uploads\/2024\/12\/Jubileu-destaque-2.jpg","author_info":{"display_name":false,"author_link":"https:\/\/www.diocesesaoluis.org.br\/home\/author\/lucas\/"},"_links":{"self":[{"href":"https:\/\/www.diocesesaoluis.org.br\/home\/wp-json\/wp\/v2\/posts\/18214","targetHints":{"allow":["GET"]}}],"collection":[{"href":"https:\/\/www.diocesesaoluis.org.br\/home\/wp-json\/wp\/v2\/posts"}],"about":[{"href":"https:\/\/www.diocesesaoluis.org.br\/home\/wp-json\/wp\/v2\/types\/post"}],"author":[{"embeddable":true,"href":"https:\/\/www.diocesesaoluis.org.br\/home\/wp-json\/wp\/v2\/users\/2"}],"replies":[{"embeddable":true,"href":"https:\/\/www.diocesesaoluis.org.br\/home\/wp-json\/wp\/v2\/comments?post=18214"}],"version-history":[{"count":1,"href":"https:\/\/www.diocesesaoluis.org.br\/home\/wp-json\/wp\/v2\/posts\/18214\/revisions"}],"predecessor-version":[{"id":18217,"href":"https:\/\/www.diocesesaoluis.org.br\/home\/wp-json\/wp\/v2\/posts\/18214\/revisions\/18217"}],"wp:featuredmedia":[{"embeddable":true,"href":"https:\/\/www.diocesesaoluis.org.br\/home\/wp-json\/wp\/v2\/media\/18215"}],"wp:attachment":[{"href":"https:\/\/www.diocesesaoluis.org.br\/home\/wp-json\/wp\/v2\/media?parent=18214"}],"wp:term":[{"taxonomy":"category","embeddable":true,"href":"https:\/\/www.diocesesaoluis.org.br\/home\/wp-json\/wp\/v2\/categories?post=18214"},{"taxonomy":"post_tag","embeddable":true,"href":"https:\/\/www.diocesesaoluis.org.br\/home\/wp-json\/wp\/v2\/tags?post=18214"}],"curies":[{"name":"wp","href":"https:\/\/api.w.org\/{rel}","templated":true}]}}