{"id":18130,"date":"2024-12-23T12:37:00","date_gmt":"2024-12-23T15:37:00","guid":{"rendered":"https:\/\/www.diocesesaoluis.org.br\/home\/?p=18130"},"modified":"2025-02-10T08:44:57","modified_gmt":"2025-02-10T11:44:57","slug":"celebracao-marcara-a-abertura-do-jubileu-2025","status":"publish","type":"post","link":"https:\/\/www.diocesesaoluis.org.br\/home\/2024\/12\/23\/celebracao-marcara-a-abertura-do-jubileu-2025\/","title":{"rendered":"Celebra\u00e7\u00e3o marcar\u00e1 a abertura do Jubileu 2025"},"content":{"rendered":"\n<p>Convidamos todos que comp\u00f5em as nossas 43 par\u00f3quias para participar de nossa peregrina\u00e7\u00e3o diocesana da abertura do Jubileu 2025 que tem como tema: &#8220;Peregrinos da Esperan\u00e7a&#8221;. Acontecer\u00e1 no dia 28 de dezembro, em S\u00e3o Lu\u00eds de Montes Belos, com todo o clero de nossa diocese.<\/p>\n\n\n\n<p>Proclamado pelo Papa Francisco, o Jubileu Ordin\u00e1rio, que acontece a cada 25 anos, ter\u00e1 in\u00edcio no dia 24 de dezembro de 2024, com a aberta da Porta Santa na Bas\u00edlica de S\u00e3o Pedro, no Vaticano, e terminar\u00e1 em 6 <a><\/a>de janeiro de 2026.<\/p>\n\n\n\n<p>O tema escolhido para este Ano Jubilar \u00e9 \u201cPeregrinos da Esperan\u00e7a\u201d. A prepara\u00e7\u00e3o para este Jubileu come\u00e7ou h\u00e1 dois anos, com o Ano do Conc\u00edlio (em 2023) e o Ano da Ora\u00e7\u00e3o (em 2024).<\/p>\n\n\n\n<figure class=\"wp-block-gallery has-nested-images columns-default is-cropped wp-block-gallery-1 is-layout-flex wp-block-gallery-is-layout-flex\">\n<figure class=\"wp-block-image size-large\"><img loading=\"lazy\" decoding=\"async\" width=\"1024\" height=\"1024\" data-id=\"18131\" src=\"https:\/\/www.diocesesaoluis.org.br\/home\/wp-content\/uploads\/2024\/12\/469431768_18292105681226561_338804271743754507_n-1024x1024.jpg\" alt=\"\" class=\"wp-image-18131\" srcset=\"https:\/\/www.diocesesaoluis.org.br\/home\/wp-content\/uploads\/2024\/12\/469431768_18292105681226561_338804271743754507_n-1024x1024.jpg 1024w, https:\/\/www.diocesesaoluis.org.br\/home\/wp-content\/uploads\/2024\/12\/469431768_18292105681226561_338804271743754507_n-300x300.jpg 300w, https:\/\/www.diocesesaoluis.org.br\/home\/wp-content\/uploads\/2024\/12\/469431768_18292105681226561_338804271743754507_n-150x150.jpg 150w, https:\/\/www.diocesesaoluis.org.br\/home\/wp-content\/uploads\/2024\/12\/469431768_18292105681226561_338804271743754507_n.jpg 1080w\" sizes=\"auto, (max-width: 1024px) 100vw, 1024px\" \/><\/figure>\n\n\n\n<figure class=\"wp-block-image size-large\"><img loading=\"lazy\" decoding=\"async\" width=\"1024\" height=\"1024\" data-id=\"18132\" src=\"https:\/\/www.diocesesaoluis.org.br\/home\/wp-content\/uploads\/2024\/12\/469695900_18292105696226561_3362987415476445212_n-1024x1024.jpg\" alt=\"\" class=\"wp-image-18132\" srcset=\"https:\/\/www.diocesesaoluis.org.br\/home\/wp-content\/uploads\/2024\/12\/469695900_18292105696226561_3362987415476445212_n-1024x1024.jpg 1024w, https:\/\/www.diocesesaoluis.org.br\/home\/wp-content\/uploads\/2024\/12\/469695900_18292105696226561_3362987415476445212_n-300x300.jpg 300w, https:\/\/www.diocesesaoluis.org.br\/home\/wp-content\/uploads\/2024\/12\/469695900_18292105696226561_3362987415476445212_n-150x150.jpg 150w, https:\/\/www.diocesesaoluis.org.br\/home\/wp-content\/uploads\/2024\/12\/469695900_18292105696226561_3362987415476445212_n.jpg 1080w\" sizes=\"auto, (max-width: 1024px) 100vw, 1024px\" \/><\/figure>\n<\/figure>\n","protected":false},"excerpt":{"rendered":"<p>Convidamos todos que comp\u00f5em as nossas 43 par\u00f3quias para participar de nossa peregrina\u00e7\u00e3o diocesana da abertura do Jubileu 2025 que tem como tema: &#8220;Peregrinos da Esperan\u00e7a&#8221;. Acontecer\u00e1 no dia 28 de dezembro, em S\u00e3o Lu\u00eds de Montes Belos, com todo o clero de nossa diocese. Proclamado pelo Papa Francisco, o Jubileu Ordin\u00e1rio, que acontece a<span class=\"read-more arrow\"><a href=\"https:\/\/www.diocesesaoluis.org.br\/home\/2024\/12\/23\/celebracao-marcara-a-abertura-do-jubileu-2025\/\" title=\"Read More\">&rarr;<\/a><\/span><\/p>\n","protected":false},"author":2,"featured_media":18131,"comment_status":"closed","ping_status":"open","sticky":false,"template":"","format":"standard","meta":{"ub_ctt_via":"","footnotes":""},"categories":[425],"tags":[426],"class_list":{"0":"post-18130","1":"post","2":"type-post","3":"status-publish","4":"format-standard","5":"has-post-thumbnail","7":"category-jubileu-2025","8":"tag-jubileu-2025"},"featured_image_src":"https:\/\/www.diocesesaoluis.org.br\/home\/wp-content\/uploads\/2024\/12\/469431768_18292105681226561_338804271743754507_n.jpg","author_info":{"display_name":false,"author_link":"https:\/\/www.diocesesaoluis.org.br\/home\/author\/lucas\/"},"_links":{"self":[{"href":"https:\/\/www.diocesesaoluis.org.br\/home\/wp-json\/wp\/v2\/posts\/18130","targetHints":{"allow":["GET"]}}],"collection":[{"href":"https:\/\/www.diocesesaoluis.org.br\/home\/wp-json\/wp\/v2\/posts"}],"about":[{"href":"https:\/\/www.diocesesaoluis.org.br\/home\/wp-json\/wp\/v2\/types\/post"}],"author":[{"embeddable":true,"href":"https:\/\/www.diocesesaoluis.org.br\/home\/wp-json\/wp\/v2\/users\/2"}],"replies":[{"embeddable":true,"href":"https:\/\/www.diocesesaoluis.org.br\/home\/wp-json\/wp\/v2\/comments?post=18130"}],"version-history":[{"count":1,"href":"https:\/\/www.diocesesaoluis.org.br\/home\/wp-json\/wp\/v2\/posts\/18130\/revisions"}],"predecessor-version":[{"id":18133,"href":"https:\/\/www.diocesesaoluis.org.br\/home\/wp-json\/wp\/v2\/posts\/18130\/revisions\/18133"}],"wp:featuredmedia":[{"embeddable":true,"href":"https:\/\/www.diocesesaoluis.org.br\/home\/wp-json\/wp\/v2\/media\/18131"}],"wp:attachment":[{"href":"https:\/\/www.diocesesaoluis.org.br\/home\/wp-json\/wp\/v2\/media?parent=18130"}],"wp:term":[{"taxonomy":"category","embeddable":true,"href":"https:\/\/www.diocesesaoluis.org.br\/home\/wp-json\/wp\/v2\/categories?post=18130"},{"taxonomy":"post_tag","embeddable":true,"href":"https:\/\/www.diocesesaoluis.org.br\/home\/wp-json\/wp\/v2\/tags?post=18130"}],"curies":[{"name":"wp","href":"https:\/\/api.w.org\/{rel}","templated":true}]}}