{"id":18113,"date":"2024-11-30T11:29:00","date_gmt":"2024-11-30T14:29:00","guid":{"rendered":"https:\/\/www.diocesesaoluis.org.br\/home\/?p=18113"},"modified":"2024-12-21T11:04:16","modified_gmt":"2024-12-21T14:04:16","slug":"vida-consagrada-presente-na-diocese-se-reune-com-dom-lindomar-rocha","status":"publish","type":"post","link":"https:\/\/www.diocesesaoluis.org.br\/home\/2024\/11\/30\/vida-consagrada-presente-na-diocese-se-reune-com-dom-lindomar-rocha\/","title":{"rendered":"Vida Consagrada presente na Diocese se re\u00fane com Dom Lindomar Rocha"},"content":{"rendered":"\n<p>No dia 29 de novembro, aconteceu o encontro com os religiosos e religiosas que servem na Diocese, na Par\u00f3quia Nossa Senhora Auxiliadora (Ipor\u00e1). Na ocasi\u00e3o, partilharam relatos sobre o servi\u00e7o de cada um. Dom Lindomar Rocha os encorajou a viver a voca\u00e7\u00e3o com alegria, coragem e esperan\u00e7a.<\/p>\n\n\n\n<figure class=\"wp-block-gallery aligncenter has-nested-images columns-2 is-cropped wp-block-gallery-1 is-layout-flex wp-block-gallery-is-layout-flex\">\n<figure class=\"wp-block-image size-large\"><img loading=\"lazy\" decoding=\"async\" width=\"1024\" height=\"768\" data-id=\"18115\" src=\"https:\/\/www.diocesesaoluis.org.br\/home\/wp-content\/uploads\/2024\/12\/468529845_612997207746047_7119640299053324940_n-1024x768.jpg\" alt=\"\" class=\"wp-image-18115\" srcset=\"https:\/\/www.diocesesaoluis.org.br\/home\/wp-content\/uploads\/2024\/12\/468529845_612997207746047_7119640299053324940_n-1024x768.jpg 1024w, https:\/\/www.diocesesaoluis.org.br\/home\/wp-content\/uploads\/2024\/12\/468529845_612997207746047_7119640299053324940_n-300x225.jpg 300w, https:\/\/www.diocesesaoluis.org.br\/home\/wp-content\/uploads\/2024\/12\/468529845_612997207746047_7119640299053324940_n-150x113.jpg 150w, https:\/\/www.diocesesaoluis.org.br\/home\/wp-content\/uploads\/2024\/12\/468529845_612997207746047_7119640299053324940_n.jpg 1440w\" sizes=\"auto, (max-width: 1024px) 100vw, 1024px\" \/><\/figure>\n\n\n\n<figure class=\"wp-block-image size-large\"><img loading=\"lazy\" decoding=\"async\" width=\"1024\" height=\"768\" data-id=\"18116\" src=\"https:\/\/www.diocesesaoluis.org.br\/home\/wp-content\/uploads\/2024\/12\/468606546_612997201079381_5876311843494363384_n-1024x768.jpg\" alt=\"\" class=\"wp-image-18116\" srcset=\"https:\/\/www.diocesesaoluis.org.br\/home\/wp-content\/uploads\/2024\/12\/468606546_612997201079381_5876311843494363384_n-1024x768.jpg 1024w, https:\/\/www.diocesesaoluis.org.br\/home\/wp-content\/uploads\/2024\/12\/468606546_612997201079381_5876311843494363384_n-300x225.jpg 300w, https:\/\/www.diocesesaoluis.org.br\/home\/wp-content\/uploads\/2024\/12\/468606546_612997201079381_5876311843494363384_n-150x113.jpg 150w, https:\/\/www.diocesesaoluis.org.br\/home\/wp-content\/uploads\/2024\/12\/468606546_612997201079381_5876311843494363384_n.jpg 1440w\" sizes=\"auto, (max-width: 1024px) 100vw, 1024px\" \/><\/figure>\n\n\n\n<figure class=\"wp-block-image size-large\"><img loading=\"lazy\" decoding=\"async\" width=\"1024\" height=\"768\" data-id=\"18118\" src=\"https:\/\/www.diocesesaoluis.org.br\/home\/wp-content\/uploads\/2024\/12\/468643978_612997211079380_6542414054669847760_n-1024x768.jpg\" alt=\"\" class=\"wp-image-18118\" srcset=\"https:\/\/www.diocesesaoluis.org.br\/home\/wp-content\/uploads\/2024\/12\/468643978_612997211079380_6542414054669847760_n-1024x768.jpg 1024w, https:\/\/www.diocesesaoluis.org.br\/home\/wp-content\/uploads\/2024\/12\/468643978_612997211079380_6542414054669847760_n-300x225.jpg 300w, https:\/\/www.diocesesaoluis.org.br\/home\/wp-content\/uploads\/2024\/12\/468643978_612997211079380_6542414054669847760_n-150x113.jpg 150w, https:\/\/www.diocesesaoluis.org.br\/home\/wp-content\/uploads\/2024\/12\/468643978_612997211079380_6542414054669847760_n.jpg 1440w\" sizes=\"auto, (max-width: 1024px) 100vw, 1024px\" \/><\/figure>\n\n\n\n<figure class=\"wp-block-image size-large\"><img loading=\"lazy\" decoding=\"async\" width=\"1024\" height=\"768\" data-id=\"18117\" src=\"https:\/\/www.diocesesaoluis.org.br\/home\/wp-content\/uploads\/2024\/12\/468773678_612997194412715_6670788689389642048_n-1024x768.jpg\" alt=\"\" class=\"wp-image-18117\" srcset=\"https:\/\/www.diocesesaoluis.org.br\/home\/wp-content\/uploads\/2024\/12\/468773678_612997194412715_6670788689389642048_n-1024x768.jpg 1024w, https:\/\/www.diocesesaoluis.org.br\/home\/wp-content\/uploads\/2024\/12\/468773678_612997194412715_6670788689389642048_n-300x225.jpg 300w, https:\/\/www.diocesesaoluis.org.br\/home\/wp-content\/uploads\/2024\/12\/468773678_612997194412715_6670788689389642048_n-150x113.jpg 150w, https:\/\/www.diocesesaoluis.org.br\/home\/wp-content\/uploads\/2024\/12\/468773678_612997194412715_6670788689389642048_n.jpg 1440w\" sizes=\"auto, (max-width: 1024px) 100vw, 1024px\" \/><\/figure>\n<\/figure>\n","protected":false},"excerpt":{"rendered":"<p>No dia 29 de novembro, aconteceu o encontro com os religiosos e religiosas que servem na Diocese, na Par\u00f3quia Nossa Senhora Auxiliadora (Ipor\u00e1). Na ocasi\u00e3o, partilharam relatos sobre o servi\u00e7o de cada um. Dom Lindomar Rocha os encorajou a viver a voca\u00e7\u00e3o com alegria, coragem e esperan\u00e7a.<\/p>\n","protected":false},"author":2,"featured_media":18114,"comment_status":"closed","ping_status":"open","sticky":false,"template":"","format":"standard","meta":{"ub_ctt_via":"","footnotes":""},"categories":[6,110],"tags":[221,456],"class_list":{"0":"post-18113","1":"post","2":"type-post","3":"status-publish","4":"format-standard","5":"has-post-thumbnail","7":"category-bispo-diocesano","8":"category-congregacoes-religiosas","9":"tag-dom-lindomar","10":"tag-vida-consagrada"},"featured_image_src":"https:\/\/www.diocesesaoluis.org.br\/home\/wp-content\/uploads\/2024\/12\/468592270_612997204412714_1301085422793505338_n.jpg","author_info":{"display_name":false,"author_link":"https:\/\/www.diocesesaoluis.org.br\/home\/author\/lucas\/"},"_links":{"self":[{"href":"https:\/\/www.diocesesaoluis.org.br\/home\/wp-json\/wp\/v2\/posts\/18113","targetHints":{"allow":["GET"]}}],"collection":[{"href":"https:\/\/www.diocesesaoluis.org.br\/home\/wp-json\/wp\/v2\/posts"}],"about":[{"href":"https:\/\/www.diocesesaoluis.org.br\/home\/wp-json\/wp\/v2\/types\/post"}],"author":[{"embeddable":true,"href":"https:\/\/www.diocesesaoluis.org.br\/home\/wp-json\/wp\/v2\/users\/2"}],"replies":[{"embeddable":true,"href":"https:\/\/www.diocesesaoluis.org.br\/home\/wp-json\/wp\/v2\/comments?post=18113"}],"version-history":[{"count":1,"href":"https:\/\/www.diocesesaoluis.org.br\/home\/wp-json\/wp\/v2\/posts\/18113\/revisions"}],"predecessor-version":[{"id":18119,"href":"https:\/\/www.diocesesaoluis.org.br\/home\/wp-json\/wp\/v2\/posts\/18113\/revisions\/18119"}],"wp:featuredmedia":[{"embeddable":true,"href":"https:\/\/www.diocesesaoluis.org.br\/home\/wp-json\/wp\/v2\/media\/18114"}],"wp:attachment":[{"href":"https:\/\/www.diocesesaoluis.org.br\/home\/wp-json\/wp\/v2\/media?parent=18113"}],"wp:term":[{"taxonomy":"category","embeddable":true,"href":"https:\/\/www.diocesesaoluis.org.br\/home\/wp-json\/wp\/v2\/categories?post=18113"},{"taxonomy":"post_tag","embeddable":true,"href":"https:\/\/www.diocesesaoluis.org.br\/home\/wp-json\/wp\/v2\/tags?post=18113"}],"curies":[{"name":"wp","href":"https:\/\/api.w.org\/{rel}","templated":true}]}}