{"id":18030,"date":"2024-10-14T16:58:33","date_gmt":"2024-10-14T19:58:33","guid":{"rendered":"https:\/\/www.diocesesaoluis.org.br\/home\/?p=18030"},"modified":"2025-01-16T08:37:09","modified_gmt":"2025-01-16T11:37:09","slug":"criada-a-43a-paroquia-da-diocese-paroquia-nossa-senhora-aparecida-em-anicuns","status":"publish","type":"post","link":"https:\/\/www.diocesesaoluis.org.br\/home\/2024\/10\/14\/criada-a-43a-paroquia-da-diocese-paroquia-nossa-senhora-aparecida-em-anicuns\/","title":{"rendered":"Criada a 43\u00aa Par\u00f3quia da Diocese: Par\u00f3quia Nossa Senhora Aparecida, em Anicuns"},"content":{"rendered":"\n<p>No dia 13 de outubro de 2024, a comunidade da Vila Olinda, em Anicuns, celebrou com grande alegria e devo\u00e7\u00e3o a cria\u00e7\u00e3o da <strong>Par\u00f3quia Nossa Senhora Aparecida<\/strong>, a <strong>43\u00aa Par\u00f3quia <\/strong>da Diocese de S\u00e3o Lu\u00eds de Montes Belos. A Solene Celebra\u00e7\u00e3o Eucar\u00edstica foi presidida por Dom Lindomar Rocha, bispo diocesano, e concelebrada pelo Padre Dionivaldo, p\u00e1roco da Par\u00f3quia S\u00e3o Francisco de Assis, e pelo Padre Josimar, que assumir\u00e1 como o primeiro p\u00e1roco da nova par\u00f3quia.<\/p>\n\n\n\n<p>A cerim\u00f4nia contou com a presen\u00e7a expressiva de fi\u00e9is da comunidade e de regi\u00f5es vizinhas, que se reuniram para testemunhar este marco t\u00e3o importante na vida da Igreja local. Durante muitos anos, a Capela Nossa Senhora Aparecida fez parte da Par\u00f3quia S\u00e3o Francisco de Assis, e agora, com sua eleva\u00e7\u00e3o a par\u00f3quia, inicia-se uma nova fase de evangeliza\u00e7\u00e3o e servi\u00e7o \u00e0 comunidade.<\/p>\n\n\n\n<p>A nova Par\u00f3quia Nossa Senhora Aparecida foi totalmente desmembrada da Par\u00f3quia S\u00e3o Francisco de Assis, na mesma cidade, e abranger\u00e1 cinco comunidades: a <strong>Capela Sagrado Cora\u00e7\u00e3o de Jesus<\/strong>, a <strong>Capela S\u00e3o Jos\u00e9<\/strong>, a <strong>Capela Nossa Senhora da Concei\u00e7\u00e3o<\/strong>, a <strong>Capela Nossa Senhora Aparecida<\/strong> e a <strong>Capela S\u00e3o Sebasti\u00e3o<\/strong>. <\/p>\n\n\n\n<p>Dom Lindomar, em sua homilia, enfatizou a import\u00e2ncia da cria\u00e7\u00e3o da nova par\u00f3quia como resposta ao crescimento da f\u00e9 e ao zelo pastoral da Diocese.<\/p>\n\n\n\n<figure class=\"wp-block-gallery has-nested-images columns-default is-cropped wp-block-gallery-1 is-layout-flex wp-block-gallery-is-layout-flex\">\n<figure class=\"wp-block-image size-large\"><img loading=\"lazy\" decoding=\"async\" width=\"768\" height=\"1024\" data-id=\"18038\" src=\"https:\/\/www.diocesesaoluis.org.br\/home\/wp-content\/uploads\/2024\/10\/IMG-20241013-WA0474-768x1024.jpg\" alt=\"\" class=\"wp-image-18038\" srcset=\"https:\/\/www.diocesesaoluis.org.br\/home\/wp-content\/uploads\/2024\/10\/IMG-20241013-WA0474-768x1024.jpg 768w, https:\/\/www.diocesesaoluis.org.br\/home\/wp-content\/uploads\/2024\/10\/IMG-20241013-WA0474-225x300.jpg 225w, https:\/\/www.diocesesaoluis.org.br\/home\/wp-content\/uploads\/2024\/10\/IMG-20241013-WA0474-113x150.jpg 113w, https:\/\/www.diocesesaoluis.org.br\/home\/wp-content\/uploads\/2024\/10\/IMG-20241013-WA0474-1152x1536.jpg 1152w, https:\/\/www.diocesesaoluis.org.br\/home\/wp-content\/uploads\/2024\/10\/IMG-20241013-WA0474-1536x2048.jpg 1536w, https:\/\/www.diocesesaoluis.org.br\/home\/wp-content\/uploads\/2024\/10\/IMG-20241013-WA0474-scaled.jpg 1920w\" sizes=\"auto, (max-width: 768px) 100vw, 768px\" \/><\/figure>\n\n\n\n<figure class=\"wp-block-image size-large\"><img loading=\"lazy\" decoding=\"async\" width=\"768\" height=\"1024\" data-id=\"18039\" src=\"https:\/\/www.diocesesaoluis.org.br\/home\/wp-content\/uploads\/2024\/10\/IMG-20241013-WA0458-768x1024.jpg\" alt=\"\" class=\"wp-image-18039\" srcset=\"https:\/\/www.diocesesaoluis.org.br\/home\/wp-content\/uploads\/2024\/10\/IMG-20241013-WA0458-768x1024.jpg 768w, https:\/\/www.diocesesaoluis.org.br\/home\/wp-content\/uploads\/2024\/10\/IMG-20241013-WA0458-225x300.jpg 225w, https:\/\/www.diocesesaoluis.org.br\/home\/wp-content\/uploads\/2024\/10\/IMG-20241013-WA0458-113x150.jpg 113w, https:\/\/www.diocesesaoluis.org.br\/home\/wp-content\/uploads\/2024\/10\/IMG-20241013-WA0458-1152x1536.jpg 1152w, https:\/\/www.diocesesaoluis.org.br\/home\/wp-content\/uploads\/2024\/10\/IMG-20241013-WA0458-1536x2048.jpg 1536w, https:\/\/www.diocesesaoluis.org.br\/home\/wp-content\/uploads\/2024\/10\/IMG-20241013-WA0458-scaled.jpg 1920w\" sizes=\"auto, (max-width: 768px) 100vw, 768px\" \/><\/figure>\n\n\n\n<figure class=\"wp-block-image size-large\"><img loading=\"lazy\" decoding=\"async\" width=\"768\" height=\"1024\" data-id=\"18037\" src=\"https:\/\/www.diocesesaoluis.org.br\/home\/wp-content\/uploads\/2024\/10\/IMG-20241013-WA0446-768x1024.jpg\" alt=\"\" class=\"wp-image-18037\" srcset=\"https:\/\/www.diocesesaoluis.org.br\/home\/wp-content\/uploads\/2024\/10\/IMG-20241013-WA0446-768x1024.jpg 768w, https:\/\/www.diocesesaoluis.org.br\/home\/wp-content\/uploads\/2024\/10\/IMG-20241013-WA0446-225x300.jpg 225w, https:\/\/www.diocesesaoluis.org.br\/home\/wp-content\/uploads\/2024\/10\/IMG-20241013-WA0446-113x150.jpg 113w, https:\/\/www.diocesesaoluis.org.br\/home\/wp-content\/uploads\/2024\/10\/IMG-20241013-WA0446-1152x1536.jpg 1152w, https:\/\/www.diocesesaoluis.org.br\/home\/wp-content\/uploads\/2024\/10\/IMG-20241013-WA0446-1536x2048.jpg 1536w, https:\/\/www.diocesesaoluis.org.br\/home\/wp-content\/uploads\/2024\/10\/IMG-20241013-WA0446-scaled.jpg 1920w\" sizes=\"auto, (max-width: 768px) 100vw, 768px\" \/><\/figure>\n\n\n\n<figure class=\"wp-block-image size-large\"><img loading=\"lazy\" decoding=\"async\" width=\"768\" height=\"1024\" data-id=\"18036\" src=\"https:\/\/www.diocesesaoluis.org.br\/home\/wp-content\/uploads\/2024\/10\/99b3d311-2fc9-4700-86a1-844540d5016e-768x1024.jpeg\" alt=\"\" class=\"wp-image-18036\" srcset=\"https:\/\/www.diocesesaoluis.org.br\/home\/wp-content\/uploads\/2024\/10\/99b3d311-2fc9-4700-86a1-844540d5016e-768x1024.jpeg 768w, https:\/\/www.diocesesaoluis.org.br\/home\/wp-content\/uploads\/2024\/10\/99b3d311-2fc9-4700-86a1-844540d5016e-225x300.jpeg 225w, https:\/\/www.diocesesaoluis.org.br\/home\/wp-content\/uploads\/2024\/10\/99b3d311-2fc9-4700-86a1-844540d5016e-113x150.jpeg 113w, https:\/\/www.diocesesaoluis.org.br\/home\/wp-content\/uploads\/2024\/10\/99b3d311-2fc9-4700-86a1-844540d5016e-1152x1536.jpeg 1152w, https:\/\/www.diocesesaoluis.org.br\/home\/wp-content\/uploads\/2024\/10\/99b3d311-2fc9-4700-86a1-844540d5016e-1536x2048.jpeg 1536w, https:\/\/www.diocesesaoluis.org.br\/home\/wp-content\/uploads\/2024\/10\/99b3d311-2fc9-4700-86a1-844540d5016e-scaled.jpeg 1920w\" sizes=\"auto, (max-width: 768px) 100vw, 768px\" \/><\/figure>\n\n\n\n<figure class=\"wp-block-image size-large\"><img loading=\"lazy\" decoding=\"async\" width=\"768\" height=\"1024\" data-id=\"18035\" src=\"https:\/\/www.diocesesaoluis.org.br\/home\/wp-content\/uploads\/2024\/10\/76bf88d9-983a-48db-a6b2-431259b94d54-768x1024.jpeg\" alt=\"\" class=\"wp-image-18035\" srcset=\"https:\/\/www.diocesesaoluis.org.br\/home\/wp-content\/uploads\/2024\/10\/76bf88d9-983a-48db-a6b2-431259b94d54-768x1024.jpeg 768w, https:\/\/www.diocesesaoluis.org.br\/home\/wp-content\/uploads\/2024\/10\/76bf88d9-983a-48db-a6b2-431259b94d54-225x300.jpeg 225w, https:\/\/www.diocesesaoluis.org.br\/home\/wp-content\/uploads\/2024\/10\/76bf88d9-983a-48db-a6b2-431259b94d54-113x150.jpeg 113w, https:\/\/www.diocesesaoluis.org.br\/home\/wp-content\/uploads\/2024\/10\/76bf88d9-983a-48db-a6b2-431259b94d54-1152x1536.jpeg 1152w, https:\/\/www.diocesesaoluis.org.br\/home\/wp-content\/uploads\/2024\/10\/76bf88d9-983a-48db-a6b2-431259b94d54-1536x2048.jpeg 1536w, https:\/\/www.diocesesaoluis.org.br\/home\/wp-content\/uploads\/2024\/10\/76bf88d9-983a-48db-a6b2-431259b94d54-scaled.jpeg 1920w\" sizes=\"auto, (max-width: 768px) 100vw, 768px\" \/><\/figure>\n<\/figure>\n","protected":false},"excerpt":{"rendered":"<p>No dia 13 de outubro de 2024, a comunidade da Vila Olinda, em Anicuns, celebrou com grande alegria e devo\u00e7\u00e3o a cria\u00e7\u00e3o da Par\u00f3quia Nossa Senhora Aparecida, a 43\u00aa Par\u00f3quia da Diocese de S\u00e3o Lu\u00eds de Montes Belos. A Solene Celebra\u00e7\u00e3o Eucar\u00edstica foi presidida por Dom Lindomar Rocha, bispo diocesano, e concelebrada pelo Padre Dionivaldo,<span class=\"read-more arrow\"><a href=\"https:\/\/www.diocesesaoluis.org.br\/home\/2024\/10\/14\/criada-a-43a-paroquia-da-diocese-paroquia-nossa-senhora-aparecida-em-anicuns\/\" title=\"Read More\">&rarr;<\/a><\/span><\/p>\n","protected":false},"author":2,"featured_media":18033,"comment_status":"closed","ping_status":"open","sticky":false,"template":"","format":"standard","meta":{"ub_ctt_via":"","footnotes":""},"categories":[106,73],"tags":[310,259,265],"class_list":{"0":"post-18030","1":"post","2":"type-post","3":"status-publish","4":"format-standard","5":"has-post-thumbnail","7":"category-forania-sao-luis-gonzaga","8":"category-paroquias","9":"tag-forania-sao-luis-gonzaga","10":"tag-nova-paroquia","11":"tag-paroquias"},"featured_image_src":"https:\/\/www.diocesesaoluis.org.br\/home\/wp-content\/uploads\/2024\/10\/Banners-site-1.png","author_info":{"display_name":false,"author_link":"https:\/\/www.diocesesaoluis.org.br\/home\/author\/lucas\/"},"_links":{"self":[{"href":"https:\/\/www.diocesesaoluis.org.br\/home\/wp-json\/wp\/v2\/posts\/18030","targetHints":{"allow":["GET"]}}],"collection":[{"href":"https:\/\/www.diocesesaoluis.org.br\/home\/wp-json\/wp\/v2\/posts"}],"about":[{"href":"https:\/\/www.diocesesaoluis.org.br\/home\/wp-json\/wp\/v2\/types\/post"}],"author":[{"embeddable":true,"href":"https:\/\/www.diocesesaoluis.org.br\/home\/wp-json\/wp\/v2\/users\/2"}],"replies":[{"embeddable":true,"href":"https:\/\/www.diocesesaoluis.org.br\/home\/wp-json\/wp\/v2\/comments?post=18030"}],"version-history":[{"count":2,"href":"https:\/\/www.diocesesaoluis.org.br\/home\/wp-json\/wp\/v2\/posts\/18030\/revisions"}],"predecessor-version":[{"id":18040,"href":"https:\/\/www.diocesesaoluis.org.br\/home\/wp-json\/wp\/v2\/posts\/18030\/revisions\/18040"}],"wp:featuredmedia":[{"embeddable":true,"href":"https:\/\/www.diocesesaoluis.org.br\/home\/wp-json\/wp\/v2\/media\/18033"}],"wp:attachment":[{"href":"https:\/\/www.diocesesaoluis.org.br\/home\/wp-json\/wp\/v2\/media?parent=18030"}],"wp:term":[{"taxonomy":"category","embeddable":true,"href":"https:\/\/www.diocesesaoluis.org.br\/home\/wp-json\/wp\/v2\/categories?post=18030"},{"taxonomy":"post_tag","embeddable":true,"href":"https:\/\/www.diocesesaoluis.org.br\/home\/wp-json\/wp\/v2\/tags?post=18030"}],"curies":[{"name":"wp","href":"https:\/\/api.w.org\/{rel}","templated":true}]}}