{"id":17996,"date":"2024-09-13T11:23:55","date_gmt":"2024-09-13T14:23:55","guid":{"rendered":"https:\/\/www.diocesesaoluis.org.br\/home\/?p=17996"},"modified":"2024-10-11T14:53:59","modified_gmt":"2024-10-11T17:53:59","slug":"nomeacoes-2","status":"publish","type":"post","link":"https:\/\/www.diocesesaoluis.org.br\/home\/2024\/09\/13\/nomeacoes-2\/","title":{"rendered":"Nomea\u00e7\u00f5es"},"content":{"rendered":"\n<p>Dom Lindomar Rocha comunica as novas nomea\u00e7\u00f5es para servi\u00e7os pastorais.<\/p>\n\n\n\n<ol class=\"wp-block-list\">\n<li><strong>Pe. Dionivaldo Rosa Pires<\/strong>: Vice-coordenador da Anima\u00e7\u00e3o B\u00edblico-Catequ\u00e9tica do Regional &#8211; respons\u00e1vel pela equipe de anima\u00e7\u00e3o B\u00edblica da Pastoral do Centro Oeste.<\/li>\n\n\n\n<li><strong>Pe. Tarc\u00edlio Jos\u00e9 da Maia<\/strong>: Vig\u00e1rio For\u00e2neo da Forania S\u00e3o Paulo da Cruz, tamb\u00e9m membro do Conselho presbiteral. <\/li>\n\n\n\n<li><strong>Pe. Eduardo Farias de Morais<\/strong>: Referencial para a Pastoral da Educa\u00e7\u00e3o na Diocese.<\/li>\n\n\n\n<li><strong>Pe. Carlos Arantes de Gouv\u00eaa:<\/strong> diretor espiritual da Fazenda da Esperan\u00e7a<\/li>\n<\/ol>\n\n\n\n<p><\/p>\n","protected":false},"excerpt":{"rendered":"<p>Dom Lindomar Rocha comunica as novas nomea\u00e7\u00f5es para servi\u00e7os pastorais.<\/p>\n","protected":false},"author":2,"featured_media":15560,"comment_status":"closed","ping_status":"open","sticky":false,"template":"","format":"standard","meta":{"ub_ctt_via":"","footnotes":""},"categories":[224],"tags":[221,382],"class_list":{"0":"post-17996","1":"post","2":"type-post","3":"status-publish","4":"format-standard","5":"has-post-thumbnail","7":"category-nomeacoes","8":"tag-dom-lindomar","9":"tag-nomeacoes"},"featured_image_src":"https:\/\/www.diocesesaoluis.org.br\/home\/wp-content\/uploads\/2022\/12\/brasoes.jpg","author_info":{"display_name":false,"author_link":"https:\/\/www.diocesesaoluis.org.br\/home\/author\/lucas\/"},"_links":{"self":[{"href":"https:\/\/www.diocesesaoluis.org.br\/home\/wp-json\/wp\/v2\/posts\/17996","targetHints":{"allow":["GET"]}}],"collection":[{"href":"https:\/\/www.diocesesaoluis.org.br\/home\/wp-json\/wp\/v2\/posts"}],"about":[{"href":"https:\/\/www.diocesesaoluis.org.br\/home\/wp-json\/wp\/v2\/types\/post"}],"author":[{"embeddable":true,"href":"https:\/\/www.diocesesaoluis.org.br\/home\/wp-json\/wp\/v2\/users\/2"}],"replies":[{"embeddable":true,"href":"https:\/\/www.diocesesaoluis.org.br\/home\/wp-json\/wp\/v2\/comments?post=17996"}],"version-history":[{"count":2,"href":"https:\/\/www.diocesesaoluis.org.br\/home\/wp-json\/wp\/v2\/posts\/17996\/revisions"}],"predecessor-version":[{"id":18010,"href":"https:\/\/www.diocesesaoluis.org.br\/home\/wp-json\/wp\/v2\/posts\/17996\/revisions\/18010"}],"wp:featuredmedia":[{"embeddable":true,"href":"https:\/\/www.diocesesaoluis.org.br\/home\/wp-json\/wp\/v2\/media\/15560"}],"wp:attachment":[{"href":"https:\/\/www.diocesesaoluis.org.br\/home\/wp-json\/wp\/v2\/media?parent=17996"}],"wp:term":[{"taxonomy":"category","embeddable":true,"href":"https:\/\/www.diocesesaoluis.org.br\/home\/wp-json\/wp\/v2\/categories?post=17996"},{"taxonomy":"post_tag","embeddable":true,"href":"https:\/\/www.diocesesaoluis.org.br\/home\/wp-json\/wp\/v2\/tags?post=17996"}],"curies":[{"name":"wp","href":"https:\/\/api.w.org\/{rel}","templated":true}]}}