{"id":17815,"date":"2024-08-23T12:03:20","date_gmt":"2024-08-23T15:03:20","guid":{"rendered":"https:\/\/www.diocesesaoluis.org.br\/home\/?p=17815"},"modified":"2024-08-29T22:38:12","modified_gmt":"2024-08-30T01:38:12","slug":"repercussao-crianca-comove-ao-dormir-abracada-com-foto-do-paroco-apos-ele-ser-transferido","status":"publish","type":"post","link":"https:\/\/www.diocesesaoluis.org.br\/home\/2024\/08\/23\/repercussao-crianca-comove-ao-dormir-abracada-com-foto-do-paroco-apos-ele-ser-transferido\/","title":{"rendered":"Repercuss\u00e3o: Crian\u00e7a comove ao dormir abra\u00e7ada com foto do p\u00e1roco ap\u00f3s ele ser transferido"},"content":{"rendered":"\n<p>Uma linda cena comoveu internautas nesta semana! O Padre Geraldo Pereira Neto compartilhou um emocionante relato de uma antiga paroquiana mirim, que ficou muito triste com a transfer\u00eancia do sacerdote para outra par\u00f3quia.<\/p>\n\n\n\n<blockquote class=\"wp-block-quote is-layout-flow wp-block-quote-is-layout-flow\">\n<p>\u201cEsta \u00e9 a Antonella. Ela dormiu abra\u00e7ada com minha foto ap\u00f3s algum tempo ter chorado e questionado sobre a minha mudan\u00e7a de par\u00f3quia\u201d, disse o Pe. Geraldo no&nbsp;<a href=\"https:\/\/www.instagram.com\/p\/C-56xwGJXjn\/\">post<\/a>&nbsp;do Instagram.<\/p>\n<\/blockquote>\n\n\n\n<p>E refor\u00e7ou: \u201cEsse \u00e9 o tamanho da responsabilidade que o sacerdote carrega. N\u00e3o escandalizar esses pequenos significa ser fiel at\u00e9 o fim\u201d.<\/p>\n\n\n\n<p>Por fim, o sacerdote pediu: \u201cRezem por mim como voc\u00eas sempre fizeram. Pe\u00e7am a Deus que me d\u00ea essa gra\u00e7a.\u201d<\/p>\n\n\n\n<p>Pe. Geraldo recentemente deixou a Par\u00f3quia S\u00e3o Jo\u00e3o Batista para assumir a Par\u00f3quia Paulo VI, na Diocese de S\u00e3o Lu\u00eds de Montes Belos (GO).<\/p>\n\n\n\n<p>Nos coment\u00e1rios do post, muitas pessoas expressaram sua compaix\u00e3o pela situa\u00e7\u00e3o e deixaram mensagens de ora\u00e7\u00e3o e encorajamento ao padre.<\/p>\n\n\n\n<p>\u201cCom certeza ela nos representa! Sou muito grata ao senhor por tudo que fez, por nos ensinar a buscar Jesus todos os dias, por n\u00f3s nos ensinar a aumentar nossa f\u00e9 todas as homilias!\u201d, escreveu @piedade7081.<\/p>\n\n\n\n<p>\u201cAt\u00e9 eu que moro em outra cidade, vendo as fotos meus olhos encheram de l\u00e1grimas\ud83e\udd79 Um grande servo de Deus, mais que isso.. um grande amigo \ud83e\udd0d&nbsp;<a href=\"https:\/\/www.instagram.com\/padregeraldoneto\/\">@padregeraldoneto<\/a>&nbsp;grande o privil\u00e9gio de quem t conhece e aprende com o senhor \ud83e\udd70\u201d, disse @panmerahelrigel.<\/p>\n\n\n\n<p>\u201cTadinha, n\u00f3s adultos n\u00e3o estamos sabendo lidar com a dor pensa as crian\u00e7as \ud83d\ude22\ud83d\ude22\u201d, pontuou @robertacristina07sc.<\/p>\n\n\n\n<p>\u201cSempre ficar\u00e1 na mem\u00f3ria dela sua passagem pela vida dela e ser\u00e1 o exemplo para essa crian\u00e7a, obrigado por seu sim e dedica\u00e7\u00e3o, se a crian\u00e7a est\u00e1 assim \u00e9 que soube ser fiel.\u201d, falou @nayane_borges2510.<\/p>\n\n\n\n<h3 class=\"wp-block-heading\" id=\"rezemos-pelos-sacerdotes\">Rezemos pelos sacerdotes!<\/h3>\n\n\n\n<p>Fonte: ChurchPop<\/p>\n","protected":false},"excerpt":{"rendered":"<p>Uma linda cena comoveu internautas nesta semana! O Padre Geraldo Pereira Neto compartilhou um emocionante relato de uma antiga paroquiana mirim, que ficou muito triste com a transfer\u00eancia do sacerdote para outra par\u00f3quia. \u201cEsta \u00e9 a Antonella. Ela dormiu abra\u00e7ada com minha foto ap\u00f3s algum tempo ter chorado e questionado sobre a minha mudan\u00e7a de<span class=\"read-more arrow\"><a href=\"https:\/\/www.diocesesaoluis.org.br\/home\/2024\/08\/23\/repercussao-crianca-comove-ao-dormir-abracada-com-foto-do-paroco-apos-ele-ser-transferido\/\" title=\"Read More\">&rarr;<\/a><\/span><\/p>\n","protected":false},"author":2,"featured_media":17816,"comment_status":"closed","ping_status":"open","sticky":false,"template":"","format":"standard","meta":{"ub_ctt_via":"","footnotes":""},"categories":[2],"tags":[],"class_list":{"0":"post-17815","1":"post","2":"type-post","3":"status-publish","4":"format-standard","5":"has-post-thumbnail","7":"category-pascom"},"featured_image_src":"https:\/\/www.diocesesaoluis.org.br\/home\/wp-content\/uploads\/2024\/08\/Captura-de-Tela-2024-08-23-as-12.00.33.png","author_info":{"display_name":false,"author_link":"https:\/\/www.diocesesaoluis.org.br\/home\/author\/lucas\/"},"_links":{"self":[{"href":"https:\/\/www.diocesesaoluis.org.br\/home\/wp-json\/wp\/v2\/posts\/17815","targetHints":{"allow":["GET"]}}],"collection":[{"href":"https:\/\/www.diocesesaoluis.org.br\/home\/wp-json\/wp\/v2\/posts"}],"about":[{"href":"https:\/\/www.diocesesaoluis.org.br\/home\/wp-json\/wp\/v2\/types\/post"}],"author":[{"embeddable":true,"href":"https:\/\/www.diocesesaoluis.org.br\/home\/wp-json\/wp\/v2\/users\/2"}],"replies":[{"embeddable":true,"href":"https:\/\/www.diocesesaoluis.org.br\/home\/wp-json\/wp\/v2\/comments?post=17815"}],"version-history":[{"count":1,"href":"https:\/\/www.diocesesaoluis.org.br\/home\/wp-json\/wp\/v2\/posts\/17815\/revisions"}],"predecessor-version":[{"id":17817,"href":"https:\/\/www.diocesesaoluis.org.br\/home\/wp-json\/wp\/v2\/posts\/17815\/revisions\/17817"}],"wp:featuredmedia":[{"embeddable":true,"href":"https:\/\/www.diocesesaoluis.org.br\/home\/wp-json\/wp\/v2\/media\/17816"}],"wp:attachment":[{"href":"https:\/\/www.diocesesaoluis.org.br\/home\/wp-json\/wp\/v2\/media?parent=17815"}],"wp:term":[{"taxonomy":"category","embeddable":true,"href":"https:\/\/www.diocesesaoluis.org.br\/home\/wp-json\/wp\/v2\/categories?post=17815"},{"taxonomy":"post_tag","embeddable":true,"href":"https:\/\/www.diocesesaoluis.org.br\/home\/wp-json\/wp\/v2\/tags?post=17815"}],"curies":[{"name":"wp","href":"https:\/\/api.w.org\/{rel}","templated":true}]}}