{"id":17662,"date":"2024-07-05T14:23:51","date_gmt":"2024-07-05T17:23:51","guid":{"rendered":"https:\/\/www.diocesesaoluis.org.br\/home\/?p=17662"},"modified":"2024-08-23T12:04:08","modified_gmt":"2024-08-23T15:04:08","slug":"datas-das-posses-canonicas","status":"publish","type":"post","link":"https:\/\/www.diocesesaoluis.org.br\/home\/2024\/07\/05\/datas-das-posses-canonicas\/","title":{"rendered":"Datas das Posses Can\u00f4nicas"},"content":{"rendered":"\n<p>No \u00faltimo dia 21 de junho, Dom Lindomar Rocha comunicou as nomea\u00e7\u00f5es e transfer\u00eancias para o segundo semestre deste ano, promovendo altera\u00e7\u00f5es em v\u00e1rias par\u00f3quias. Abaixo, confira as datas das Posses Can\u00f4nicas:<\/p>\n\n\n\n<p><strong>\u2022 14\/07 \u2013 Pe. Laurito Nazar\u00e9 Alves Deliberto<\/strong> &#8211; (Par\u00f3quia Senhor Bom Jesus &#8211; Aragar\u00e7as)<br><strong>\u2022 28\/07 &#8211; Pe. M\u00e1rcio Jean da Silva<\/strong> (Par\u00f3quia S\u00e3o Crist\u00f3v\u00e3o &#8211; Cezarina)<br><strong>\u2022 31\/07- Pe. Divino Monteiro de Oliveira<\/strong> (Par\u00f3quia S\u00e3o Jo\u00e3o Bosco &#8211; Israel\u00e2ndia)<br><strong>\u2022 01\/08 &#8211; Pe. J\u00e2nio Carlos Borges Dutra<\/strong> (Par\u00f3quia Divino Esp\u00edrito Santo &#8211; Palmeiras de Goi\u00e1s)<br><strong>\u2022 02\/08 &#8211; Pe. Luiz Carlos F. Braga J\u00fanior e Pe. Talisson Mendes Lopes<\/strong> (Par\u00f3quia S\u00e3o Jo\u00e3o Batista &#8211; Bom Jardim de Goi\u00e1s)<br><strong>\u2022 07\/08 \u2013 Pe. Welliton Elias da Costa<\/strong> (Par\u00f3quia Nossa Senhora da Abadia &#8211; Jandaia)<br><strong>\u2022 20\/08 \u2013 Pe. Geraldo Pereira Neto<\/strong> (Par\u00f3quia S\u00e3o Paulo VI &#8211; Ipor\u00e1)<br><strong>\u2022 21\/08 \u2013 Pe Pablo Henrique de Faria<\/strong> (Par\u00f3quia Menino Jesus &#8211; Para\u00fana)<br><strong>\u2022 25\/08 \u2013 Pe Wygner Dutra Barbosa<\/strong> (Par\u00f3quia Bom Jesus e S\u00e3o Miguel Arcanjo &#8211; Doverl\u00e2ndia &#8211; pela manh\u00e3 )<br><strong>\u2022 25\/08 \u2013 Pe Warley Barbosa de Oliveira <\/strong>(Par\u00f3quia Nossa Senhora Aparecida &#8211; Palestina de Goi\u00e1s)<\/p>\n\n\n\n<p><\/p>\n","protected":false},"excerpt":{"rendered":"<p>No \u00faltimo dia 21 de junho, Dom Lindomar Rocha comunicou as nomea\u00e7\u00f5es e transfer\u00eancias para o segundo semestre deste ano, promovendo altera\u00e7\u00f5es em v\u00e1rias par\u00f3quias. Abaixo, confira as datas das Posses Can\u00f4nicas: \u2022 14\/07 \u2013 Pe. Laurito Nazar\u00e9 Alves Deliberto &#8211; (Par\u00f3quia Senhor Bom Jesus &#8211; Aragar\u00e7as)\u2022 28\/07 &#8211; Pe. M\u00e1rcio Jean da Silva (Par\u00f3quia<span class=\"read-more arrow\"><a href=\"https:\/\/www.diocesesaoluis.org.br\/home\/2024\/07\/05\/datas-das-posses-canonicas\/\" title=\"Read More\">&rarr;<\/a><\/span><\/p>\n","protected":false},"author":2,"featured_media":15560,"comment_status":"closed","ping_status":"open","sticky":false,"template":"","format":"standard","meta":{"ub_ctt_via":"","footnotes":""},"categories":[3],"tags":[263,265,264],"class_list":{"0":"post-17662","1":"post","2":"type-post","3":"status-publish","4":"format-standard","5":"has-post-thumbnail","7":"category-clero","8":"tag-nomeacoes-e-transferencias","9":"tag-paroquias","10":"tag-posse-canonica"},"featured_image_src":"https:\/\/www.diocesesaoluis.org.br\/home\/wp-content\/uploads\/2022\/12\/brasoes.jpg","author_info":{"display_name":false,"author_link":"https:\/\/www.diocesesaoluis.org.br\/home\/author\/lucas\/"},"_links":{"self":[{"href":"https:\/\/www.diocesesaoluis.org.br\/home\/wp-json\/wp\/v2\/posts\/17662","targetHints":{"allow":["GET"]}}],"collection":[{"href":"https:\/\/www.diocesesaoluis.org.br\/home\/wp-json\/wp\/v2\/posts"}],"about":[{"href":"https:\/\/www.diocesesaoluis.org.br\/home\/wp-json\/wp\/v2\/types\/post"}],"author":[{"embeddable":true,"href":"https:\/\/www.diocesesaoluis.org.br\/home\/wp-json\/wp\/v2\/users\/2"}],"replies":[{"embeddable":true,"href":"https:\/\/www.diocesesaoluis.org.br\/home\/wp-json\/wp\/v2\/comments?post=17662"}],"version-history":[{"count":2,"href":"https:\/\/www.diocesesaoluis.org.br\/home\/wp-json\/wp\/v2\/posts\/17662\/revisions"}],"predecessor-version":[{"id":17665,"href":"https:\/\/www.diocesesaoluis.org.br\/home\/wp-json\/wp\/v2\/posts\/17662\/revisions\/17665"}],"wp:featuredmedia":[{"embeddable":true,"href":"https:\/\/www.diocesesaoluis.org.br\/home\/wp-json\/wp\/v2\/media\/15560"}],"wp:attachment":[{"href":"https:\/\/www.diocesesaoluis.org.br\/home\/wp-json\/wp\/v2\/media?parent=17662"}],"wp:term":[{"taxonomy":"category","embeddable":true,"href":"https:\/\/www.diocesesaoluis.org.br\/home\/wp-json\/wp\/v2\/categories?post=17662"},{"taxonomy":"post_tag","embeddable":true,"href":"https:\/\/www.diocesesaoluis.org.br\/home\/wp-json\/wp\/v2\/tags?post=17662"}],"curies":[{"name":"wp","href":"https:\/\/api.w.org\/{rel}","templated":true}]}}