{"id":17659,"date":"2024-07-05T14:18:15","date_gmt":"2024-07-05T17:18:15","guid":{"rendered":"https:\/\/www.diocesesaoluis.org.br\/home\/?p=17659"},"modified":"2024-08-19T09:28:08","modified_gmt":"2024-08-19T12:28:08","slug":"comissao-disponibiliza-cartaz-do-mes-vocacional-celebrado-em-agosto-para-download","status":"publish","type":"post","link":"https:\/\/www.diocesesaoluis.org.br\/home\/2024\/07\/05\/comissao-disponibiliza-cartaz-do-mes-vocacional-celebrado-em-agosto-para-download\/","title":{"rendered":"COMISS\u00c3O DISPONIBILIZA CARTAZ DO M\u00caS VOCACIONAL, CELEBRADO EM AGOSTO, PARA DOWNLOAD"},"content":{"rendered":"\n<p><strong>\u201cIgreja como uma sinfonia vocacional\u201d<\/strong>&nbsp;\u00e9 o tema do m\u00eas vocacional 2024, celebrado em agosto. E voc\u00ea j\u00e1 pode conferir o cartaz e o subs\u00eddio preparado pela Comiss\u00e3o para os Minist\u00e9rios Ordenados e a Vida Consagrada da CNBB para o M\u00eas Vocacional 2024. O lema deste ano \u00e9&nbsp;&nbsp;<strong>\u201cPedi, pois, ao Senhor da Messe\u201d (Mt 9, 38)<\/strong>.<\/p>\n\n\n\n<p><a href=\"https:\/\/www.cnbb.org.br\/wp-content\/uploads\/2024\/01\/Cartaz-Mes-Vocacional-azul-1.png\"><strong>BAIXE AQUI O CARTAZ DO M\u00caS VOCACIONAL<\/strong><\/a><\/p>\n\n\n\n<p><a href=\"https:\/\/www.edicoescnbb.com.br\/hora-vocacional-2024-igreja-uma-sinfonia-vocacional\" target=\"_blank\" rel=\"noreferrer noopener\"><strong>ACESSE AQUI O SUBS\u00cdDIO DO M\u00caS VOCACIONAL&nbsp;<\/strong><\/a><\/p>\n\n\n\n<p>Momento dedicado \u00e0 ora\u00e7\u00e3o, reflex\u00e3o e a\u00e7\u00e3o nas comunidades, o m\u00eas vocacional ter\u00e1 in\u00edcio com uma Santa Missa presidida por dom Ricardo Hoepers, secret\u00e1rio-geral da Confer\u00eancia Nacional dos Bispos do Brasil (CNBB), \u00e0s 19h, no dia 1\u00ba de agosto, na Bas\u00edlica S\u00e3o Francisco de Assis, em Bras\u00edlia (DF).<\/p>\n\n\n\n<h3 class=\"wp-block-heading\"><strong>O Cartaz<\/strong><\/h3>\n\n\n\n<p>O cartaz do m\u00eas vocacional \u00e9 inspirado no convite do Papa Francisco para sermos, enquanto Igreja, uma Sinfonia Vocacional, que evoca movimento e leveza, a m\u00fasica e a dan\u00e7a, inspirados pelo pr\u00f3prio Cristo.&nbsp;&nbsp;<\/p>\n\n\n\n<p>Irm\u00e3o&nbsp;Luiz Carlos Lima, autor da identidade visual, destaca os elementos da obra:<\/p>\n\n\n\n<blockquote class=\"wp-block-quote is-layout-flow wp-block-quote-is-layout-flow\"><div class=\"wp-block-image\">\n<figure class=\"alignleft\"><img decoding=\"async\" src=\"https:\/\/www.cnbb.org.br\/wp-content\/uploads\/2024\/07\/Cartaz-Mes-Vocacional-azul-1-683x1024.png\" alt=\"\" class=\"wp-image-966233\"\/><\/figure><\/div>\n\n\n<p><em>Jesus, \u00e9 aquele que rege essa grande sinfonia de voca\u00e7\u00f5es, dons e carismas. Ele, com seu grande cora\u00e7\u00e3o, se move a convidar, animar e acompanhar os vocacionados e as vocacionadas em seus mais diferentes chamados. Ao mesmo tempo esse movimento parte da Igreja, mas sai dela, como nos convida o Papa Francisco: para que sejamos uma \u201cIgreja em sa\u00edda\u201d. Dessa forma, a pauta, utilizada para escrever as partituras musicais, traz em si os vocacionados e vocacionadas como notas musicais, \u201ccom todas as voca\u00e7\u00f5es unidas e distintas em harmonia e juntas em sa\u00edda para irradiar no mundo a vida nova no Reino de Deus\u201d. (Papa Francisco)&nbsp;&nbsp;<\/em><\/p>\n\n\n\n<p><em>A circularidade e os c\u00edrculos que comp\u00f5em a imagem, falam da fraternidade e da sa\u00edda de modelos at\u00e9 ent\u00e3o \u201cenquadrados\u201d por diversas leis, passando para as possibilidades de movimentos mais circulares, horizontais, sem dobras, mas inteiro e partindo de um \u00fanico ponto: Jesus Cristo e o Reino.&nbsp;&nbsp;<\/em><\/p>\n\n\n\n<p><em>O cora\u00e7\u00e3o exposto de Jesus faz men\u00e7\u00e3o ao recente Ano Vocacional que a Igreja no Brasil vivenciou. Este cora\u00e7\u00e3o que arde e que faz os nossos p\u00e9s se colocarem a caminho, em uma Igreja em que a cultura vocacional seja cada vez mais cultivada.&nbsp;<\/em><\/p>\n\n\n\n<p><em>O telhado abaixo da torre quer simbolizar a casa, lugar da fam\u00edlia, igreja dom\u00e9stica, pois \u201cna Igreja, somos todos servos e servas, segundo diversas voca\u00e7\u00f5es, carismas e minist\u00e9rios. A voca\u00e7\u00e3o ao dom de si pr\u00f3prio no amor, comum a todos, desenvolve-se e concretiza-se na vida dos crist\u00e3os leigos e leigas, empenhados a construir a fam\u00edlia como uma pequena igreja dom\u00e9stica\u201d. (Papa Francisco)&nbsp;<\/em><\/p>\n\n\n\n<p><em>O rel\u00f3gio evoca a hora dedicada a Nossa Senhora (18h). Ela que \u00e9 a vocacionada por excel\u00eancia, tamb\u00e9m nos convida a entrar nessa sinfonia. As pessoas, apresentadas na partitura, traz representa\u00e7\u00f5es das mais diversas express\u00f5es de voca\u00e7\u00f5es: laical, minist\u00e9rios ordenados e vida consagrada.&nbsp;&nbsp;<\/em><\/p>\n\n\n\n<p><em>A arte convida o leitor a entrar nessa melodia, a sentir e a confirmar que sua voca\u00e7\u00e3o n\u00e3o \u00e9 apenas uma nota ou um tom isolado, mas sim, parte de uma grande Sinfonia. Uma s\u00f3 can\u00e7\u00e3o, um s\u00f3 cora\u00e7\u00e3o, um s\u00f3 corpo em Cristo (cf. I Cor 12,12).&nbsp;<\/em><\/p>\n<\/blockquote>\n\n\n\n<h3 class=\"wp-block-heading\"><strong>Subs\u00eddio para o M\u00eas Vocacional<\/strong><\/h3>\n\n\n<div class=\"wp-block-image\">\n<figure class=\"alignleft\"><img decoding=\"async\" src=\"https:\/\/www.cnbb.org.br\/wp-content\/uploads\/2024\/01\/Cartaz-Hora-Vocacional-1-201x300.png\" alt=\"\" class=\"wp-image-957345\"\/><\/figure><\/div>\n\n\n<p>O subs\u00eddio&nbsp;<a href=\"https:\/\/www.edicoescnbb.com.br\/hora-vocacional-2024-igreja-uma-sinfonia-vocacional\" target=\"_blank\" rel=\"noreferrer noopener\">\u201cHora Vocacional\u201d<\/a>&nbsp;traz toda a tem\u00e1tica de trabalho do m\u00eas vocacional 2024.&nbsp; O material \u00e9 composto por diversas celebra\u00e7\u00f5es lit\u00fargicas e tamb\u00e9m de encontros lit\u00fargicos pastorais que favorecem a reflex\u00e3o do tema e do lema proposto para o m\u00eas vocacional. Nele, s\u00e3o encontradas sugest\u00f5es para encontros, celebra\u00e7\u00f5es, ter\u00e7o, dentre outros.<\/p>\n\n\n\n<blockquote class=\"wp-block-quote is-layout-flow wp-block-quote-is-layout-flow\">\n<p>\u201c\u00c9 um subs\u00eddio bem completo para que todas as par\u00f3quias, comunidades e regionais se organizem para celebrar bem o m\u00eas vocacional. E tamb\u00e9m que tenham conte\u00fado para trabalhar nesse ano, nos pr\u00f3ximos anos, tamb\u00e9m essa tem\u00e1tica vocacional, que esse ano t\u00e1 ligada \u00e0 quest\u00e3o eclesiol\u00f3gica, a quest\u00e3o da igreja, o lugar da voca\u00e7\u00e3o em todos os ambientes da nossa igreja\u201d, complementa padre Guilherme.<\/p>\n<\/blockquote>\n\n\n\n<p><a href=\"https:\/\/www.edicoescnbb.com.br\/hora-vocacional-2024-igreja-uma-sinfonia-vocacional\" target=\"_blank\" rel=\"noreferrer noopener\"><strong>ACESSE AQUI O SUBS\u00cdDIO DO M\u00caS VOCACIONAL&nbsp;<\/strong><\/a><\/p>\n\n\n\n<h3 class=\"wp-block-heading\"><strong>O Ano Vocacional<\/strong><\/h3>\n\n\n\n<p>Institu\u00eddo em 1981, pela CNBB, em sua 19\u00aa Assembleia Geral, o m\u00eas vocacional tinha como objetivo principal conscientizar as comunidades da responsabilidade que compartilham no processo vocacional. De l\u00e1 para c\u00e1, todos os anos alguma tem\u00e1tica tem sido trabalhada.<\/p>\n\n\n\n<p><em>Fonte: CNBB<\/em><\/p>\n","protected":false},"excerpt":{"rendered":"<p>\u201cIgreja como uma sinfonia vocacional\u201d&nbsp;\u00e9 o tema do m\u00eas vocacional 2024, celebrado em agosto. E voc\u00ea j\u00e1 pode conferir o cartaz e o subs\u00eddio preparado pela Comiss\u00e3o para os Minist\u00e9rios Ordenados e a Vida Consagrada da CNBB para o M\u00eas Vocacional 2024. O lema deste ano \u00e9&nbsp;&nbsp;\u201cPedi, pois, ao Senhor da Messe\u201d (Mt 9, 38).<span class=\"read-more arrow\"><a href=\"https:\/\/www.diocesesaoluis.org.br\/home\/2024\/07\/05\/comissao-disponibiliza-cartaz-do-mes-vocacional-celebrado-em-agosto-para-download\/\" title=\"Read More\">&rarr;<\/a><\/span><\/p>\n","protected":false},"author":2,"featured_media":17660,"comment_status":"closed","ping_status":"open","sticky":false,"template":"","format":"standard","meta":{"ub_ctt_via":"","footnotes":""},"categories":[334],"tags":[395,442,443],"class_list":{"0":"post-17659","1":"post","2":"type-post","3":"status-publish","4":"format-standard","5":"has-post-thumbnail","7":"category-igreja-no-brasil","8":"tag-igreja-no-brasil","9":"tag-mes-vocacional","10":"tag-vocacoes"},"featured_image_src":"https:\/\/www.diocesesaoluis.org.br\/home\/wp-content\/uploads\/2024\/07\/1.png","author_info":{"display_name":false,"author_link":"https:\/\/www.diocesesaoluis.org.br\/home\/author\/lucas\/"},"_links":{"self":[{"href":"https:\/\/www.diocesesaoluis.org.br\/home\/wp-json\/wp\/v2\/posts\/17659","targetHints":{"allow":["GET"]}}],"collection":[{"href":"https:\/\/www.diocesesaoluis.org.br\/home\/wp-json\/wp\/v2\/posts"}],"about":[{"href":"https:\/\/www.diocesesaoluis.org.br\/home\/wp-json\/wp\/v2\/types\/post"}],"author":[{"embeddable":true,"href":"https:\/\/www.diocesesaoluis.org.br\/home\/wp-json\/wp\/v2\/users\/2"}],"replies":[{"embeddable":true,"href":"https:\/\/www.diocesesaoluis.org.br\/home\/wp-json\/wp\/v2\/comments?post=17659"}],"version-history":[{"count":1,"href":"https:\/\/www.diocesesaoluis.org.br\/home\/wp-json\/wp\/v2\/posts\/17659\/revisions"}],"predecessor-version":[{"id":17661,"href":"https:\/\/www.diocesesaoluis.org.br\/home\/wp-json\/wp\/v2\/posts\/17659\/revisions\/17661"}],"wp:featuredmedia":[{"embeddable":true,"href":"https:\/\/www.diocesesaoluis.org.br\/home\/wp-json\/wp\/v2\/media\/17660"}],"wp:attachment":[{"href":"https:\/\/www.diocesesaoluis.org.br\/home\/wp-json\/wp\/v2\/media?parent=17659"}],"wp:term":[{"taxonomy":"category","embeddable":true,"href":"https:\/\/www.diocesesaoluis.org.br\/home\/wp-json\/wp\/v2\/categories?post=17659"},{"taxonomy":"post_tag","embeddable":true,"href":"https:\/\/www.diocesesaoluis.org.br\/home\/wp-json\/wp\/v2\/tags?post=17659"}],"curies":[{"name":"wp","href":"https:\/\/api.w.org\/{rel}","templated":true}]}}