{"id":17636,"date":"2024-06-28T22:34:00","date_gmt":"2024-06-29T01:34:00","guid":{"rendered":"https:\/\/www.diocesesaoluis.org.br\/home\/?p=17636"},"modified":"2024-07-03T15:01:19","modified_gmt":"2024-07-03T18:01:19","slug":"catequistas-serao-instituidos-no-ministerio-de-catequista","status":"publish","type":"post","link":"https:\/\/www.diocesesaoluis.org.br\/home\/2024\/06\/28\/catequistas-serao-instituidos-no-ministerio-de-catequista\/","title":{"rendered":"Catequistas ser\u00e3o institu\u00eddos no Minist\u00e9rio de Catequista"},"content":{"rendered":"\n<p>A Diocese de S\u00e3o Lu\u00eds de Montes Belos realizar\u00e1 no dia 30 de junho deste ano, a Missa de institui\u00e7\u00e3o do Minist\u00e9rio de Catequista, onde mais de 200 catequistas das quatro Foranias da nossa Diocese ir\u00e3o receber o Minist\u00e9rio.<\/p>\n\n\n\n<p>O Minist\u00e9rio Laical de Catequista foi institu\u00eddo pelo Papa Francisco no ano de 2021. Na ocasi\u00e3o o Santo Padre convidou as Confer\u00eancias Episcopais a torn\u00e1-lo realidade, estabelecendo o iter formativo necess\u00e1rio e os crit\u00e9rios normativos para o acesso ao mesmo.<\/p>\n\n\n\n<p>A nossa Diocese atenta a este apelo prontamente dinamizou por meio do departamento de catequese, o itiner\u00e1rio formativo dos catequistas atuantes que aconteceu no per\u00edodo de junho de 2023 a janeiro de 2024, concluindo com os retiros for\u00e2neos nos meses de abril, maio e junho do presente ano.<\/p>\n\n\n\n<p>O projeto Catequista Ministro foi apresentado em todas as Foranias da nossa Diocese e antes do in\u00edcio do itiner\u00e1rio formativo houve o rito de nomea\u00e7\u00e3o nas Par\u00f3quias, realizado por cada p\u00e1roco e o rito de elei\u00e7\u00e3o na Diocese, realizado pelo nosso bispo Dom Lindomar Rocha.<\/p>\n\n\n\n<p>Conhe\u00e7a abaixo esses catequistas atuantes da nossa Diocese. Aqui fazemos mem\u00f3ria tamb\u00e9m das catequistas que faleceram Eliane Costa (Naz\u00e1rio) e Leidiane Santos (Auril\u00e2ndia). Saudade eterna!<\/p>\n\n\n\n<p><strong>Catequistas da Forania Nossa Senhora Aparecida:<\/strong><\/p>\n\n\n\n<figure class=\"wp-block-gallery has-nested-images columns-2 is-cropped wp-block-gallery-1 is-layout-flex wp-block-gallery-is-layout-flex\">\n<figure class=\"wp-block-image size-large\"><img loading=\"lazy\" decoding=\"async\" width=\"819\" height=\"1024\" data-id=\"17506\" src=\"https:\/\/www.diocesesaoluis.org.br\/home\/wp-content\/uploads\/2024\/05\/441521964_488312340214535_1947279519363502908_n-819x1024.jpeg\" alt=\"\" class=\"wp-image-17506\" srcset=\"https:\/\/www.diocesesaoluis.org.br\/home\/wp-content\/uploads\/2024\/05\/441521964_488312340214535_1947279519363502908_n-819x1024.jpeg 819w, https:\/\/www.diocesesaoluis.org.br\/home\/wp-content\/uploads\/2024\/05\/441521964_488312340214535_1947279519363502908_n-240x300.jpeg 240w, https:\/\/www.diocesesaoluis.org.br\/home\/wp-content\/uploads\/2024\/05\/441521964_488312340214535_1947279519363502908_n-120x150.jpeg 120w, https:\/\/www.diocesesaoluis.org.br\/home\/wp-content\/uploads\/2024\/05\/441521964_488312340214535_1947279519363502908_n-1229x1536.jpeg 1229w, https:\/\/www.diocesesaoluis.org.br\/home\/wp-content\/uploads\/2024\/05\/441521964_488312340214535_1947279519363502908_n.jpeg 1440w\" sizes=\"auto, (max-width: 819px) 100vw, 819px\" \/><\/figure>\n\n\n\n<figure class=\"wp-block-image size-large\"><img loading=\"lazy\" decoding=\"async\" width=\"819\" height=\"1024\" data-id=\"17503\" src=\"https:\/\/www.diocesesaoluis.org.br\/home\/wp-content\/uploads\/2024\/05\/438170250_488312336881202_1118901037401171170_n-819x1024.jpeg\" alt=\"\" class=\"wp-image-17503\" srcset=\"https:\/\/www.diocesesaoluis.org.br\/home\/wp-content\/uploads\/2024\/05\/438170250_488312336881202_1118901037401171170_n-819x1024.jpeg 819w, https:\/\/www.diocesesaoluis.org.br\/home\/wp-content\/uploads\/2024\/05\/438170250_488312336881202_1118901037401171170_n-240x300.jpeg 240w, https:\/\/www.diocesesaoluis.org.br\/home\/wp-content\/uploads\/2024\/05\/438170250_488312336881202_1118901037401171170_n-120x150.jpeg 120w, https:\/\/www.diocesesaoluis.org.br\/home\/wp-content\/uploads\/2024\/05\/438170250_488312336881202_1118901037401171170_n-1229x1536.jpeg 1229w, https:\/\/www.diocesesaoluis.org.br\/home\/wp-content\/uploads\/2024\/05\/438170250_488312336881202_1118901037401171170_n.jpeg 1440w\" sizes=\"auto, (max-width: 819px) 100vw, 819px\" \/><\/figure>\n\n\n\n<figure class=\"wp-block-image size-large\"><img loading=\"lazy\" decoding=\"async\" width=\"819\" height=\"1024\" data-id=\"17504\" src=\"https:\/\/www.diocesesaoluis.org.br\/home\/wp-content\/uploads\/2024\/05\/441507413_488312343547868_751904054599630670_n-819x1024.jpeg\" alt=\"\" class=\"wp-image-17504\" srcset=\"https:\/\/www.diocesesaoluis.org.br\/home\/wp-content\/uploads\/2024\/05\/441507413_488312343547868_751904054599630670_n-819x1024.jpeg 819w, https:\/\/www.diocesesaoluis.org.br\/home\/wp-content\/uploads\/2024\/05\/441507413_488312343547868_751904054599630670_n-240x300.jpeg 240w, https:\/\/www.diocesesaoluis.org.br\/home\/wp-content\/uploads\/2024\/05\/441507413_488312343547868_751904054599630670_n-120x150.jpeg 120w, https:\/\/www.diocesesaoluis.org.br\/home\/wp-content\/uploads\/2024\/05\/441507413_488312343547868_751904054599630670_n-1229x1536.jpeg 1229w, https:\/\/www.diocesesaoluis.org.br\/home\/wp-content\/uploads\/2024\/05\/441507413_488312343547868_751904054599630670_n.jpeg 1440w\" sizes=\"auto, (max-width: 819px) 100vw, 819px\" \/><\/figure>\n\n\n\n<figure class=\"wp-block-image size-large\"><img loading=\"lazy\" decoding=\"async\" width=\"819\" height=\"1024\" data-id=\"17502\" src=\"https:\/\/www.diocesesaoluis.org.br\/home\/wp-content\/uploads\/2024\/05\/441501995_488312323547870_1547860547856827713_n-819x1024.jpeg\" alt=\"\" class=\"wp-image-17502\" srcset=\"https:\/\/www.diocesesaoluis.org.br\/home\/wp-content\/uploads\/2024\/05\/441501995_488312323547870_1547860547856827713_n-819x1024.jpeg 819w, https:\/\/www.diocesesaoluis.org.br\/home\/wp-content\/uploads\/2024\/05\/441501995_488312323547870_1547860547856827713_n-240x300.jpeg 240w, https:\/\/www.diocesesaoluis.org.br\/home\/wp-content\/uploads\/2024\/05\/441501995_488312323547870_1547860547856827713_n-120x150.jpeg 120w, https:\/\/www.diocesesaoluis.org.br\/home\/wp-content\/uploads\/2024\/05\/441501995_488312323547870_1547860547856827713_n-1229x1536.jpeg 1229w, https:\/\/www.diocesesaoluis.org.br\/home\/wp-content\/uploads\/2024\/05\/441501995_488312323547870_1547860547856827713_n.jpeg 1440w\" sizes=\"auto, (max-width: 819px) 100vw, 819px\" \/><\/figure>\n<\/figure>\n\n\n<div class=\"wp-block-image\">\n<figure class=\"aligncenter size-large is-resized\"><img loading=\"lazy\" decoding=\"async\" width=\"819\" height=\"1024\" src=\"https:\/\/www.diocesesaoluis.org.br\/home\/wp-content\/uploads\/2024\/05\/438078818_488312326881203_6986636661431857962_n-819x1024.jpeg\" alt=\"\" class=\"wp-image-17505\" style=\"width:407px;height:auto\" srcset=\"https:\/\/www.diocesesaoluis.org.br\/home\/wp-content\/uploads\/2024\/05\/438078818_488312326881203_6986636661431857962_n-819x1024.jpeg 819w, https:\/\/www.diocesesaoluis.org.br\/home\/wp-content\/uploads\/2024\/05\/438078818_488312326881203_6986636661431857962_n-240x300.jpeg 240w, https:\/\/www.diocesesaoluis.org.br\/home\/wp-content\/uploads\/2024\/05\/438078818_488312326881203_6986636661431857962_n-120x150.jpeg 120w, https:\/\/www.diocesesaoluis.org.br\/home\/wp-content\/uploads\/2024\/05\/438078818_488312326881203_6986636661431857962_n-1229x1536.jpeg 1229w, https:\/\/www.diocesesaoluis.org.br\/home\/wp-content\/uploads\/2024\/05\/438078818_488312326881203_6986636661431857962_n.jpeg 1440w\" sizes=\"auto, (max-width: 819px) 100vw, 819px\" \/><\/figure><\/div>\n\n\n<p><strong>Catequistas da Forania S\u00e3o Lu\u00eds Gonzaga:<\/strong><\/p>\n\n\n\n<figure class=\"wp-block-gallery has-nested-images columns-2 is-cropped wp-block-gallery-2 is-layout-flex wp-block-gallery-is-layout-flex\">\n<figure class=\"wp-block-image size-large\"><img loading=\"lazy\" decoding=\"async\" width=\"819\" height=\"1024\" data-id=\"17464\" src=\"https:\/\/www.diocesesaoluis.org.br\/home\/wp-content\/uploads\/2024\/05\/442501192_484004157312020_8196670911128571_n-819x1024.jpeg\" alt=\"\" class=\"wp-image-17464\" srcset=\"https:\/\/www.diocesesaoluis.org.br\/home\/wp-content\/uploads\/2024\/05\/442501192_484004157312020_8196670911128571_n-819x1024.jpeg 819w, https:\/\/www.diocesesaoluis.org.br\/home\/wp-content\/uploads\/2024\/05\/442501192_484004157312020_8196670911128571_n-240x300.jpeg 240w, https:\/\/www.diocesesaoluis.org.br\/home\/wp-content\/uploads\/2024\/05\/442501192_484004157312020_8196670911128571_n-120x150.jpeg 120w, https:\/\/www.diocesesaoluis.org.br\/home\/wp-content\/uploads\/2024\/05\/442501192_484004157312020_8196670911128571_n-1229x1536.jpeg 1229w, https:\/\/www.diocesesaoluis.org.br\/home\/wp-content\/uploads\/2024\/05\/442501192_484004157312020_8196670911128571_n.jpeg 1440w\" sizes=\"auto, (max-width: 819px) 100vw, 819px\" \/><\/figure>\n\n\n\n<figure class=\"wp-block-image size-large\"><img loading=\"lazy\" decoding=\"async\" width=\"819\" height=\"1024\" data-id=\"17461\" src=\"https:\/\/www.diocesesaoluis.org.br\/home\/wp-content\/uploads\/2024\/05\/435963391_484004177312018_9145888587736843478_n-819x1024.jpeg\" alt=\"\" class=\"wp-image-17461\" srcset=\"https:\/\/www.diocesesaoluis.org.br\/home\/wp-content\/uploads\/2024\/05\/435963391_484004177312018_9145888587736843478_n-819x1024.jpeg 819w, https:\/\/www.diocesesaoluis.org.br\/home\/wp-content\/uploads\/2024\/05\/435963391_484004177312018_9145888587736843478_n-240x300.jpeg 240w, https:\/\/www.diocesesaoluis.org.br\/home\/wp-content\/uploads\/2024\/05\/435963391_484004177312018_9145888587736843478_n-120x150.jpeg 120w, https:\/\/www.diocesesaoluis.org.br\/home\/wp-content\/uploads\/2024\/05\/435963391_484004177312018_9145888587736843478_n-1229x1536.jpeg 1229w, https:\/\/www.diocesesaoluis.org.br\/home\/wp-content\/uploads\/2024\/05\/435963391_484004177312018_9145888587736843478_n.jpeg 1440w\" sizes=\"auto, (max-width: 819px) 100vw, 819px\" \/><\/figure>\n\n\n\n<figure class=\"wp-block-image size-large\"><img loading=\"lazy\" decoding=\"async\" width=\"819\" height=\"1024\" data-id=\"17467\" src=\"https:\/\/www.diocesesaoluis.org.br\/home\/wp-content\/uploads\/2024\/05\/442503421_484004147312021_8930048695916407404_n-819x1024.jpeg\" alt=\"\" class=\"wp-image-17467\" srcset=\"https:\/\/www.diocesesaoluis.org.br\/home\/wp-content\/uploads\/2024\/05\/442503421_484004147312021_8930048695916407404_n-819x1024.jpeg 819w, https:\/\/www.diocesesaoluis.org.br\/home\/wp-content\/uploads\/2024\/05\/442503421_484004147312021_8930048695916407404_n-240x300.jpeg 240w, https:\/\/www.diocesesaoluis.org.br\/home\/wp-content\/uploads\/2024\/05\/442503421_484004147312021_8930048695916407404_n-120x150.jpeg 120w, https:\/\/www.diocesesaoluis.org.br\/home\/wp-content\/uploads\/2024\/05\/442503421_484004147312021_8930048695916407404_n-1229x1536.jpeg 1229w, https:\/\/www.diocesesaoluis.org.br\/home\/wp-content\/uploads\/2024\/05\/442503421_484004147312021_8930048695916407404_n.jpeg 1440w\" sizes=\"auto, (max-width: 819px) 100vw, 819px\" \/><\/figure>\n\n\n\n<figure class=\"wp-block-image size-large\"><img loading=\"lazy\" decoding=\"async\" width=\"819\" height=\"1024\" data-id=\"17466\" src=\"https:\/\/www.diocesesaoluis.org.br\/home\/wp-content\/uploads\/2024\/05\/441517481_484004150645354_3169308650662376591_n-819x1024.jpeg\" alt=\"\" class=\"wp-image-17466\" srcset=\"https:\/\/www.diocesesaoluis.org.br\/home\/wp-content\/uploads\/2024\/05\/441517481_484004150645354_3169308650662376591_n-819x1024.jpeg 819w, https:\/\/www.diocesesaoluis.org.br\/home\/wp-content\/uploads\/2024\/05\/441517481_484004150645354_3169308650662376591_n-240x300.jpeg 240w, https:\/\/www.diocesesaoluis.org.br\/home\/wp-content\/uploads\/2024\/05\/441517481_484004150645354_3169308650662376591_n-120x150.jpeg 120w, https:\/\/www.diocesesaoluis.org.br\/home\/wp-content\/uploads\/2024\/05\/441517481_484004150645354_3169308650662376591_n-1229x1536.jpeg 1229w, https:\/\/www.diocesesaoluis.org.br\/home\/wp-content\/uploads\/2024\/05\/441517481_484004150645354_3169308650662376591_n.jpeg 1440w\" sizes=\"auto, (max-width: 819px) 100vw, 819px\" \/><\/figure>\n\n\n\n<figure class=\"wp-block-image size-large\"><img loading=\"lazy\" decoding=\"async\" width=\"819\" height=\"1024\" data-id=\"17465\" src=\"https:\/\/www.diocesesaoluis.org.br\/home\/wp-content\/uploads\/2024\/05\/441693516_484004173978685_9035706835719607031_n-819x1024.jpeg\" alt=\"\" class=\"wp-image-17465\" srcset=\"https:\/\/www.diocesesaoluis.org.br\/home\/wp-content\/uploads\/2024\/05\/441693516_484004173978685_9035706835719607031_n-819x1024.jpeg 819w, https:\/\/www.diocesesaoluis.org.br\/home\/wp-content\/uploads\/2024\/05\/441693516_484004173978685_9035706835719607031_n-240x300.jpeg 240w, https:\/\/www.diocesesaoluis.org.br\/home\/wp-content\/uploads\/2024\/05\/441693516_484004173978685_9035706835719607031_n-120x150.jpeg 120w, https:\/\/www.diocesesaoluis.org.br\/home\/wp-content\/uploads\/2024\/05\/441693516_484004173978685_9035706835719607031_n-1229x1536.jpeg 1229w, https:\/\/www.diocesesaoluis.org.br\/home\/wp-content\/uploads\/2024\/05\/441693516_484004173978685_9035706835719607031_n.jpeg 1440w\" sizes=\"auto, (max-width: 819px) 100vw, 819px\" \/><\/figure>\n\n\n\n<figure class=\"wp-block-image size-large\"><img loading=\"lazy\" decoding=\"async\" width=\"819\" height=\"1024\" data-id=\"17468\" src=\"https:\/\/www.diocesesaoluis.org.br\/home\/wp-content\/uploads\/2024\/05\/442503708_484004153978687_2940390927064337017_n-819x1024.jpeg\" alt=\"\" class=\"wp-image-17468\" srcset=\"https:\/\/www.diocesesaoluis.org.br\/home\/wp-content\/uploads\/2024\/05\/442503708_484004153978687_2940390927064337017_n-819x1024.jpeg 819w, https:\/\/www.diocesesaoluis.org.br\/home\/wp-content\/uploads\/2024\/05\/442503708_484004153978687_2940390927064337017_n-240x300.jpeg 240w, https:\/\/www.diocesesaoluis.org.br\/home\/wp-content\/uploads\/2024\/05\/442503708_484004153978687_2940390927064337017_n-120x150.jpeg 120w, https:\/\/www.diocesesaoluis.org.br\/home\/wp-content\/uploads\/2024\/05\/442503708_484004153978687_2940390927064337017_n-1229x1536.jpeg 1229w, https:\/\/www.diocesesaoluis.org.br\/home\/wp-content\/uploads\/2024\/05\/442503708_484004153978687_2940390927064337017_n.jpeg 1440w\" sizes=\"auto, (max-width: 819px) 100vw, 819px\" \/><\/figure>\n\n\n\n<figure class=\"wp-block-image size-large\"><img loading=\"lazy\" decoding=\"async\" width=\"819\" height=\"1024\" data-id=\"17463\" src=\"https:\/\/www.diocesesaoluis.org.br\/home\/wp-content\/uploads\/2024\/05\/442418773_484004167312019_5802473531102944247_n-819x1024.jpeg\" alt=\"\" class=\"wp-image-17463\" srcset=\"https:\/\/www.diocesesaoluis.org.br\/home\/wp-content\/uploads\/2024\/05\/442418773_484004167312019_5802473531102944247_n-819x1024.jpeg 819w, https:\/\/www.diocesesaoluis.org.br\/home\/wp-content\/uploads\/2024\/05\/442418773_484004167312019_5802473531102944247_n-240x300.jpeg 240w, https:\/\/www.diocesesaoluis.org.br\/home\/wp-content\/uploads\/2024\/05\/442418773_484004167312019_5802473531102944247_n-120x150.jpeg 120w, https:\/\/www.diocesesaoluis.org.br\/home\/wp-content\/uploads\/2024\/05\/442418773_484004167312019_5802473531102944247_n-1229x1536.jpeg 1229w, https:\/\/www.diocesesaoluis.org.br\/home\/wp-content\/uploads\/2024\/05\/442418773_484004167312019_5802473531102944247_n.jpeg 1440w\" sizes=\"auto, (max-width: 819px) 100vw, 819px\" \/><\/figure>\n\n\n\n<figure class=\"wp-block-image size-large\"><img loading=\"lazy\" decoding=\"async\" width=\"819\" height=\"1024\" data-id=\"17462\" src=\"https:\/\/www.diocesesaoluis.org.br\/home\/wp-content\/uploads\/2024\/05\/442407053_484004170645352_4882765166854924606_n-819x1024.jpeg\" alt=\"\" class=\"wp-image-17462\" srcset=\"https:\/\/www.diocesesaoluis.org.br\/home\/wp-content\/uploads\/2024\/05\/442407053_484004170645352_4882765166854924606_n-819x1024.jpeg 819w, https:\/\/www.diocesesaoluis.org.br\/home\/wp-content\/uploads\/2024\/05\/442407053_484004170645352_4882765166854924606_n-240x300.jpeg 240w, https:\/\/www.diocesesaoluis.org.br\/home\/wp-content\/uploads\/2024\/05\/442407053_484004170645352_4882765166854924606_n-120x150.jpeg 120w, https:\/\/www.diocesesaoluis.org.br\/home\/wp-content\/uploads\/2024\/05\/442407053_484004170645352_4882765166854924606_n-1229x1536.jpeg 1229w, https:\/\/www.diocesesaoluis.org.br\/home\/wp-content\/uploads\/2024\/05\/442407053_484004170645352_4882765166854924606_n.jpeg 1440w\" sizes=\"auto, (max-width: 819px) 100vw, 819px\" \/><\/figure>\n<\/figure>\n\n\n\n<p><strong>Catequistas da Forania S\u00e3o Sebasti\u00e3o:<\/strong><\/p>\n\n\n\n<figure class=\"wp-block-gallery has-nested-images columns-2 is-cropped wp-block-gallery-3 is-layout-flex wp-block-gallery-is-layout-flex\">\n<figure class=\"wp-block-image size-large\"><img loading=\"lazy\" decoding=\"async\" width=\"819\" height=\"1024\" data-id=\"17568\" src=\"https:\/\/www.diocesesaoluis.org.br\/home\/wp-content\/uploads\/2024\/06\/441502904_492429269802842_3171105342947750395_n-819x1024.jpeg\" alt=\"\" class=\"wp-image-17568\" srcset=\"https:\/\/www.diocesesaoluis.org.br\/home\/wp-content\/uploads\/2024\/06\/441502904_492429269802842_3171105342947750395_n-819x1024.jpeg 819w, https:\/\/www.diocesesaoluis.org.br\/home\/wp-content\/uploads\/2024\/06\/441502904_492429269802842_3171105342947750395_n-240x300.jpeg 240w, https:\/\/www.diocesesaoluis.org.br\/home\/wp-content\/uploads\/2024\/06\/441502904_492429269802842_3171105342947750395_n-120x150.jpeg 120w, https:\/\/www.diocesesaoluis.org.br\/home\/wp-content\/uploads\/2024\/06\/441502904_492429269802842_3171105342947750395_n-1229x1536.jpeg 1229w, https:\/\/www.diocesesaoluis.org.br\/home\/wp-content\/uploads\/2024\/06\/441502904_492429269802842_3171105342947750395_n.jpeg 1440w\" sizes=\"auto, (max-width: 819px) 100vw, 819px\" \/><\/figure>\n\n\n\n<figure class=\"wp-block-image size-large\"><img loading=\"lazy\" decoding=\"async\" width=\"819\" height=\"1024\" data-id=\"17570\" src=\"https:\/\/www.diocesesaoluis.org.br\/home\/wp-content\/uploads\/2024\/06\/441513351_492429259802843_9185469373328301465_n-819x1024.jpeg\" alt=\"\" class=\"wp-image-17570\" srcset=\"https:\/\/www.diocesesaoluis.org.br\/home\/wp-content\/uploads\/2024\/06\/441513351_492429259802843_9185469373328301465_n-819x1024.jpeg 819w, https:\/\/www.diocesesaoluis.org.br\/home\/wp-content\/uploads\/2024\/06\/441513351_492429259802843_9185469373328301465_n-240x300.jpeg 240w, https:\/\/www.diocesesaoluis.org.br\/home\/wp-content\/uploads\/2024\/06\/441513351_492429259802843_9185469373328301465_n-120x150.jpeg 120w, https:\/\/www.diocesesaoluis.org.br\/home\/wp-content\/uploads\/2024\/06\/441513351_492429259802843_9185469373328301465_n-1229x1536.jpeg 1229w, https:\/\/www.diocesesaoluis.org.br\/home\/wp-content\/uploads\/2024\/06\/441513351_492429259802843_9185469373328301465_n.jpeg 1440w\" sizes=\"auto, (max-width: 819px) 100vw, 819px\" \/><\/figure>\n\n\n\n<figure class=\"wp-block-image size-large\"><img loading=\"lazy\" decoding=\"async\" width=\"819\" height=\"1024\" data-id=\"17571\" src=\"https:\/\/www.diocesesaoluis.org.br\/home\/wp-content\/uploads\/2024\/06\/441517119_492429276469508_8133742457477370470_n-819x1024.jpeg\" alt=\"\" class=\"wp-image-17571\" srcset=\"https:\/\/www.diocesesaoluis.org.br\/home\/wp-content\/uploads\/2024\/06\/441517119_492429276469508_8133742457477370470_n-819x1024.jpeg 819w, https:\/\/www.diocesesaoluis.org.br\/home\/wp-content\/uploads\/2024\/06\/441517119_492429276469508_8133742457477370470_n-240x300.jpeg 240w, https:\/\/www.diocesesaoluis.org.br\/home\/wp-content\/uploads\/2024\/06\/441517119_492429276469508_8133742457477370470_n-120x150.jpeg 120w, https:\/\/www.diocesesaoluis.org.br\/home\/wp-content\/uploads\/2024\/06\/441517119_492429276469508_8133742457477370470_n-1229x1536.jpeg 1229w, https:\/\/www.diocesesaoluis.org.br\/home\/wp-content\/uploads\/2024\/06\/441517119_492429276469508_8133742457477370470_n.jpeg 1440w\" sizes=\"auto, (max-width: 819px) 100vw, 819px\" \/><\/figure>\n\n\n\n<figure class=\"wp-block-image size-large\"><img loading=\"lazy\" decoding=\"async\" width=\"819\" height=\"1024\" data-id=\"17575\" src=\"https:\/\/www.diocesesaoluis.org.br\/home\/wp-content\/uploads\/2024\/06\/441542264_492429249802844_7927196145752945016_n-819x1024.jpeg\" alt=\"\" class=\"wp-image-17575\" srcset=\"https:\/\/www.diocesesaoluis.org.br\/home\/wp-content\/uploads\/2024\/06\/441542264_492429249802844_7927196145752945016_n-819x1024.jpeg 819w, https:\/\/www.diocesesaoluis.org.br\/home\/wp-content\/uploads\/2024\/06\/441542264_492429249802844_7927196145752945016_n-240x300.jpeg 240w, https:\/\/www.diocesesaoluis.org.br\/home\/wp-content\/uploads\/2024\/06\/441542264_492429249802844_7927196145752945016_n-120x150.jpeg 120w, https:\/\/www.diocesesaoluis.org.br\/home\/wp-content\/uploads\/2024\/06\/441542264_492429249802844_7927196145752945016_n-1229x1536.jpeg 1229w, https:\/\/www.diocesesaoluis.org.br\/home\/wp-content\/uploads\/2024\/06\/441542264_492429249802844_7927196145752945016_n.jpeg 1440w\" sizes=\"auto, (max-width: 819px) 100vw, 819px\" \/><\/figure>\n\n\n\n<figure class=\"wp-block-image size-large\"><img loading=\"lazy\" decoding=\"async\" width=\"819\" height=\"1024\" data-id=\"17574\" src=\"https:\/\/www.diocesesaoluis.org.br\/home\/wp-content\/uploads\/2024\/06\/441552864_492429273136175_1318892648296652220_n-819x1024.jpeg\" alt=\"\" class=\"wp-image-17574\" srcset=\"https:\/\/www.diocesesaoluis.org.br\/home\/wp-content\/uploads\/2024\/06\/441552864_492429273136175_1318892648296652220_n-819x1024.jpeg 819w, https:\/\/www.diocesesaoluis.org.br\/home\/wp-content\/uploads\/2024\/06\/441552864_492429273136175_1318892648296652220_n-240x300.jpeg 240w, https:\/\/www.diocesesaoluis.org.br\/home\/wp-content\/uploads\/2024\/06\/441552864_492429273136175_1318892648296652220_n-120x150.jpeg 120w, https:\/\/www.diocesesaoluis.org.br\/home\/wp-content\/uploads\/2024\/06\/441552864_492429273136175_1318892648296652220_n-1229x1536.jpeg 1229w, https:\/\/www.diocesesaoluis.org.br\/home\/wp-content\/uploads\/2024\/06\/441552864_492429273136175_1318892648296652220_n.jpeg 1440w\" sizes=\"auto, (max-width: 819px) 100vw, 819px\" \/><\/figure>\n\n\n\n<figure class=\"wp-block-image size-large\"><img loading=\"lazy\" decoding=\"async\" width=\"819\" height=\"1024\" data-id=\"17573\" src=\"https:\/\/www.diocesesaoluis.org.br\/home\/wp-content\/uploads\/2024\/06\/444456959_492429256469510_1138107798104938742_n-819x1024.jpeg\" alt=\"\" class=\"wp-image-17573\" srcset=\"https:\/\/www.diocesesaoluis.org.br\/home\/wp-content\/uploads\/2024\/06\/444456959_492429256469510_1138107798104938742_n-819x1024.jpeg 819w, https:\/\/www.diocesesaoluis.org.br\/home\/wp-content\/uploads\/2024\/06\/444456959_492429256469510_1138107798104938742_n-240x300.jpeg 240w, https:\/\/www.diocesesaoluis.org.br\/home\/wp-content\/uploads\/2024\/06\/444456959_492429256469510_1138107798104938742_n-120x150.jpeg 120w, https:\/\/www.diocesesaoluis.org.br\/home\/wp-content\/uploads\/2024\/06\/444456959_492429256469510_1138107798104938742_n-1229x1536.jpeg 1229w, https:\/\/www.diocesesaoluis.org.br\/home\/wp-content\/uploads\/2024\/06\/444456959_492429256469510_1138107798104938742_n.jpeg 1440w\" sizes=\"auto, (max-width: 819px) 100vw, 819px\" \/><\/figure>\n\n\n\n<figure class=\"wp-block-image size-large\"><img loading=\"lazy\" decoding=\"async\" width=\"819\" height=\"1024\" data-id=\"17572\" src=\"https:\/\/www.diocesesaoluis.org.br\/home\/wp-content\/uploads\/2024\/06\/444487792_492429263136176_4281267848217808690_n-819x1024.jpeg\" alt=\"\" class=\"wp-image-17572\" srcset=\"https:\/\/www.diocesesaoluis.org.br\/home\/wp-content\/uploads\/2024\/06\/444487792_492429263136176_4281267848217808690_n-819x1024.jpeg 819w, https:\/\/www.diocesesaoluis.org.br\/home\/wp-content\/uploads\/2024\/06\/444487792_492429263136176_4281267848217808690_n-240x300.jpeg 240w, https:\/\/www.diocesesaoluis.org.br\/home\/wp-content\/uploads\/2024\/06\/444487792_492429263136176_4281267848217808690_n-120x150.jpeg 120w, https:\/\/www.diocesesaoluis.org.br\/home\/wp-content\/uploads\/2024\/06\/444487792_492429263136176_4281267848217808690_n-1229x1536.jpeg 1229w, https:\/\/www.diocesesaoluis.org.br\/home\/wp-content\/uploads\/2024\/06\/444487792_492429263136176_4281267848217808690_n.jpeg 1440w\" sizes=\"auto, (max-width: 819px) 100vw, 819px\" \/><\/figure>\n\n\n\n<figure class=\"wp-block-image size-large\"><img loading=\"lazy\" decoding=\"async\" width=\"819\" height=\"1024\" data-id=\"17569\" src=\"https:\/\/www.diocesesaoluis.org.br\/home\/wp-content\/uploads\/2024\/06\/441506599_492429266469509_1580285475229735193_n-819x1024.jpeg\" alt=\"\" class=\"wp-image-17569\" srcset=\"https:\/\/www.diocesesaoluis.org.br\/home\/wp-content\/uploads\/2024\/06\/441506599_492429266469509_1580285475229735193_n-819x1024.jpeg 819w, https:\/\/www.diocesesaoluis.org.br\/home\/wp-content\/uploads\/2024\/06\/441506599_492429266469509_1580285475229735193_n-240x300.jpeg 240w, https:\/\/www.diocesesaoluis.org.br\/home\/wp-content\/uploads\/2024\/06\/441506599_492429266469509_1580285475229735193_n-120x150.jpeg 120w, https:\/\/www.diocesesaoluis.org.br\/home\/wp-content\/uploads\/2024\/06\/441506599_492429266469509_1580285475229735193_n-1229x1536.jpeg 1229w, https:\/\/www.diocesesaoluis.org.br\/home\/wp-content\/uploads\/2024\/06\/441506599_492429266469509_1580285475229735193_n.jpeg 1440w\" sizes=\"auto, (max-width: 819px) 100vw, 819px\" \/><\/figure>\n<\/figure>\n\n\n\n<p><strong>Catequistas da Forania S\u00e3o Paulo da Cruz:<\/strong><\/p>\n\n\n\n<figure class=\"wp-block-gallery has-nested-images columns-2 is-cropped wp-block-gallery-4 is-layout-flex wp-block-gallery-is-layout-flex\">\n<figure class=\"wp-block-image size-large\"><img loading=\"lazy\" decoding=\"async\" width=\"819\" height=\"1024\" data-id=\"17566\" src=\"https:\/\/www.diocesesaoluis.org.br\/home\/wp-content\/uploads\/2024\/06\/447693516_496575529388216_8608551441572261817_n-819x1024.jpeg\" alt=\"\" class=\"wp-image-17566\" srcset=\"https:\/\/www.diocesesaoluis.org.br\/home\/wp-content\/uploads\/2024\/06\/447693516_496575529388216_8608551441572261817_n-819x1024.jpeg 819w, https:\/\/www.diocesesaoluis.org.br\/home\/wp-content\/uploads\/2024\/06\/447693516_496575529388216_8608551441572261817_n-240x300.jpeg 240w, https:\/\/www.diocesesaoluis.org.br\/home\/wp-content\/uploads\/2024\/06\/447693516_496575529388216_8608551441572261817_n-120x150.jpeg 120w, https:\/\/www.diocesesaoluis.org.br\/home\/wp-content\/uploads\/2024\/06\/447693516_496575529388216_8608551441572261817_n-1229x1536.jpeg 1229w, https:\/\/www.diocesesaoluis.org.br\/home\/wp-content\/uploads\/2024\/06\/447693516_496575529388216_8608551441572261817_n.jpeg 1440w\" sizes=\"auto, (max-width: 819px) 100vw, 819px\" \/><\/figure>\n\n\n\n<figure class=\"wp-block-image size-large\"><img loading=\"lazy\" decoding=\"async\" width=\"819\" height=\"1024\" data-id=\"17567\" src=\"https:\/\/www.diocesesaoluis.org.br\/home\/wp-content\/uploads\/2024\/06\/447693275_496575522721550_8542957181422171695_n-819x1024.jpeg\" alt=\"\" class=\"wp-image-17567\" srcset=\"https:\/\/www.diocesesaoluis.org.br\/home\/wp-content\/uploads\/2024\/06\/447693275_496575522721550_8542957181422171695_n-819x1024.jpeg 819w, https:\/\/www.diocesesaoluis.org.br\/home\/wp-content\/uploads\/2024\/06\/447693275_496575522721550_8542957181422171695_n-240x300.jpeg 240w, https:\/\/www.diocesesaoluis.org.br\/home\/wp-content\/uploads\/2024\/06\/447693275_496575522721550_8542957181422171695_n-120x150.jpeg 120w, https:\/\/www.diocesesaoluis.org.br\/home\/wp-content\/uploads\/2024\/06\/447693275_496575522721550_8542957181422171695_n-1229x1536.jpeg 1229w, https:\/\/www.diocesesaoluis.org.br\/home\/wp-content\/uploads\/2024\/06\/447693275_496575522721550_8542957181422171695_n.jpeg 1440w\" sizes=\"auto, (max-width: 819px) 100vw, 819px\" \/><\/figure>\n<\/figure>\n\n\n<div class=\"wp-block-image\">\n<figure class=\"aligncenter size-large is-resized\"><img loading=\"lazy\" decoding=\"async\" width=\"819\" height=\"1024\" src=\"https:\/\/www.diocesesaoluis.org.br\/home\/wp-content\/uploads\/2024\/06\/447651387_496575516054884_9178746329926024838_n-819x1024.jpeg\" alt=\"\" class=\"wp-image-17565\" style=\"width:429px;height:auto\" srcset=\"https:\/\/www.diocesesaoluis.org.br\/home\/wp-content\/uploads\/2024\/06\/447651387_496575516054884_9178746329926024838_n-819x1024.jpeg 819w, https:\/\/www.diocesesaoluis.org.br\/home\/wp-content\/uploads\/2024\/06\/447651387_496575516054884_9178746329926024838_n-240x300.jpeg 240w, https:\/\/www.diocesesaoluis.org.br\/home\/wp-content\/uploads\/2024\/06\/447651387_496575516054884_9178746329926024838_n-120x150.jpeg 120w, https:\/\/www.diocesesaoluis.org.br\/home\/wp-content\/uploads\/2024\/06\/447651387_496575516054884_9178746329926024838_n-1229x1536.jpeg 1229w, https:\/\/www.diocesesaoluis.org.br\/home\/wp-content\/uploads\/2024\/06\/447651387_496575516054884_9178746329926024838_n.jpeg 1440w\" sizes=\"auto, (max-width: 819px) 100vw, 819px\" \/><\/figure><\/div>","protected":false},"excerpt":{"rendered":"<p>A Diocese de S\u00e3o Lu\u00eds de Montes Belos realizar\u00e1 no dia 30 de junho deste ano, a Missa de institui\u00e7\u00e3o do Minist\u00e9rio de Catequista, onde mais de 200 catequistas das quatro Foranias da nossa Diocese ir\u00e3o receber o Minist\u00e9rio. O Minist\u00e9rio Laical de Catequista foi institu\u00eddo pelo Papa Francisco no ano de 2021. Na ocasi\u00e3o<span class=\"read-more arrow\"><a href=\"https:\/\/www.diocesesaoluis.org.br\/home\/2024\/06\/28\/catequistas-serao-instituidos-no-ministerio-de-catequista\/\" title=\"Read More\">&rarr;<\/a><\/span><\/p>\n","protected":false},"author":2,"featured_media":17445,"comment_status":"closed","ping_status":"open","sticky":false,"template":"","format":"standard","meta":{"ub_ctt_via":"","footnotes":""},"categories":[2],"tags":[391,403],"class_list":{"0":"post-17636","1":"post","2":"type-post","3":"status-publish","4":"format-standard","5":"has-post-thumbnail","7":"category-pascom","8":"tag-departamento-de-catequese","9":"tag-ministerio-de-catequista"},"featured_image_src":"https:\/\/www.diocesesaoluis.org.br\/home\/wp-content\/uploads\/2024\/05\/Banners-site.png","author_info":{"display_name":false,"author_link":"https:\/\/www.diocesesaoluis.org.br\/home\/author\/lucas\/"},"_links":{"self":[{"href":"https:\/\/www.diocesesaoluis.org.br\/home\/wp-json\/wp\/v2\/posts\/17636","targetHints":{"allow":["GET"]}}],"collection":[{"href":"https:\/\/www.diocesesaoluis.org.br\/home\/wp-json\/wp\/v2\/posts"}],"about":[{"href":"https:\/\/www.diocesesaoluis.org.br\/home\/wp-json\/wp\/v2\/types\/post"}],"author":[{"embeddable":true,"href":"https:\/\/www.diocesesaoluis.org.br\/home\/wp-json\/wp\/v2\/users\/2"}],"replies":[{"embeddable":true,"href":"https:\/\/www.diocesesaoluis.org.br\/home\/wp-json\/wp\/v2\/comments?post=17636"}],"version-history":[{"count":1,"href":"https:\/\/www.diocesesaoluis.org.br\/home\/wp-json\/wp\/v2\/posts\/17636\/revisions"}],"predecessor-version":[{"id":17638,"href":"https:\/\/www.diocesesaoluis.org.br\/home\/wp-json\/wp\/v2\/posts\/17636\/revisions\/17638"}],"wp:featuredmedia":[{"embeddable":true,"href":"https:\/\/www.diocesesaoluis.org.br\/home\/wp-json\/wp\/v2\/media\/17445"}],"wp:attachment":[{"href":"https:\/\/www.diocesesaoluis.org.br\/home\/wp-json\/wp\/v2\/media?parent=17636"}],"wp:term":[{"taxonomy":"category","embeddable":true,"href":"https:\/\/www.diocesesaoluis.org.br\/home\/wp-json\/wp\/v2\/categories?post=17636"},{"taxonomy":"post_tag","embeddable":true,"href":"https:\/\/www.diocesesaoluis.org.br\/home\/wp-json\/wp\/v2\/tags?post=17636"}],"curies":[{"name":"wp","href":"https:\/\/api.w.org\/{rel}","templated":true}]}}