{"id":17494,"date":"2024-05-14T22:50:00","date_gmt":"2024-05-15T01:50:00","guid":{"rendered":"https:\/\/www.diocesesaoluis.org.br\/home\/?p=17494"},"modified":"2024-06-04T11:12:20","modified_gmt":"2024-06-04T14:12:20","slug":"papa-francisco-envia-por-meio-da-esmolaria-apostolica-100-mil-euros-para-os-atingidos-pelas-enchentes-no-rs","status":"publish","type":"post","link":"https:\/\/www.diocesesaoluis.org.br\/home\/2024\/05\/14\/papa-francisco-envia-por-meio-da-esmolaria-apostolica-100-mil-euros-para-os-atingidos-pelas-enchentes-no-rs\/","title":{"rendered":"PAPA FRANCISCO ENVIA, POR MEIO DA ESMOLARIA APOST\u00d3LICA, 100 MIL EUROS PARA OS ATINGIDOS PELAS ENCHENTES NO RS"},"content":{"rendered":"\n<p>\u201cFomos informados atrav\u00e9s da Nunciatura Apost\u00f3lica de que o Santo Padre destinou um valor substancial, atrav\u00e9s da Esmolaria Apost\u00f3lica, para aux\u00edlio dos desabrigados. Este valor foi em torno de 100 mil euros e ser\u00e1 repassado para o Regional Sul 3 da Confer\u00eancia Nacional dos Bispos do Brasil, o regional que abrange todo o Rio Grande do Sul, para ajudar no que for poss\u00edvel.\u201d Essas s\u00e3o as palavras de dom Jaime Spengler, arcebispo de Porto Alegre e presidente da Confer\u00eancia Nacional dos Bispos do Brasil (CNBB), na manh\u00e3 desta quinta-feira, 09 de maio, ao Vatican News.<\/p>\n\n\n\n<h3 class=\"wp-block-heading\">A preocupa\u00e7\u00e3o do Papa Francisco<\/h3>\n\n\n\n<p>Ao final do Regina Caeli do \u00faltimo domingo (05\/05), o Pont\u00edfice j\u00e1 havia manifestado sua solidariedade aos afetados pelas fortes chuvas no Rio Grande do Sul:<\/p>\n\n\n\n<blockquote class=\"wp-block-quote is-layout-flow wp-block-quote-is-layout-flow\">\n<p>\u201cQuero assegurar a minha ora\u00e7\u00e3o pelas popula\u00e7\u00f5es do Estado do Rio Grande do Sul, no Brasil, atingidas por grandes inunda\u00e7\u00f5es. Que o Senhor acolha os mortos e conforte os familiares e quem teve que abandonar suas casas.\u201d<\/p>\n<\/blockquote>\n\n\n\n<p>Proximidade que se transformou em uma ajuda concreta, conforme confirmado por dom Jaime Spengler. O valor doado pelo Papa Francisco, na moeda local do Brasil, ultrapassa os 500 mil reais, recurso que ser\u00e1 gerido pelo Regional da CNBB Sul 3 e que ser\u00e1 de grande ajuda ao povo ga\u00facho.<\/p>\n\n\n\n<h3 class=\"wp-block-heading\">Os \u00faltimos dados<\/h3>\n\n\n\n<p>Em todo o estado, 425 munic\u00edpios foram atingidos, com 107 mortes confirmadas at\u00e9 a manh\u00e3 desta quinta-feira (09\/05), al\u00e9m de 136 desaparecidos, 374 feridos, 164.583 desalojados e 67.542 pessoas em abrigos, 1.476.170 de atingidos. Esses n\u00fameros, que est\u00e3o em constante atualiza\u00e7\u00e3o, refletem as inunda\u00e7\u00f5es sem precedentes que atingiram o Rio Grande do Sul, em meio a novos epis\u00f3dios de chuvas intensas e previs\u00f5es de ventos fortes, juntamente com a chegada do frio. O Aeroporto Salgado Filho em Porto Alegre, inundado pelas \u00e1guas, permanece fechado at\u00e9 o dia 30 de maio.<\/p>\n\n\n\n<h3 class=\"wp-block-heading\">O trabalho extraordin\u00e1rio de tantos volunt\u00e1rios<\/h3>\n\n\n\n<p>Dom Jaime relata que em Porto Alegre, capital do estado, \u201co n\u00edvel das \u00e1guas quase n\u00e3o baixou, e nas \u00e1reas baixas da cidade, as inunda\u00e7\u00f5es continuam a subir\u201d. No entanto, a solidariedade das pessoas tem sido de grande ajuda:<\/p>\n\n\n\n<blockquote class=\"wp-block-quote is-layout-flow wp-block-quote-is-layout-flow\">\n<p>\u201cVisitei v\u00e1rios locais onde os desabrigados est\u00e3o sendo acolhidos, e \u00e9 verdadeiramente um trabalho extraordin\u00e1rio realizado por tantos volunt\u00e1rios, juntamente com as nossas comunidades. \u00c9 um trabalho muito bonito.\u201d<\/p>\n<\/blockquote>\n\n\n\n<p>O arcebispo descreve tamb\u00e9m que \u201cna parte sul do estado, na regi\u00e3o de Pelotas e Rio Grande, quase na fronteira com o Uruguai, est\u00e3o enfrentando as consequ\u00eancias das \u00e1guas que est\u00e3o chegando \u00e0quela regi\u00e3o\u201d. L\u00e1, eles tiveram tempo para se preparar para isso, completa o presidente da CNBB, \u201cent\u00e3o, de alguma forma pode-se dizer que eles est\u00e3o numa situa\u00e7\u00e3o um pouco melhor, mas choveu muito naquela regi\u00e3o, e isso certamente contribuir\u00e1 para o sofrimento ainda maior daquela popula\u00e7\u00e3o\u201d.<\/p>\n\n\n\n<p>Fonte: CNBB<\/p>\n","protected":false},"excerpt":{"rendered":"<p>\u201cFomos informados atrav\u00e9s da Nunciatura Apost\u00f3lica de que o Santo Padre destinou um valor substancial, atrav\u00e9s da Esmolaria Apost\u00f3lica, para aux\u00edlio dos desabrigados. Este valor foi em torno de 100 mil euros e ser\u00e1 repassado para o Regional Sul 3 da Confer\u00eancia Nacional dos Bispos do Brasil, o regional que abrange todo o Rio Grande<span class=\"read-more arrow\"><a href=\"https:\/\/www.diocesesaoluis.org.br\/home\/2024\/05\/14\/papa-francisco-envia-por-meio-da-esmolaria-apostolica-100-mil-euros-para-os-atingidos-pelas-enchentes-no-rs\/\" title=\"Read More\">&rarr;<\/a><\/span><\/p>\n","protected":false},"author":2,"featured_media":17496,"comment_status":"closed","ping_status":"open","sticky":false,"template":"","format":"standard","meta":{"ub_ctt_via":"","footnotes":""},"categories":[2],"tags":[261,438,395,254],"class_list":{"0":"post-17494","1":"post","2":"type-post","3":"status-publish","4":"format-standard","5":"has-post-thumbnail","7":"category-pascom","8":"tag-caridade","9":"tag-enchentes-rs","10":"tag-igreja-no-brasil","11":"tag-papa-francisco"},"featured_image_src":"https:\/\/www.diocesesaoluis.org.br\/home\/wp-content\/uploads\/2024\/05\/PRF-POA.jpeg","author_info":{"display_name":false,"author_link":"https:\/\/www.diocesesaoluis.org.br\/home\/author\/lucas\/"},"_links":{"self":[{"href":"https:\/\/www.diocesesaoluis.org.br\/home\/wp-json\/wp\/v2\/posts\/17494","targetHints":{"allow":["GET"]}}],"collection":[{"href":"https:\/\/www.diocesesaoluis.org.br\/home\/wp-json\/wp\/v2\/posts"}],"about":[{"href":"https:\/\/www.diocesesaoluis.org.br\/home\/wp-json\/wp\/v2\/types\/post"}],"author":[{"embeddable":true,"href":"https:\/\/www.diocesesaoluis.org.br\/home\/wp-json\/wp\/v2\/users\/2"}],"replies":[{"embeddable":true,"href":"https:\/\/www.diocesesaoluis.org.br\/home\/wp-json\/wp\/v2\/comments?post=17494"}],"version-history":[{"count":2,"href":"https:\/\/www.diocesesaoluis.org.br\/home\/wp-json\/wp\/v2\/posts\/17494\/revisions"}],"predecessor-version":[{"id":17497,"href":"https:\/\/www.diocesesaoluis.org.br\/home\/wp-json\/wp\/v2\/posts\/17494\/revisions\/17497"}],"wp:featuredmedia":[{"embeddable":true,"href":"https:\/\/www.diocesesaoluis.org.br\/home\/wp-json\/wp\/v2\/media\/17496"}],"wp:attachment":[{"href":"https:\/\/www.diocesesaoluis.org.br\/home\/wp-json\/wp\/v2\/media?parent=17494"}],"wp:term":[{"taxonomy":"category","embeddable":true,"href":"https:\/\/www.diocesesaoluis.org.br\/home\/wp-json\/wp\/v2\/categories?post=17494"},{"taxonomy":"post_tag","embeddable":true,"href":"https:\/\/www.diocesesaoluis.org.br\/home\/wp-json\/wp\/v2\/tags?post=17494"}],"curies":[{"name":"wp","href":"https:\/\/api.w.org\/{rel}","templated":true}]}}