{"id":17410,"date":"2024-05-02T23:16:40","date_gmt":"2024-05-03T02:16:40","guid":{"rendered":"https:\/\/www.diocesesaoluis.org.br\/home\/?p=17410"},"modified":"2024-05-14T22:59:45","modified_gmt":"2024-05-15T01:59:45","slug":"comissao-organizadora-se-reune-em-preparacao-para-a-romaria-da-terra-e-das-aguas-que-acontecera-em-2027","status":"publish","type":"post","link":"https:\/\/www.diocesesaoluis.org.br\/home\/2024\/05\/02\/comissao-organizadora-se-reune-em-preparacao-para-a-romaria-da-terra-e-das-aguas-que-acontecera-em-2027\/","title":{"rendered":"Comiss\u00e3o organizadora se re\u00fane em prepara\u00e7\u00e3o para a Romaria da Terra e das \u00c1guas, que acontecer\u00e1 em 2027"},"content":{"rendered":"\n<p>Na \u00faltima ter\u00e7a-feira (30\/04), Dom Lindomar Rocha se reuniu com membros da comiss\u00e3o organizadora da Tomaria da Terra e das \u00c1guas e representantes da CPTM estadual. O objetivo foi continuar discutindo os preparativos para a Romaria, a fim de que seja um momento de reflex\u00e3o profunda sobre os recursos naturais. A pr\u00f3xima Romaria acontecer\u00e1 em nossa Diocese, na cidade de Aragar\u00e7as, em 2027.<\/p>\n\n\n<div class=\"wp-block-image\">\n<figure class=\"aligncenter size-large is-resized\"><img loading=\"lazy\" decoding=\"async\" width=\"1024\" height=\"768\" src=\"https:\/\/www.diocesesaoluis.org.br\/home\/wp-content\/uploads\/2024\/05\/6c3767e1-032d-45a0-bf1e-8ef92dc0e4da-1024x768.jpeg\" alt=\"\" class=\"wp-image-17411\" style=\"width:554px;height:auto\" srcset=\"https:\/\/www.diocesesaoluis.org.br\/home\/wp-content\/uploads\/2024\/05\/6c3767e1-032d-45a0-bf1e-8ef92dc0e4da-1024x768.jpeg 1024w, https:\/\/www.diocesesaoluis.org.br\/home\/wp-content\/uploads\/2024\/05\/6c3767e1-032d-45a0-bf1e-8ef92dc0e4da-300x225.jpeg 300w, https:\/\/www.diocesesaoluis.org.br\/home\/wp-content\/uploads\/2024\/05\/6c3767e1-032d-45a0-bf1e-8ef92dc0e4da-150x113.jpeg 150w, https:\/\/www.diocesesaoluis.org.br\/home\/wp-content\/uploads\/2024\/05\/6c3767e1-032d-45a0-bf1e-8ef92dc0e4da-1536x1152.jpeg 1536w, https:\/\/www.diocesesaoluis.org.br\/home\/wp-content\/uploads\/2024\/05\/6c3767e1-032d-45a0-bf1e-8ef92dc0e4da-2048x1536.jpeg 2048w\" sizes=\"auto, (max-width: 1024px) 100vw, 1024px\" \/><\/figure><\/div>","protected":false},"excerpt":{"rendered":"<p>Na \u00faltima ter\u00e7a-feira (30\/04), Dom Lindomar Rocha se reuniu com membros da comiss\u00e3o organizadora da Tomaria da Terra e das \u00c1guas e representantes da CPTM estadual. O objetivo foi continuar discutindo os preparativos para a Romaria, a fim de que seja um momento de reflex\u00e3o profunda sobre os recursos naturais. A pr\u00f3xima Romaria acontecer\u00e1 em<span class=\"read-more arrow\"><a href=\"https:\/\/www.diocesesaoluis.org.br\/home\/2024\/05\/02\/comissao-organizadora-se-reune-em-preparacao-para-a-romaria-da-terra-e-das-aguas-que-acontecera-em-2027\/\" title=\"Read More\">&rarr;<\/a><\/span><\/p>\n","protected":false},"author":2,"featured_media":17412,"comment_status":"closed","ping_status":"open","sticky":false,"template":"","format":"standard","meta":{"ub_ctt_via":"","footnotes":""},"categories":[6,2],"tags":[437],"class_list":{"0":"post-17410","1":"post","2":"type-post","3":"status-publish","4":"format-standard","5":"has-post-thumbnail","7":"category-bispo-diocesano","8":"category-pascom","9":"tag-romaria-da-terra-e-das-aguas"},"featured_image_src":"https:\/\/www.diocesesaoluis.org.br\/home\/wp-content\/uploads\/2024\/05\/46a239c3-0233-45d8-8241-40fa4d64e56b-scaled.jpeg","author_info":{"display_name":false,"author_link":"https:\/\/www.diocesesaoluis.org.br\/home\/author\/lucas\/"},"_links":{"self":[{"href":"https:\/\/www.diocesesaoluis.org.br\/home\/wp-json\/wp\/v2\/posts\/17410","targetHints":{"allow":["GET"]}}],"collection":[{"href":"https:\/\/www.diocesesaoluis.org.br\/home\/wp-json\/wp\/v2\/posts"}],"about":[{"href":"https:\/\/www.diocesesaoluis.org.br\/home\/wp-json\/wp\/v2\/types\/post"}],"author":[{"embeddable":true,"href":"https:\/\/www.diocesesaoluis.org.br\/home\/wp-json\/wp\/v2\/users\/2"}],"replies":[{"embeddable":true,"href":"https:\/\/www.diocesesaoluis.org.br\/home\/wp-json\/wp\/v2\/comments?post=17410"}],"version-history":[{"count":1,"href":"https:\/\/www.diocesesaoluis.org.br\/home\/wp-json\/wp\/v2\/posts\/17410\/revisions"}],"predecessor-version":[{"id":17413,"href":"https:\/\/www.diocesesaoluis.org.br\/home\/wp-json\/wp\/v2\/posts\/17410\/revisions\/17413"}],"wp:featuredmedia":[{"embeddable":true,"href":"https:\/\/www.diocesesaoluis.org.br\/home\/wp-json\/wp\/v2\/media\/17412"}],"wp:attachment":[{"href":"https:\/\/www.diocesesaoluis.org.br\/home\/wp-json\/wp\/v2\/media?parent=17410"}],"wp:term":[{"taxonomy":"category","embeddable":true,"href":"https:\/\/www.diocesesaoluis.org.br\/home\/wp-json\/wp\/v2\/categories?post=17410"},{"taxonomy":"post_tag","embeddable":true,"href":"https:\/\/www.diocesesaoluis.org.br\/home\/wp-json\/wp\/v2\/tags?post=17410"}],"curies":[{"name":"wp","href":"https:\/\/api.w.org\/{rel}","templated":true}]}}