{"id":17327,"date":"2024-04-04T08:40:27","date_gmt":"2024-04-04T11:40:27","guid":{"rendered":"https:\/\/www.diocesesaoluis.org.br\/home\/?p=17327"},"modified":"2024-05-10T08:59:24","modified_gmt":"2024-05-10T11:59:24","slug":"disponibilizada-a-sintese-das-contribuicoes-da-diocese-para-a-segunda-sessao-do-sinodo","status":"publish","type":"post","link":"https:\/\/www.diocesesaoluis.org.br\/home\/2024\/04\/04\/disponibilizada-a-sintese-das-contribuicoes-da-diocese-para-a-segunda-sessao-do-sinodo\/","title":{"rendered":"Disponibilizada a S\u00edntese das contribui\u00e7\u00f5es da Diocese para a Segunda Sess\u00e3o do S\u00ednodo"},"content":{"rendered":"\n<p>Seguindo as orienta\u00e7\u00f5es da Secretaria Geral do S\u00ednodo, nossa Diocese divulga o documento com a s\u00edntese das contribui\u00e7\u00f5es para a Segunda Sess\u00e3o do S\u00ednodo, a ser realizada em outubro. Acesse o documento,<strong><a href=\"https:\/\/www.diocesesaoluis.org.br\/home\/wp-content\/uploads\/2024\/04\/Documento-CONTRIBUICOES-A-SEGUNDA-SESSAO.pdf\" data-type=\"link\" data-id=\"https:\/\/www.diocesesaoluis.org.br\/home\/wp-content\/uploads\/2024\/04\/Documento-CONTRIBUICOES-A-SEGUNDA-SESSAO.pdf\" target=\"_blank\" rel=\"noreferrer noopener\"> clique aqui.<\/a><\/strong><\/p>\n\n\n\n<p class=\"has-medium-font-size\"><strong>As orienta\u00e7\u00f5es para a Segunda Sess\u00e3o do S\u00ednodo<\/strong><\/p>\n\n\n\n<p>Na ter\u00e7a-feira, 12 de dezembro de 2023, a Secretaria Geral do\u00a0S\u00ednodo\u00a0publicou indica\u00e7\u00f5es sobre os passos a dar nos meses que nos separam da segunda sess\u00e3o da XVI Assembleia Geral Ordin\u00e1ria do S\u00ednodo dos bispos, que decorrer\u00e1 em Roma no m\u00eas de outubro de 2024.<\/p>\n\n\n\n<p>Seguindo o esp\u00edrito do tema do S\u00ednodo \u201cPor uma Igreja sinodal: comunh\u00e3o, participa\u00e7\u00e3o e miss\u00e3o\u201d, para as Igrejas locais e Confer\u00eancias Episcopais \u00e9 lan\u00e7ada uma pergunta orientadora para aprofundar a tem\u00e1tica: como ser Igreja sinodal em miss\u00e3o?<\/p>\n\n\n\n<p>Uma orienta\u00e7\u00e3o \u00e0 qual se juntam dois n\u00edveis de aprofundamento: primeiramente, ao n\u00edvel de cada Igreja local propondo uma reflex\u00e3o sobre como valorizar a corresponsabilidade diferenciada na miss\u00e3o de todos os membros do Povo de Deus. E depois, ao n\u00edvel das rela\u00e7\u00f5es entre Igrejas, entre grupos de Igrejas e com o bispo de Roma, pensar em como articular criativamente estas rela\u00e7\u00f5es para encontrar um equil\u00edbrio din\u00e2mico entre a dimens\u00e3o da Igreja no seu conjunto e o seu enraizamento local.<\/p>\n\n\n\n<p>As indica\u00e7\u00f5es da Secretaria Geral do S\u00ednodo referem que \u201ccada Igreja local \u00e9 convidada a efetuar uma nova consulta, determinando as modalidades concretas com base no que parece poss\u00edvel no tempo dispon\u00edvel\u201d.<\/p>\n\n\n\n<p>Recordemos que o mote para o trabalho a desenvolver nos pr\u00f3ximos meses, lan\u00e7ado pela Carta ao Povo de Deus, publicada no final da primeira sess\u00e3o do S\u00ednodo em Roma, no passado m\u00eas de outubro, pede um dinamismo de comunh\u00e3o envolvendo todos.<\/p>\n","protected":false},"excerpt":{"rendered":"<p>Seguindo as orienta\u00e7\u00f5es da Secretaria Geral do S\u00ednodo, nossa Diocese divulga o documento com a s\u00edntese das contribui\u00e7\u00f5es para a Segunda Sess\u00e3o do S\u00ednodo, a ser realizada em outubro. Acesse o documento, clique aqui. As orienta\u00e7\u00f5es para a Segunda Sess\u00e3o do S\u00ednodo Na ter\u00e7a-feira, 12 de dezembro de 2023, a Secretaria Geral do\u00a0S\u00ednodo\u00a0publicou indica\u00e7\u00f5es sobre<span class=\"read-more arrow\"><a href=\"https:\/\/www.diocesesaoluis.org.br\/home\/2024\/04\/04\/disponibilizada-a-sintese-das-contribuicoes-da-diocese-para-a-segunda-sessao-do-sinodo\/\" title=\"Read More\">&rarr;<\/a><\/span><\/p>\n","protected":false},"author":2,"featured_media":17328,"comment_status":"closed","ping_status":"open","sticky":false,"template":"","format":"standard","meta":{"ub_ctt_via":"","footnotes":""},"categories":[354],"tags":[361],"class_list":{"0":"post-17327","1":"post","2":"type-post","3":"status-publish","4":"format-standard","5":"has-post-thumbnail","7":"category-sinodo","8":"tag-sinodo"},"featured_image_src":"https:\/\/www.diocesesaoluis.org.br\/home\/wp-content\/uploads\/2024\/04\/61-SINODO-915x440-1.jpg","author_info":{"display_name":false,"author_link":"https:\/\/www.diocesesaoluis.org.br\/home\/author\/lucas\/"},"_links":{"self":[{"href":"https:\/\/www.diocesesaoluis.org.br\/home\/wp-json\/wp\/v2\/posts\/17327","targetHints":{"allow":["GET"]}}],"collection":[{"href":"https:\/\/www.diocesesaoluis.org.br\/home\/wp-json\/wp\/v2\/posts"}],"about":[{"href":"https:\/\/www.diocesesaoluis.org.br\/home\/wp-json\/wp\/v2\/types\/post"}],"author":[{"embeddable":true,"href":"https:\/\/www.diocesesaoluis.org.br\/home\/wp-json\/wp\/v2\/users\/2"}],"replies":[{"embeddable":true,"href":"https:\/\/www.diocesesaoluis.org.br\/home\/wp-json\/wp\/v2\/comments?post=17327"}],"version-history":[{"count":1,"href":"https:\/\/www.diocesesaoluis.org.br\/home\/wp-json\/wp\/v2\/posts\/17327\/revisions"}],"predecessor-version":[{"id":17329,"href":"https:\/\/www.diocesesaoluis.org.br\/home\/wp-json\/wp\/v2\/posts\/17327\/revisions\/17329"}],"wp:featuredmedia":[{"embeddable":true,"href":"https:\/\/www.diocesesaoluis.org.br\/home\/wp-json\/wp\/v2\/media\/17328"}],"wp:attachment":[{"href":"https:\/\/www.diocesesaoluis.org.br\/home\/wp-json\/wp\/v2\/media?parent=17327"}],"wp:term":[{"taxonomy":"category","embeddable":true,"href":"https:\/\/www.diocesesaoluis.org.br\/home\/wp-json\/wp\/v2\/categories?post=17327"},{"taxonomy":"post_tag","embeddable":true,"href":"https:\/\/www.diocesesaoluis.org.br\/home\/wp-json\/wp\/v2\/tags?post=17327"}],"curies":[{"name":"wp","href":"https:\/\/api.w.org\/{rel}","templated":true}]}}