{"id":17195,"date":"2024-02-05T09:23:00","date_gmt":"2024-02-05T12:23:00","guid":{"rendered":"https:\/\/www.diocesesaoluis.org.br\/home\/?p=17195"},"modified":"2024-03-11T10:54:36","modified_gmt":"2024-03-11T13:54:36","slug":"seminaristas-da-arquidiocese-de-diamantina-chegam-para-experiencia-missionaria","status":"publish","type":"post","link":"https:\/\/www.diocesesaoluis.org.br\/home\/2024\/02\/05\/seminaristas-da-arquidiocese-de-diamantina-chegam-para-experiencia-missionaria\/","title":{"rendered":"Seminaristas da Arquidiocese de Diamantina chegam para experi\u00eancia mission\u00e1ria"},"content":{"rendered":"\n<p>No dia 05 de fevereiro chegaram em nossa Diocese sete seminaristas da Arquidiocese de Diamantina (MG), que conclu\u00edram os estudos no ano passado. Eles foram acolhidos por Dom Lindomar Rocha e pelo Pe. Eduardo, reitor do Semin\u00e1rio Maior. Os seminaristas ser\u00e3o enviados para algumas de nossas par\u00f3quias, para uma experi\u00eancia mission\u00e1ria, que tem por finalidade conhecer nossas comunidades paroquiais, celebrar e rezar junto com os fi\u00e9is.<\/p>\n\n\n\n<figure class=\"wp-block-gallery aligncenter columns-2 is-cropped wp-block-gallery-1 is-layout-flex wp-block-gallery-is-layout-flex\"><ul class=\"blocks-gallery-grid\"><li class=\"blocks-gallery-item\"><figure><img loading=\"lazy\" decoding=\"async\" width=\"1024\" height=\"768\" src=\"https:\/\/www.diocesesaoluis.org.br\/home\/wp-content\/uploads\/2024\/02\/IMG-20240205-WA0049-1024x768.jpg\" alt=\"\" data-id=\"17193\" data-full-url=\"https:\/\/www.diocesesaoluis.org.br\/home\/wp-content\/uploads\/2024\/02\/IMG-20240205-WA0049.jpg\" data-link=\"https:\/\/www.diocesesaoluis.org.br\/home\/img-20240205-wa0049\/\" class=\"wp-image-17193\" srcset=\"https:\/\/www.diocesesaoluis.org.br\/home\/wp-content\/uploads\/2024\/02\/IMG-20240205-WA0049-1024x768.jpg 1024w, https:\/\/www.diocesesaoluis.org.br\/home\/wp-content\/uploads\/2024\/02\/IMG-20240205-WA0049-300x225.jpg 300w, https:\/\/www.diocesesaoluis.org.br\/home\/wp-content\/uploads\/2024\/02\/IMG-20240205-WA0049-150x113.jpg 150w, https:\/\/www.diocesesaoluis.org.br\/home\/wp-content\/uploads\/2024\/02\/IMG-20240205-WA0049.jpg 1280w\" sizes=\"auto, (max-width: 1024px) 100vw, 1024px\" \/><\/figure><\/li><li class=\"blocks-gallery-item\"><figure><img loading=\"lazy\" decoding=\"async\" width=\"1024\" height=\"768\" src=\"https:\/\/www.diocesesaoluis.org.br\/home\/wp-content\/uploads\/2024\/02\/IMG-20240205-WA0048-1024x768.jpg\" alt=\"\" data-id=\"17192\" data-full-url=\"https:\/\/www.diocesesaoluis.org.br\/home\/wp-content\/uploads\/2024\/02\/IMG-20240205-WA0048.jpg\" data-link=\"https:\/\/www.diocesesaoluis.org.br\/home\/img-20240205-wa0048\/\" class=\"wp-image-17192\" srcset=\"https:\/\/www.diocesesaoluis.org.br\/home\/wp-content\/uploads\/2024\/02\/IMG-20240205-WA0048-1024x768.jpg 1024w, https:\/\/www.diocesesaoluis.org.br\/home\/wp-content\/uploads\/2024\/02\/IMG-20240205-WA0048-300x225.jpg 300w, https:\/\/www.diocesesaoluis.org.br\/home\/wp-content\/uploads\/2024\/02\/IMG-20240205-WA0048-150x113.jpg 150w, https:\/\/www.diocesesaoluis.org.br\/home\/wp-content\/uploads\/2024\/02\/IMG-20240205-WA0048.jpg 1280w\" sizes=\"auto, (max-width: 1024px) 100vw, 1024px\" \/><\/figure><\/li><\/ul><\/figure>\n","protected":false},"excerpt":{"rendered":"<p>No dia 05 de fevereiro chegaram em nossa Diocese sete seminaristas da Arquidiocese de Diamantina (MG), que conclu\u00edram os estudos no ano passado. Eles foram acolhidos por Dom Lindomar Rocha e pelo Pe. Eduardo, reitor do Semin\u00e1rio Maior. Os seminaristas ser\u00e3o enviados para algumas de nossas par\u00f3quias, para uma experi\u00eancia mission\u00e1ria, que tem por finalidade<span class=\"read-more arrow\"><a href=\"https:\/\/www.diocesesaoluis.org.br\/home\/2024\/02\/05\/seminaristas-da-arquidiocese-de-diamantina-chegam-para-experiencia-missionaria\/\" title=\"Read More\">&rarr;<\/a><\/span><\/p>\n","protected":false},"author":2,"featured_media":17194,"comment_status":"closed","ping_status":"open","sticky":false,"template":"","format":"standard","meta":{"ub_ctt_via":"","footnotes":""},"categories":[6,2],"tags":[427,428,222],"class_list":{"0":"post-17195","1":"post","2":"type-post","3":"status-publish","4":"format-standard","5":"has-post-thumbnail","7":"category-bispo-diocesano","8":"category-pascom","9":"tag-arquidiocese-de-diamantina","10":"tag-missao","11":"tag-seminaristas"},"featured_image_src":"https:\/\/www.diocesesaoluis.org.br\/home\/wp-content\/uploads\/2024\/02\/IMG-20240205-WA0050.jpg","author_info":{"display_name":false,"author_link":"https:\/\/www.diocesesaoluis.org.br\/home\/author\/lucas\/"},"_links":{"self":[{"href":"https:\/\/www.diocesesaoluis.org.br\/home\/wp-json\/wp\/v2\/posts\/17195","targetHints":{"allow":["GET"]}}],"collection":[{"href":"https:\/\/www.diocesesaoluis.org.br\/home\/wp-json\/wp\/v2\/posts"}],"about":[{"href":"https:\/\/www.diocesesaoluis.org.br\/home\/wp-json\/wp\/v2\/types\/post"}],"author":[{"embeddable":true,"href":"https:\/\/www.diocesesaoluis.org.br\/home\/wp-json\/wp\/v2\/users\/2"}],"replies":[{"embeddable":true,"href":"https:\/\/www.diocesesaoluis.org.br\/home\/wp-json\/wp\/v2\/comments?post=17195"}],"version-history":[{"count":1,"href":"https:\/\/www.diocesesaoluis.org.br\/home\/wp-json\/wp\/v2\/posts\/17195\/revisions"}],"predecessor-version":[{"id":17196,"href":"https:\/\/www.diocesesaoluis.org.br\/home\/wp-json\/wp\/v2\/posts\/17195\/revisions\/17196"}],"wp:featuredmedia":[{"embeddable":true,"href":"https:\/\/www.diocesesaoluis.org.br\/home\/wp-json\/wp\/v2\/media\/17194"}],"wp:attachment":[{"href":"https:\/\/www.diocesesaoluis.org.br\/home\/wp-json\/wp\/v2\/media?parent=17195"}],"wp:term":[{"taxonomy":"category","embeddable":true,"href":"https:\/\/www.diocesesaoluis.org.br\/home\/wp-json\/wp\/v2\/categories?post=17195"},{"taxonomy":"post_tag","embeddable":true,"href":"https:\/\/www.diocesesaoluis.org.br\/home\/wp-json\/wp\/v2\/tags?post=17195"}],"curies":[{"name":"wp","href":"https:\/\/api.w.org\/{rel}","templated":true}]}}