{"id":17150,"date":"2024-02-02T17:13:23","date_gmt":"2024-02-02T20:13:23","guid":{"rendered":"https:\/\/www.diocesesaoluis.org.br\/home\/?p=17150"},"modified":"2024-02-19T09:11:06","modified_gmt":"2024-02-19T12:11:06","slug":"quaresma-2024-em-mensagem-papa-afirma-que-a-quaresma-e-tempo-da-graca-na-qual-o-deserto-volta-a-ser-lugar-do-primeiro-amor","status":"publish","type":"post","link":"https:\/\/www.diocesesaoluis.org.br\/home\/2024\/02\/02\/quaresma-2024-em-mensagem-papa-afirma-que-a-quaresma-e-tempo-da-graca-na-qual-o-deserto-volta-a-ser-lugar-do-primeiro-amor\/","title":{"rendered":"QUARESMA 2024: EM MENSAGEM, PAPA AFIRMA QUE A QUARESMA \u00c9 TEMPO DA GRA\u00c7A NA QUAL O DESERTO VOLTA A SER LUGAR DO PRIMEIRO AMOR"},"content":{"rendered":"\n<p>Foi divulgada, nesta quinta-feira (1\u00b0\/02), a mensagem do Papa Francisco para a&nbsp;<a href=\"https:\/\/www.vatican.va\/content\/francesco\/pt\/messages\/lent\/documents\/20231203-messaggio-quaresima2024.html\" target=\"_blank\" rel=\"noreferrer noopener\">Quaresma 2024<\/a>&nbsp;sobre o tema \u201cAtrav\u00e9s do deserto, Deus guia-nos para a liberdade\u201d. Na mensagem, Francisco reconhece que a humanidade de hoje atingiu \u201cn\u00edveis de desenvolvimento cient\u00edfico, t\u00e9cnico, cultural e jur\u00eddico capazes de garantir dignidade a todos\u201d, mas o risco \u00e9 que, sem rever os estilos de vida, se caia na \u201cescravid\u00e3o\u201d de pr\u00e1ticas que arru\u00ednam o planeta e alimentam as desigualdades.<\/p>\n\n\n\n<p>O Santo Padre inicia o texto com um vers\u00edculo do Livro do \u00caxodo: \u201cEu sou o Senhor, teu Deus, que te fiz sair da terra do Egito, da casa da servid\u00e3o\u201d. \u201cAssim inicia o Dec\u00e1logo dado a Mois\u00e9s no Monte Sinai\u201d, escreve o Papa, acrescentando que \u201cquando o nosso Deus se revela, comunica liberdade\u201d.<\/p>\n\n\n\n<h3 class=\"wp-block-heading\">Deserto, lugar do primeiro amor<\/h3>\n\n\n\n<p>\u201cO povo sabe bem de que \u00eaxodo Deus est\u00e1 falando: traz ainda gravada na sua carne a experi\u00eancia da escravid\u00e3o. Como Israel no deserto tinha ainda dentro de si o Egito, tamb\u00e9m hoje o povo de Deus traz dentro de si v\u00ednculos opressivos que deve optar por abandonar. Damo-nos conta disto, quando nos falta a esperan\u00e7a e vagueamos na vida como em terra desolada, sem uma terra prometida para a qual tendermos juntos\u201d, sublinha o Papa.<\/p>\n\n\n\n<p>A seguir, Francisco recorda que \u201ca Quaresma \u00e9 o tempo de gra\u00e7a em que o deserto volta a ser \u2013 como anuncia o profeta Oseias \u2013 o lugar do primeiro amor. Deus educa o seu povo, para que saia das suas escravid\u00f5es e experimente a passagem da morte para a vida. Como um esposo, atrai-nos novamente a si e sussurra ao nosso cora\u00e7\u00e3o palavras de amor\u201d.<\/p>\n\n\n\n<h3 class=\"wp-block-heading\">Ver a realidade<\/h3>\n\n\n\n<p>\u201cO \u00eaxodo da escravid\u00e3o para a liberdade n\u00e3o \u00e9 um caminho abstrato. A fim de ser concreta tamb\u00e9m a nossa Quaresma, o primeiro passo \u00e9 querer ver a realidade. Tamb\u00e9m hoje o grito de tantos irm\u00e3os e irm\u00e3s oprimidos chega ao c\u00e9u\u201d, escreve o Pont\u00edfice. A seguir, Francisco pergunta: o grito desses nossos irm\u00e3os e irm\u00e3s \u201cchega tamb\u00e9m a n\u00f3s? Mexe conosco? Comove-nos? H\u00e1 muitos fatores que nos afastam uns dos outros, negando a fraternidade que originariamente nos une\u201d.<\/p>\n\n\n\n<p>A este prop\u00f3sito, o Papa recorda sua viagem a Lampedusa, em 8 de julho de 2013, ressaltando que \u00e0 globaliza\u00e7\u00e3o da indiferen\u00e7a ele contrap\u00f4s duas perguntas, que se tornam cada vez mais atuais: \u2018Onde est\u00e1s?\u2019 e \u2018Onde est\u00e1 o teu irm\u00e3o?\u2019. Segundo Francisco, \u201co caminho quaresmal ser\u00e1 concreto, se, voltando a ouvir tais perguntas, confessarmos que hoje ainda estamos sob o dom\u00ednio do Fara\u00f3. \u00c9 um dom\u00ednio que nos deixa exaustos e insens\u00edveis. \u00c9 um modelo de crescimento que nos divide e nos rouba o futuro. A terra, o ar e a \u00e1gua est\u00e3o polu\u00eddos por ele, mas as pr\u00f3prias almas acabam contaminadas por tal dom\u00ednio. De fato, embora a nossa liberta\u00e7\u00e3o tenha come\u00e7ado com o Batismo, permanece em n\u00f3s uma inexplic\u00e1vel nostalgia da escravid\u00e3o. \u00c9 como uma atra\u00e7\u00e3o para a seguran\u00e7a das coisas j\u00e1 vistas, em detrimento da liberdade\u201d.<\/p>\n\n\n\n<h3 class=\"wp-block-heading\">A Quaresma \u00e9 tempo de convers\u00e3o, tempo de liberdade<\/h3>\n\n\n\n<p>Segundo o Pont\u00edfice, \u201co \u00eaxodo pode ser interrompido: n\u00e3o se explicaria de outro modo porque \u00e9 que tendo uma humanidade chegado ao limiar da fraternidade universal e a n\u00edveis de progresso cient\u00edfico, t\u00e9cnico, cultural e jur\u00eddico capazes de garantir a todos a dignidade, tateie ainda na escurid\u00e3o das desigualdades e dos conflitos\u201d.<\/p>\n\n\n\n<p>\u201cDeus n\u00e3o se cansou de n\u00f3s. A Quaresma \u00e9 tempo de convers\u00e3o, tempo de liberdade. O pr\u00f3prio Jesus foi impelido pelo Esp\u00edrito para o deserto a fim de ser posto \u00e0 prova na sua liberdade. O deserto \u00e9 o espa\u00e7o onde a nossa liberdade pode amadurecer numa decis\u00e3o pessoal de n\u00e3o voltar a cair na escravid\u00e3o. Na Quaresma, encontramos novos crit\u00e9rios de ju\u00edzo e uma comunidade com a qual avan\u00e7ar por um caminho nunca percorrido\u201d, escreve ainda Francisco, ressaltando que \u201cisto comporta uma luta: assim nos dizem claramente o livro do \u00caxodo e as tenta\u00e7\u00f5es de Jesus no deserto\u201d.<\/p>\n\n\n\n<h3 class=\"wp-block-heading\">Mais tem\u00edveis que o Fara\u00f3 s\u00e3o os \u00eddolos<\/h3>\n\n\n\n<p>De acordo com Francisco, \u201cmais tem\u00edveis que o Fara\u00f3 s\u00e3o os \u00eddolos: poder\u00edamos consider\u00e1-los como a voz do inimigo dentro de n\u00f3s. Poder tudo, ser louvado por todos, levar a melhor sobre todos: todo o ser humano sente dentro de si a sedu\u00e7\u00e3o desta mentira. \u00c9 uma velha estrada. Assim podemos apegar-nos ao dinheiro, a certos projetos, ideias, objetivos, \u00e0 nossa posi\u00e7\u00e3o, a uma tradi\u00e7\u00e3o, at\u00e9 mesmo a algumas pessoas. Em vez de nos p\u00f4r em movimento, nos paralisam. Em vez de nos fazer encontrar, nos dividem\u201d.<\/p>\n\n\n\n<p>Por\u00e9m, \u201cexiste uma nova humanidade, o povo dos pequeninos e humildes que n\u00e3o cedeu ao fasc\u00ednio da mentira. Enquanto os \u00eddolos tornam mudos, cegos, surdos, im\u00f3veis aqueles que os servem, os pobres em esp\u00edrito est\u00e3o imediatamente dispon\u00edveis e prontos: uma for\u00e7a silenciosa de bem que cuida e sustenta o mundo\u201d.<\/p>\n\n\n\n<h3 class=\"wp-block-heading\">Agir \u00e9 tamb\u00e9m parar<\/h3>\n\n\n\n<p>\u201c\u00c9 tempo de agir e, na Quaresma, agir \u00e9 tamb\u00e9m parar: parar em ora\u00e7\u00e3o, para acolher a Palavra de Deus, e parar como o Samaritano na presen\u00e7a do irm\u00e3o ferido\u201d, sublinha o Papa. Segundo ele, \u201ca ora\u00e7\u00e3o, esmola e jejum n\u00e3o s\u00e3o tr\u00eas exerc\u00edcios independentes, mas um \u00fanico movimento de abertura, de esvaziamento: lancemos fora os \u00eddolos que nos tornam pesados, fora os apegos que nos aprisionam. Ent\u00e3o o cora\u00e7\u00e3o atrofiado e isolado despertar\u00e1\u201d.<\/p>\n\n\n\n<h3 class=\"wp-block-heading\">Quaresma, tempo de decis\u00f5es comunit\u00e1rias<\/h3>\n\n\n\n<p>Segundo o Papa, \u201ca forma sinodal da Igreja, que estamos redescobrindo e cultivando nestes anos, sugere que a Quaresma seja tamb\u00e9m tempo de decis\u00f5es comunit\u00e1rias, de pequenas e grandes op\u00e7\u00f5es contracorrente, capazes de modificar a vida quotidiana das pessoas e a vida de toda uma coletividade: os h\u00e1bitos nas compras, o cuidado com a cria\u00e7\u00e3o, a inclus\u00e3o de quem n\u00e3o \u00e9 visto ou \u00e9 desprezado\u201d.<\/p>\n\n\n\n<p>\u201cNa medida em que esta Quaresma for de convers\u00e3o, a humanidade extraviada sentir\u00e1 um abalo de criatividade: o lampejar de uma nova esperan\u00e7a\u201d, escreve ainda o Papa, recordando as suas palavras dirigidas aos jovens da JMJ de Lisboa, no ver\u00e3o passado: \u00abProcurai e arriscai; sim, procurai e arriscai. Neste momento hist\u00f3rico, os desafios s\u00e3o enormes, os gemidos dolorosos: estamos vivendo uma terceira guerra mundial feita aos peda\u00e7os. Mas abracemos o risco de pensar que n\u00e3o estamos numa agonia, mas num parto; n\u00e3o no fim, mas no in\u00edcio de um grande espet\u00e1culo. E \u00e9 preciso coragem para pensar assim\u00bb.<\/p>\n\n\n\n<p>\u201c\u00c9 a coragem da convers\u00e3o, da sa\u00edda da escravid\u00e3o. A f\u00e9 e a caridade guiam pela m\u00e3o esta esperan\u00e7a menina. Elas a ensinam a caminhar e, ao mesmo tempo, ela as puxa para a frente\u201d, conclui a mensagem do Papa.<\/p>\n\n\n\n<p><strong>Com informa\u00e7\u00f5es e foto<\/strong>&nbsp;<a href=\"https:\/\/www.vaticannews.va\/pt\/papa\/news\/2024-02\/papa-francisco-mensagem-quaresma-2024-tempo-conversao-liberdade.html\" target=\"_blank\" rel=\"noreferrer noopener\">VaticanNews<\/a><\/p>\n","protected":false},"excerpt":{"rendered":"<p>Foi divulgada, nesta quinta-feira (1\u00b0\/02), a mensagem do Papa Francisco para a&nbsp;Quaresma 2024&nbsp;sobre o tema \u201cAtrav\u00e9s do deserto, Deus guia-nos para a liberdade\u201d. Na mensagem, Francisco reconhece que a humanidade de hoje atingiu \u201cn\u00edveis de desenvolvimento cient\u00edfico, t\u00e9cnico, cultural e jur\u00eddico capazes de garantir dignidade a todos\u201d, mas o risco \u00e9 que, sem rever os<span class=\"read-more arrow\"><a href=\"https:\/\/www.diocesesaoluis.org.br\/home\/2024\/02\/02\/quaresma-2024-em-mensagem-papa-afirma-que-a-quaresma-e-tempo-da-graca-na-qual-o-deserto-volta-a-ser-lugar-do-primeiro-amor\/\" title=\"Read More\">&rarr;<\/a><\/span><\/p>\n","protected":false},"author":2,"featured_media":17151,"comment_status":"closed","ping_status":"open","sticky":false,"template":"","format":"standard","meta":{"ub_ctt_via":"","footnotes":""},"categories":[6,383],"tags":[254,307],"class_list":{"0":"post-17150","1":"post","2":"type-post","3":"status-publish","4":"format-standard","5":"has-post-thumbnail","7":"category-bispo-diocesano","8":"category-santa-se","9":"tag-papa-francisco","10":"tag-quaresma"},"featured_image_src":"https:\/\/www.diocesesaoluis.org.br\/home\/wp-content\/uploads\/2024\/02\/Deserto.jpeg","author_info":{"display_name":false,"author_link":"https:\/\/www.diocesesaoluis.org.br\/home\/author\/lucas\/"},"_links":{"self":[{"href":"https:\/\/www.diocesesaoluis.org.br\/home\/wp-json\/wp\/v2\/posts\/17150","targetHints":{"allow":["GET"]}}],"collection":[{"href":"https:\/\/www.diocesesaoluis.org.br\/home\/wp-json\/wp\/v2\/posts"}],"about":[{"href":"https:\/\/www.diocesesaoluis.org.br\/home\/wp-json\/wp\/v2\/types\/post"}],"author":[{"embeddable":true,"href":"https:\/\/www.diocesesaoluis.org.br\/home\/wp-json\/wp\/v2\/users\/2"}],"replies":[{"embeddable":true,"href":"https:\/\/www.diocesesaoluis.org.br\/home\/wp-json\/wp\/v2\/comments?post=17150"}],"version-history":[{"count":1,"href":"https:\/\/www.diocesesaoluis.org.br\/home\/wp-json\/wp\/v2\/posts\/17150\/revisions"}],"predecessor-version":[{"id":17152,"href":"https:\/\/www.diocesesaoluis.org.br\/home\/wp-json\/wp\/v2\/posts\/17150\/revisions\/17152"}],"wp:featuredmedia":[{"embeddable":true,"href":"https:\/\/www.diocesesaoluis.org.br\/home\/wp-json\/wp\/v2\/media\/17151"}],"wp:attachment":[{"href":"https:\/\/www.diocesesaoluis.org.br\/home\/wp-json\/wp\/v2\/media?parent=17150"}],"wp:term":[{"taxonomy":"category","embeddable":true,"href":"https:\/\/www.diocesesaoluis.org.br\/home\/wp-json\/wp\/v2\/categories?post=17150"},{"taxonomy":"post_tag","embeddable":true,"href":"https:\/\/www.diocesesaoluis.org.br\/home\/wp-json\/wp\/v2\/tags?post=17150"}],"curies":[{"name":"wp","href":"https:\/\/api.w.org\/{rel}","templated":true}]}}