{"id":16656,"date":"2023-07-12T23:09:00","date_gmt":"2023-07-13T02:09:00","guid":{"rendered":"https:\/\/www.diocesesaoluis.org.br\/home\/?p=16656"},"modified":"2023-08-24T08:21:32","modified_gmt":"2023-08-24T11:21:32","slug":"clero-realiza-retiro-espiritual-anual","status":"publish","type":"post","link":"https:\/\/www.diocesesaoluis.org.br\/home\/2023\/07\/12\/clero-realiza-retiro-espiritual-anual\/","title":{"rendered":"Clero realiza Retiro Espiritual Anual"},"content":{"rendered":"\n<p>Na quinta-feira, 06 de julho, nosso Clero concluiu o retiro anual, na Casa S\u00e3o Paulo, em S\u00e3o Lu\u00eds de Montes Belos. Desde segunda-feira, nossos padres estiveram reunidos e sob a orienta\u00e7\u00e3o de Dom Lindomar Rocha, que foi o pregador, meditaram a partir da passagem b\u00edblica: \u201cDeixou tudo, levantou-se e seguiu-o\u201d (Lc 5,27).<\/p>\n\n\n\n<p>Rezemos sempre pela perseveran\u00e7a e fidelidade dos nossos pastores!<\/p>\n\n\n\n<figure class=\"wp-block-gallery columns-2 is-cropped wp-block-gallery-1 is-layout-flex wp-block-gallery-is-layout-flex\"><ul class=\"blocks-gallery-grid\"><li class=\"blocks-gallery-item\"><figure><img loading=\"lazy\" decoding=\"async\" width=\"1024\" height=\"576\" src=\"https:\/\/www.diocesesaoluis.org.br\/home\/wp-content\/uploads\/2023\/07\/358423821_311422521236852_7831393977159955359_n-1024x576.jpeg\" alt=\"\" data-id=\"16659\" data-full-url=\"https:\/\/www.diocesesaoluis.org.br\/home\/wp-content\/uploads\/2023\/07\/358423821_311422521236852_7831393977159955359_n.jpeg\" data-link=\"https:\/\/www.diocesesaoluis.org.br\/home\/?attachment_id=16659\" class=\"wp-image-16659\" srcset=\"https:\/\/www.diocesesaoluis.org.br\/home\/wp-content\/uploads\/2023\/07\/358423821_311422521236852_7831393977159955359_n-1024x576.jpeg 1024w, https:\/\/www.diocesesaoluis.org.br\/home\/wp-content\/uploads\/2023\/07\/358423821_311422521236852_7831393977159955359_n-300x169.jpeg 300w, https:\/\/www.diocesesaoluis.org.br\/home\/wp-content\/uploads\/2023\/07\/358423821_311422521236852_7831393977159955359_n-150x84.jpeg 150w, https:\/\/www.diocesesaoluis.org.br\/home\/wp-content\/uploads\/2023\/07\/358423821_311422521236852_7831393977159955359_n-359x201.jpeg 359w, https:\/\/www.diocesesaoluis.org.br\/home\/wp-content\/uploads\/2023\/07\/358423821_311422521236852_7831393977159955359_n.jpeg 1440w\" sizes=\"auto, (max-width: 1024px) 100vw, 1024px\" \/><\/figure><\/li><li class=\"blocks-gallery-item\"><figure><img loading=\"lazy\" decoding=\"async\" width=\"1024\" height=\"576\" src=\"https:\/\/www.diocesesaoluis.org.br\/home\/wp-content\/uploads\/2023\/07\/358525601_311422501236854_6239672156182332122_n-1024x576.jpeg\" alt=\"\" data-id=\"16663\" data-full-url=\"https:\/\/www.diocesesaoluis.org.br\/home\/wp-content\/uploads\/2023\/07\/358525601_311422501236854_6239672156182332122_n.jpeg\" data-link=\"https:\/\/www.diocesesaoluis.org.br\/home\/?attachment_id=16663\" class=\"wp-image-16663\" srcset=\"https:\/\/www.diocesesaoluis.org.br\/home\/wp-content\/uploads\/2023\/07\/358525601_311422501236854_6239672156182332122_n-1024x576.jpeg 1024w, https:\/\/www.diocesesaoluis.org.br\/home\/wp-content\/uploads\/2023\/07\/358525601_311422501236854_6239672156182332122_n-300x169.jpeg 300w, https:\/\/www.diocesesaoluis.org.br\/home\/wp-content\/uploads\/2023\/07\/358525601_311422501236854_6239672156182332122_n-150x84.jpeg 150w, https:\/\/www.diocesesaoluis.org.br\/home\/wp-content\/uploads\/2023\/07\/358525601_311422501236854_6239672156182332122_n-359x201.jpeg 359w, https:\/\/www.diocesesaoluis.org.br\/home\/wp-content\/uploads\/2023\/07\/358525601_311422501236854_6239672156182332122_n.jpeg 1440w\" sizes=\"auto, (max-width: 1024px) 100vw, 1024px\" \/><\/figure><\/li><li class=\"blocks-gallery-item\"><figure><img loading=\"lazy\" decoding=\"async\" width=\"1024\" height=\"576\" src=\"https:\/\/www.diocesesaoluis.org.br\/home\/wp-content\/uploads\/2023\/07\/358613216_311422511236853_4005139758939117793_n-1024x576.jpeg\" alt=\"\" data-id=\"16665\" data-full-url=\"https:\/\/www.diocesesaoluis.org.br\/home\/wp-content\/uploads\/2023\/07\/358613216_311422511236853_4005139758939117793_n.jpeg\" data-link=\"https:\/\/www.diocesesaoluis.org.br\/home\/?attachment_id=16665\" class=\"wp-image-16665\" srcset=\"https:\/\/www.diocesesaoluis.org.br\/home\/wp-content\/uploads\/2023\/07\/358613216_311422511236853_4005139758939117793_n-1024x576.jpeg 1024w, https:\/\/www.diocesesaoluis.org.br\/home\/wp-content\/uploads\/2023\/07\/358613216_311422511236853_4005139758939117793_n-300x169.jpeg 300w, https:\/\/www.diocesesaoluis.org.br\/home\/wp-content\/uploads\/2023\/07\/358613216_311422511236853_4005139758939117793_n-150x84.jpeg 150w, https:\/\/www.diocesesaoluis.org.br\/home\/wp-content\/uploads\/2023\/07\/358613216_311422511236853_4005139758939117793_n-359x201.jpeg 359w, https:\/\/www.diocesesaoluis.org.br\/home\/wp-content\/uploads\/2023\/07\/358613216_311422511236853_4005139758939117793_n.jpeg 1440w\" sizes=\"auto, (max-width: 1024px) 100vw, 1024px\" \/><\/figure><\/li><li class=\"blocks-gallery-item\"><figure><img loading=\"lazy\" decoding=\"async\" width=\"1024\" height=\"576\" src=\"https:\/\/www.diocesesaoluis.org.br\/home\/wp-content\/uploads\/2023\/07\/358425032_311422507903520_805795153214418350_n-1024x576.jpeg\" alt=\"\" data-id=\"16660\" data-full-url=\"https:\/\/www.diocesesaoluis.org.br\/home\/wp-content\/uploads\/2023\/07\/358425032_311422507903520_805795153214418350_n.jpeg\" data-link=\"https:\/\/www.diocesesaoluis.org.br\/home\/?attachment_id=16660\" class=\"wp-image-16660\" srcset=\"https:\/\/www.diocesesaoluis.org.br\/home\/wp-content\/uploads\/2023\/07\/358425032_311422507903520_805795153214418350_n-1024x576.jpeg 1024w, https:\/\/www.diocesesaoluis.org.br\/home\/wp-content\/uploads\/2023\/07\/358425032_311422507903520_805795153214418350_n-300x169.jpeg 300w, https:\/\/www.diocesesaoluis.org.br\/home\/wp-content\/uploads\/2023\/07\/358425032_311422507903520_805795153214418350_n-150x84.jpeg 150w, https:\/\/www.diocesesaoluis.org.br\/home\/wp-content\/uploads\/2023\/07\/358425032_311422507903520_805795153214418350_n-359x201.jpeg 359w, https:\/\/www.diocesesaoluis.org.br\/home\/wp-content\/uploads\/2023\/07\/358425032_311422507903520_805795153214418350_n.jpeg 1440w\" sizes=\"auto, (max-width: 1024px) 100vw, 1024px\" \/><\/figure><\/li><li class=\"blocks-gallery-item\"><figure><img loading=\"lazy\" decoding=\"async\" width=\"1024\" height=\"576\" src=\"https:\/\/www.diocesesaoluis.org.br\/home\/wp-content\/uploads\/2023\/07\/358431517_311422494570188_5737505437961668232_n-1024x576.jpeg\" alt=\"\" data-id=\"16661\" data-full-url=\"https:\/\/www.diocesesaoluis.org.br\/home\/wp-content\/uploads\/2023\/07\/358431517_311422494570188_5737505437961668232_n.jpeg\" data-link=\"https:\/\/www.diocesesaoluis.org.br\/home\/?attachment_id=16661\" class=\"wp-image-16661\" srcset=\"https:\/\/www.diocesesaoluis.org.br\/home\/wp-content\/uploads\/2023\/07\/358431517_311422494570188_5737505437961668232_n-1024x576.jpeg 1024w, https:\/\/www.diocesesaoluis.org.br\/home\/wp-content\/uploads\/2023\/07\/358431517_311422494570188_5737505437961668232_n-300x169.jpeg 300w, https:\/\/www.diocesesaoluis.org.br\/home\/wp-content\/uploads\/2023\/07\/358431517_311422494570188_5737505437961668232_n-150x84.jpeg 150w, https:\/\/www.diocesesaoluis.org.br\/home\/wp-content\/uploads\/2023\/07\/358431517_311422494570188_5737505437961668232_n-359x201.jpeg 359w, https:\/\/www.diocesesaoluis.org.br\/home\/wp-content\/uploads\/2023\/07\/358431517_311422494570188_5737505437961668232_n.jpeg 1440w\" sizes=\"auto, (max-width: 1024px) 100vw, 1024px\" \/><\/figure><\/li><li class=\"blocks-gallery-item\"><figure><img loading=\"lazy\" decoding=\"async\" width=\"1024\" height=\"576\" src=\"https:\/\/www.diocesesaoluis.org.br\/home\/wp-content\/uploads\/2023\/07\/358155823_311422514570186_6630771431736778666_n-1024x576.jpeg\" alt=\"\" data-id=\"16658\" data-full-url=\"https:\/\/www.diocesesaoluis.org.br\/home\/wp-content\/uploads\/2023\/07\/358155823_311422514570186_6630771431736778666_n.jpeg\" data-link=\"https:\/\/www.diocesesaoluis.org.br\/home\/?attachment_id=16658\" class=\"wp-image-16658\" srcset=\"https:\/\/www.diocesesaoluis.org.br\/home\/wp-content\/uploads\/2023\/07\/358155823_311422514570186_6630771431736778666_n-1024x576.jpeg 1024w, https:\/\/www.diocesesaoluis.org.br\/home\/wp-content\/uploads\/2023\/07\/358155823_311422514570186_6630771431736778666_n-300x169.jpeg 300w, https:\/\/www.diocesesaoluis.org.br\/home\/wp-content\/uploads\/2023\/07\/358155823_311422514570186_6630771431736778666_n-150x84.jpeg 150w, https:\/\/www.diocesesaoluis.org.br\/home\/wp-content\/uploads\/2023\/07\/358155823_311422514570186_6630771431736778666_n-359x201.jpeg 359w, https:\/\/www.diocesesaoluis.org.br\/home\/wp-content\/uploads\/2023\/07\/358155823_311422514570186_6630771431736778666_n.jpeg 1440w\" sizes=\"auto, (max-width: 1024px) 100vw, 1024px\" \/><\/figure><\/li><li class=\"blocks-gallery-item\"><figure><img loading=\"lazy\" decoding=\"async\" width=\"1024\" height=\"576\" src=\"https:\/\/www.diocesesaoluis.org.br\/home\/wp-content\/uploads\/2023\/07\/358469305_311422497903521_7368094741672034720_n-1024x576.jpeg\" alt=\"\" data-id=\"16662\" data-full-url=\"https:\/\/www.diocesesaoluis.org.br\/home\/wp-content\/uploads\/2023\/07\/358469305_311422497903521_7368094741672034720_n.jpeg\" data-link=\"https:\/\/www.diocesesaoluis.org.br\/home\/?attachment_id=16662\" class=\"wp-image-16662\" srcset=\"https:\/\/www.diocesesaoluis.org.br\/home\/wp-content\/uploads\/2023\/07\/358469305_311422497903521_7368094741672034720_n-1024x576.jpeg 1024w, https:\/\/www.diocesesaoluis.org.br\/home\/wp-content\/uploads\/2023\/07\/358469305_311422497903521_7368094741672034720_n-300x169.jpeg 300w, https:\/\/www.diocesesaoluis.org.br\/home\/wp-content\/uploads\/2023\/07\/358469305_311422497903521_7368094741672034720_n-150x84.jpeg 150w, https:\/\/www.diocesesaoluis.org.br\/home\/wp-content\/uploads\/2023\/07\/358469305_311422497903521_7368094741672034720_n-359x201.jpeg 359w, https:\/\/www.diocesesaoluis.org.br\/home\/wp-content\/uploads\/2023\/07\/358469305_311422497903521_7368094741672034720_n.jpeg 1440w\" sizes=\"auto, (max-width: 1024px) 100vw, 1024px\" \/><\/figure><\/li><li class=\"blocks-gallery-item\"><figure><img loading=\"lazy\" decoding=\"async\" width=\"1024\" height=\"576\" src=\"https:\/\/www.diocesesaoluis.org.br\/home\/wp-content\/uploads\/2023\/07\/358551168_311422517903519_8850185205710390213_n-1024x576.jpeg\" alt=\"\" data-id=\"16664\" data-full-url=\"https:\/\/www.diocesesaoluis.org.br\/home\/wp-content\/uploads\/2023\/07\/358551168_311422517903519_8850185205710390213_n.jpeg\" data-link=\"https:\/\/www.diocesesaoluis.org.br\/home\/?attachment_id=16664\" class=\"wp-image-16664\" srcset=\"https:\/\/www.diocesesaoluis.org.br\/home\/wp-content\/uploads\/2023\/07\/358551168_311422517903519_8850185205710390213_n-1024x576.jpeg 1024w, https:\/\/www.diocesesaoluis.org.br\/home\/wp-content\/uploads\/2023\/07\/358551168_311422517903519_8850185205710390213_n-300x169.jpeg 300w, https:\/\/www.diocesesaoluis.org.br\/home\/wp-content\/uploads\/2023\/07\/358551168_311422517903519_8850185205710390213_n-150x84.jpeg 150w, https:\/\/www.diocesesaoluis.org.br\/home\/wp-content\/uploads\/2023\/07\/358551168_311422517903519_8850185205710390213_n-359x201.jpeg 359w, https:\/\/www.diocesesaoluis.org.br\/home\/wp-content\/uploads\/2023\/07\/358551168_311422517903519_8850185205710390213_n.jpeg 1440w\" sizes=\"auto, (max-width: 1024px) 100vw, 1024px\" \/><\/figure><\/li><li class=\"blocks-gallery-item\"><figure><img loading=\"lazy\" decoding=\"async\" width=\"1024\" height=\"576\" src=\"https:\/\/www.diocesesaoluis.org.br\/home\/wp-content\/uploads\/2023\/07\/358702633_311422504570187_298628268333024987_n-1024x576.jpeg\" alt=\"\" data-id=\"16666\" data-full-url=\"https:\/\/www.diocesesaoluis.org.br\/home\/wp-content\/uploads\/2023\/07\/358702633_311422504570187_298628268333024987_n.jpeg\" data-link=\"https:\/\/www.diocesesaoluis.org.br\/home\/?attachment_id=16666\" class=\"wp-image-16666\" srcset=\"https:\/\/www.diocesesaoluis.org.br\/home\/wp-content\/uploads\/2023\/07\/358702633_311422504570187_298628268333024987_n-1024x576.jpeg 1024w, https:\/\/www.diocesesaoluis.org.br\/home\/wp-content\/uploads\/2023\/07\/358702633_311422504570187_298628268333024987_n-300x169.jpeg 300w, https:\/\/www.diocesesaoluis.org.br\/home\/wp-content\/uploads\/2023\/07\/358702633_311422504570187_298628268333024987_n-150x84.jpeg 150w, https:\/\/www.diocesesaoluis.org.br\/home\/wp-content\/uploads\/2023\/07\/358702633_311422504570187_298628268333024987_n-359x201.jpeg 359w, https:\/\/www.diocesesaoluis.org.br\/home\/wp-content\/uploads\/2023\/07\/358702633_311422504570187_298628268333024987_n.jpeg 1440w\" sizes=\"auto, (max-width: 1024px) 100vw, 1024px\" \/><\/figure><\/li><\/ul><\/figure>\n\n\n\n<p><\/p>\n","protected":false},"excerpt":{"rendered":"<p>Na quinta-feira, 06 de julho, nosso Clero concluiu o retiro anual, na Casa S\u00e3o Paulo, em S\u00e3o Lu\u00eds de Montes Belos. Desde segunda-feira, nossos padres estiveram reunidos e sob a orienta\u00e7\u00e3o de Dom Lindomar Rocha, que foi o pregador, meditaram a partir da passagem b\u00edblica: \u201cDeixou tudo, levantou-se e seguiu-o\u201d (Lc 5,27). Rezemos sempre pela<span class=\"read-more arrow\"><a href=\"https:\/\/www.diocesesaoluis.org.br\/home\/2023\/07\/12\/clero-realiza-retiro-espiritual-anual\/\" title=\"Read More\">&rarr;<\/a><\/span><\/p>\n","protected":false},"author":2,"featured_media":16657,"comment_status":"closed","ping_status":"open","sticky":false,"template":"","format":"standard","meta":{"ub_ctt_via":"","footnotes":""},"categories":[3],"tags":[89,305],"class_list":{"0":"post-16656","1":"post","2":"type-post","3":"status-publish","4":"format-standard","5":"has-post-thumbnail","7":"category-clero","8":"tag-clero","9":"tag-retiro-espiritual"},"featured_image_src":"https:\/\/www.diocesesaoluis.org.br\/home\/wp-content\/uploads\/2023\/07\/358530003_311422524570185_5464863322901370551_n.jpeg","author_info":{"display_name":false,"author_link":"https:\/\/www.diocesesaoluis.org.br\/home\/author\/lucas\/"},"_links":{"self":[{"href":"https:\/\/www.diocesesaoluis.org.br\/home\/wp-json\/wp\/v2\/posts\/16656","targetHints":{"allow":["GET"]}}],"collection":[{"href":"https:\/\/www.diocesesaoluis.org.br\/home\/wp-json\/wp\/v2\/posts"}],"about":[{"href":"https:\/\/www.diocesesaoluis.org.br\/home\/wp-json\/wp\/v2\/types\/post"}],"author":[{"embeddable":true,"href":"https:\/\/www.diocesesaoluis.org.br\/home\/wp-json\/wp\/v2\/users\/2"}],"replies":[{"embeddable":true,"href":"https:\/\/www.diocesesaoluis.org.br\/home\/wp-json\/wp\/v2\/comments?post=16656"}],"version-history":[{"count":1,"href":"https:\/\/www.diocesesaoluis.org.br\/home\/wp-json\/wp\/v2\/posts\/16656\/revisions"}],"predecessor-version":[{"id":16667,"href":"https:\/\/www.diocesesaoluis.org.br\/home\/wp-json\/wp\/v2\/posts\/16656\/revisions\/16667"}],"wp:featuredmedia":[{"embeddable":true,"href":"https:\/\/www.diocesesaoluis.org.br\/home\/wp-json\/wp\/v2\/media\/16657"}],"wp:attachment":[{"href":"https:\/\/www.diocesesaoluis.org.br\/home\/wp-json\/wp\/v2\/media?parent=16656"}],"wp:term":[{"taxonomy":"category","embeddable":true,"href":"https:\/\/www.diocesesaoluis.org.br\/home\/wp-json\/wp\/v2\/categories?post=16656"},{"taxonomy":"post_tag","embeddable":true,"href":"https:\/\/www.diocesesaoluis.org.br\/home\/wp-json\/wp\/v2\/tags?post=16656"}],"curies":[{"name":"wp","href":"https:\/\/api.w.org\/{rel}","templated":true}]}}