{"id":16637,"date":"2026-04-05T11:02:00","date_gmt":"2026-04-05T14:02:00","guid":{"rendered":"https:\/\/www.diocesesaoluis.org.br\/home\/?p=16637"},"modified":"2026-04-06T11:06:41","modified_gmt":"2026-04-06T14:06:41","slug":"programa-palavra-que-salva","status":"publish","type":"post","link":"https:\/\/www.diocesesaoluis.org.br\/home\/2026\/04\/05\/programa-palavra-que-salva\/","title":{"rendered":"Programa Palavra que Salva"},"content":{"rendered":"\n<p>Todos os domingos, \u00e0s 12h, Dom Lindomar Rocha apresenta o programa Palavra que Salva, no qual \u00e9 apresentada uma reflex\u00e3o para a liturgia Dominical. O programa \u00e9 reproduzido pela Rede Diocesana de R\u00e1dio e pelas Redes Sociais da Diocese.<\/p>\n\n\n\n<figure class=\"wp-block-embed is-type-video is-provider-youtube wp-block-embed-youtube wp-embed-aspect-16-9 wp-has-aspect-ratio\"><div class=\"wp-block-embed__wrapper\">\n<iframe loading=\"lazy\" title=\"Palavra que Salva\" width=\"740\" height=\"416\" src=\"https:\/\/www.youtube.com\/embed\/d0Fg0cjhjTo?feature=oembed\" frameborder=\"0\" allow=\"accelerometer; autoplay; clipboard-write; encrypted-media; gyroscope; picture-in-picture; web-share\" referrerpolicy=\"strict-origin-when-cross-origin\" allowfullscreen><\/iframe>\n<\/div><\/figure>\n","protected":false},"excerpt":{"rendered":"<p>Todos os domingos, \u00e0s 12h, Dom Lindomar Rocha apresenta o programa Palavra que Salva, no qual \u00e9 apresentada uma reflex\u00e3o para a liturgia Dominical. O programa \u00e9 reproduzido pela Rede Diocesana de R\u00e1dio e pelas Redes Sociais da Diocese.<\/p>\n","protected":false},"author":2,"featured_media":16638,"comment_status":"closed","ping_status":"open","sticky":false,"template":"","format":"video","meta":{"ub_ctt_via":"","footnotes":""},"categories":[10],"tags":[415],"class_list":{"0":"post-16637","1":"post","2":"type-post","3":"status-publish","4":"format-video","5":"has-post-thumbnail","7":"category-mensagens-videos","8":"tag-palavra-que-salva","9":"post_format-post-format-video"},"featured_image_src":"https:\/\/www.diocesesaoluis.org.br\/home\/wp-content\/uploads\/2023\/06\/WhatsApp-Image-2023-06-28-at-10.04.39.jpeg","author_info":{"display_name":false,"author_link":"https:\/\/www.diocesesaoluis.org.br\/home\/author\/lucas\/"},"_links":{"self":[{"href":"https:\/\/www.diocesesaoluis.org.br\/home\/wp-json\/wp\/v2\/posts\/16637","targetHints":{"allow":["GET"]}}],"collection":[{"href":"https:\/\/www.diocesesaoluis.org.br\/home\/wp-json\/wp\/v2\/posts"}],"about":[{"href":"https:\/\/www.diocesesaoluis.org.br\/home\/wp-json\/wp\/v2\/types\/post"}],"author":[{"embeddable":true,"href":"https:\/\/www.diocesesaoluis.org.br\/home\/wp-json\/wp\/v2\/users\/2"}],"replies":[{"embeddable":true,"href":"https:\/\/www.diocesesaoluis.org.br\/home\/wp-json\/wp\/v2\/comments?post=16637"}],"version-history":[{"count":33,"href":"https:\/\/www.diocesesaoluis.org.br\/home\/wp-json\/wp\/v2\/posts\/16637\/revisions"}],"predecessor-version":[{"id":18983,"href":"https:\/\/www.diocesesaoluis.org.br\/home\/wp-json\/wp\/v2\/posts\/16637\/revisions\/18983"}],"wp:featuredmedia":[{"embeddable":true,"href":"https:\/\/www.diocesesaoluis.org.br\/home\/wp-json\/wp\/v2\/media\/16638"}],"wp:attachment":[{"href":"https:\/\/www.diocesesaoluis.org.br\/home\/wp-json\/wp\/v2\/media?parent=16637"}],"wp:term":[{"taxonomy":"category","embeddable":true,"href":"https:\/\/www.diocesesaoluis.org.br\/home\/wp-json\/wp\/v2\/categories?post=16637"},{"taxonomy":"post_tag","embeddable":true,"href":"https:\/\/www.diocesesaoluis.org.br\/home\/wp-json\/wp\/v2\/tags?post=16637"}],"curies":[{"name":"wp","href":"https:\/\/api.w.org\/{rel}","templated":true}]}}