{"id":16612,"date":"2023-06-19T09:37:00","date_gmt":"2023-06-19T12:37:00","guid":{"rendered":"https:\/\/www.diocesesaoluis.org.br\/home\/?p=16612"},"modified":"2023-06-28T09:41:34","modified_gmt":"2023-06-28T12:41:34","slug":"dom-lindomar-rocha-dedica-novo-altar-da-paroquia-de-turvania","status":"publish","type":"post","link":"https:\/\/www.diocesesaoluis.org.br\/home\/2023\/06\/19\/dom-lindomar-rocha-dedica-novo-altar-da-paroquia-de-turvania\/","title":{"rendered":"Dom Lindomar Rocha dedica novo altar da Par\u00f3quia de Turv\u00e2nia"},"content":{"rendered":"\n<p>Na \u00faltima sexta-feira, dia 16 de junho, Dom Lindomar Rocha presidiu a Santa Missa na qual foi dedicado o novo altar da Par\u00f3quia S\u00e3o Greg\u00f3rio Nazianzeno, em Turv\u00e2nia. O Pe. Wallison Rodrigues, p\u00e1roco, concelebrou. Recentemente a Par\u00f3quia fez uma ampla reforma de readequa\u00e7\u00e3o do presbit\u00e9rio, buscando dar maior beleza e dignidade para o espa\u00e7o celebrativo.<\/p>\n\n\n\n<p>Na oportunidade, Dom Lindomar participou do 3\u00b0 dia da Festa dos padroeiros da cidade: S\u00e3o Greg\u00f3rio Nazianzeno, S\u00e3o Sebasti\u00e3o e Nossa Senhora da Abadia.<\/p>\n\n\n\n<figure class=\"wp-block-gallery columns-2 is-cropped wp-block-gallery-1 is-layout-flex wp-block-gallery-is-layout-flex\"><ul class=\"blocks-gallery-grid\"><li class=\"blocks-gallery-item\"><figure><img loading=\"lazy\" decoding=\"async\" width=\"1024\" height=\"768\" src=\"https:\/\/www.diocesesaoluis.org.br\/home\/wp-content\/uploads\/2023\/06\/355127078_301347985577639_7636806300689480017_n-1024x768.jpeg\" alt=\"\" data-id=\"16617\" data-full-url=\"https:\/\/www.diocesesaoluis.org.br\/home\/wp-content\/uploads\/2023\/06\/355127078_301347985577639_7636806300689480017_n.jpeg\" data-link=\"https:\/\/www.diocesesaoluis.org.br\/home\/?attachment_id=16617\" class=\"wp-image-16617\" srcset=\"https:\/\/www.diocesesaoluis.org.br\/home\/wp-content\/uploads\/2023\/06\/355127078_301347985577639_7636806300689480017_n-1024x768.jpeg 1024w, https:\/\/www.diocesesaoluis.org.br\/home\/wp-content\/uploads\/2023\/06\/355127078_301347985577639_7636806300689480017_n-300x225.jpeg 300w, https:\/\/www.diocesesaoluis.org.br\/home\/wp-content\/uploads\/2023\/06\/355127078_301347985577639_7636806300689480017_n-150x113.jpeg 150w, https:\/\/www.diocesesaoluis.org.br\/home\/wp-content\/uploads\/2023\/06\/355127078_301347985577639_7636806300689480017_n.jpeg 1440w\" sizes=\"auto, (max-width: 1024px) 100vw, 1024px\" \/><\/figure><\/li><li class=\"blocks-gallery-item\"><figure><img loading=\"lazy\" decoding=\"async\" width=\"1024\" height=\"768\" src=\"https:\/\/www.diocesesaoluis.org.br\/home\/wp-content\/uploads\/2023\/06\/354975812_301347998910971_3797555528154897028_n-1024x768.jpeg\" alt=\"\" data-id=\"16616\" data-full-url=\"https:\/\/www.diocesesaoluis.org.br\/home\/wp-content\/uploads\/2023\/06\/354975812_301347998910971_3797555528154897028_n.jpeg\" data-link=\"https:\/\/www.diocesesaoluis.org.br\/home\/?attachment_id=16616\" class=\"wp-image-16616\" srcset=\"https:\/\/www.diocesesaoluis.org.br\/home\/wp-content\/uploads\/2023\/06\/354975812_301347998910971_3797555528154897028_n-1024x768.jpeg 1024w, https:\/\/www.diocesesaoluis.org.br\/home\/wp-content\/uploads\/2023\/06\/354975812_301347998910971_3797555528154897028_n-300x225.jpeg 300w, https:\/\/www.diocesesaoluis.org.br\/home\/wp-content\/uploads\/2023\/06\/354975812_301347998910971_3797555528154897028_n-150x113.jpeg 150w, https:\/\/www.diocesesaoluis.org.br\/home\/wp-content\/uploads\/2023\/06\/354975812_301347998910971_3797555528154897028_n.jpeg 1200w\" sizes=\"auto, (max-width: 1024px) 100vw, 1024px\" \/><\/figure><\/li><li class=\"blocks-gallery-item\"><figure><img loading=\"lazy\" decoding=\"async\" width=\"1024\" height=\"768\" src=\"https:\/\/www.diocesesaoluis.org.br\/home\/wp-content\/uploads\/2023\/06\/354913356_301347995577638_4625891556079816379_n-1-1024x768.jpeg\" alt=\"\" data-id=\"16615\" data-full-url=\"https:\/\/www.diocesesaoluis.org.br\/home\/wp-content\/uploads\/2023\/06\/354913356_301347995577638_4625891556079816379_n-1.jpeg\" data-link=\"https:\/\/www.diocesesaoluis.org.br\/home\/?attachment_id=16615\" class=\"wp-image-16615\" srcset=\"https:\/\/www.diocesesaoluis.org.br\/home\/wp-content\/uploads\/2023\/06\/354913356_301347995577638_4625891556079816379_n-1-1024x768.jpeg 1024w, https:\/\/www.diocesesaoluis.org.br\/home\/wp-content\/uploads\/2023\/06\/354913356_301347995577638_4625891556079816379_n-1-300x225.jpeg 300w, https:\/\/www.diocesesaoluis.org.br\/home\/wp-content\/uploads\/2023\/06\/354913356_301347995577638_4625891556079816379_n-1-150x113.jpeg 150w, https:\/\/www.diocesesaoluis.org.br\/home\/wp-content\/uploads\/2023\/06\/354913356_301347995577638_4625891556079816379_n-1.jpeg 1440w\" sizes=\"auto, (max-width: 1024px) 100vw, 1024px\" \/><\/figure><\/li><li class=\"blocks-gallery-item\"><figure><img loading=\"lazy\" decoding=\"async\" width=\"1024\" height=\"768\" src=\"https:\/\/www.diocesesaoluis.org.br\/home\/wp-content\/uploads\/2023\/06\/355312721_301348002244304_7490663567832390353_n-1024x768.jpeg\" alt=\"\" data-id=\"16619\" data-full-url=\"https:\/\/www.diocesesaoluis.org.br\/home\/wp-content\/uploads\/2023\/06\/355312721_301348002244304_7490663567832390353_n.jpeg\" data-link=\"https:\/\/www.diocesesaoluis.org.br\/home\/?attachment_id=16619\" class=\"wp-image-16619\" srcset=\"https:\/\/www.diocesesaoluis.org.br\/home\/wp-content\/uploads\/2023\/06\/355312721_301348002244304_7490663567832390353_n-1024x768.jpeg 1024w, https:\/\/www.diocesesaoluis.org.br\/home\/wp-content\/uploads\/2023\/06\/355312721_301348002244304_7490663567832390353_n-300x225.jpeg 300w, https:\/\/www.diocesesaoluis.org.br\/home\/wp-content\/uploads\/2023\/06\/355312721_301348002244304_7490663567832390353_n-150x113.jpeg 150w, https:\/\/www.diocesesaoluis.org.br\/home\/wp-content\/uploads\/2023\/06\/355312721_301348002244304_7490663567832390353_n.jpeg 1440w\" sizes=\"auto, (max-width: 1024px) 100vw, 1024px\" \/><\/figure><\/li><li class=\"blocks-gallery-item\"><figure><img loading=\"lazy\" decoding=\"async\" width=\"1024\" height=\"768\" src=\"https:\/\/www.diocesesaoluis.org.br\/home\/wp-content\/uploads\/2023\/06\/354573994_301347992244305_6524222385064666527_n-1024x768.jpeg\" alt=\"\" data-id=\"16614\" data-full-url=\"https:\/\/www.diocesesaoluis.org.br\/home\/wp-content\/uploads\/2023\/06\/354573994_301347992244305_6524222385064666527_n.jpeg\" data-link=\"https:\/\/www.diocesesaoluis.org.br\/home\/?attachment_id=16614\" class=\"wp-image-16614\" srcset=\"https:\/\/www.diocesesaoluis.org.br\/home\/wp-content\/uploads\/2023\/06\/354573994_301347992244305_6524222385064666527_n-1024x768.jpeg 1024w, https:\/\/www.diocesesaoluis.org.br\/home\/wp-content\/uploads\/2023\/06\/354573994_301347992244305_6524222385064666527_n-300x225.jpeg 300w, https:\/\/www.diocesesaoluis.org.br\/home\/wp-content\/uploads\/2023\/06\/354573994_301347992244305_6524222385064666527_n-150x113.jpeg 150w, https:\/\/www.diocesesaoluis.org.br\/home\/wp-content\/uploads\/2023\/06\/354573994_301347992244305_6524222385064666527_n.jpeg 1200w\" sizes=\"auto, (max-width: 1024px) 100vw, 1024px\" \/><\/figure><\/li><li class=\"blocks-gallery-item\"><figure><img loading=\"lazy\" decoding=\"async\" width=\"1024\" height=\"768\" src=\"https:\/\/www.diocesesaoluis.org.br\/home\/wp-content\/uploads\/2023\/06\/355281660_301347988910972_1211952641777814540_n-1024x768.jpeg\" alt=\"\" data-id=\"16618\" data-full-url=\"https:\/\/www.diocesesaoluis.org.br\/home\/wp-content\/uploads\/2023\/06\/355281660_301347988910972_1211952641777814540_n.jpeg\" data-link=\"https:\/\/www.diocesesaoluis.org.br\/home\/?attachment_id=16618\" class=\"wp-image-16618\" srcset=\"https:\/\/www.diocesesaoluis.org.br\/home\/wp-content\/uploads\/2023\/06\/355281660_301347988910972_1211952641777814540_n-1024x768.jpeg 1024w, https:\/\/www.diocesesaoluis.org.br\/home\/wp-content\/uploads\/2023\/06\/355281660_301347988910972_1211952641777814540_n-300x225.jpeg 300w, https:\/\/www.diocesesaoluis.org.br\/home\/wp-content\/uploads\/2023\/06\/355281660_301347988910972_1211952641777814540_n-150x113.jpeg 150w, https:\/\/www.diocesesaoluis.org.br\/home\/wp-content\/uploads\/2023\/06\/355281660_301347988910972_1211952641777814540_n.jpeg 1200w\" sizes=\"auto, (max-width: 1024px) 100vw, 1024px\" \/><\/figure><\/li><\/ul><\/figure>\n","protected":false},"excerpt":{"rendered":"<p>Na \u00faltima sexta-feira, dia 16 de junho, Dom Lindomar Rocha presidiu a Santa Missa na qual foi dedicado o novo altar da Par\u00f3quia S\u00e3o Greg\u00f3rio Nazianzeno, em Turv\u00e2nia. O Pe. Wallison Rodrigues, p\u00e1roco, concelebrou. Recentemente a Par\u00f3quia fez uma ampla reforma de readequa\u00e7\u00e3o do presbit\u00e9rio, buscando dar maior beleza e dignidade para o espa\u00e7o celebrativo.<span class=\"read-more arrow\"><a href=\"https:\/\/www.diocesesaoluis.org.br\/home\/2023\/06\/19\/dom-lindomar-rocha-dedica-novo-altar-da-paroquia-de-turvania\/\" title=\"Read More\">&rarr;<\/a><\/span><\/p>\n","protected":false},"author":2,"featured_media":16613,"comment_status":"closed","ping_status":"open","sticky":false,"template":"","format":"standard","meta":{"ub_ctt_via":"","footnotes":""},"categories":[106,73],"tags":[310,265],"class_list":{"0":"post-16612","1":"post","2":"type-post","3":"status-publish","4":"format-standard","5":"has-post-thumbnail","7":"category-forania-sao-luis-gonzaga","8":"category-paroquias","9":"tag-forania-sao-luis-gonzaga","10":"tag-paroquias"},"featured_image_src":"https:\/\/www.diocesesaoluis.org.br\/home\/wp-content\/uploads\/2023\/06\/354913356_301347995577638_4625891556079816379_n.jpeg","author_info":{"display_name":false,"author_link":"https:\/\/www.diocesesaoluis.org.br\/home\/author\/lucas\/"},"_links":{"self":[{"href":"https:\/\/www.diocesesaoluis.org.br\/home\/wp-json\/wp\/v2\/posts\/16612","targetHints":{"allow":["GET"]}}],"collection":[{"href":"https:\/\/www.diocesesaoluis.org.br\/home\/wp-json\/wp\/v2\/posts"}],"about":[{"href":"https:\/\/www.diocesesaoluis.org.br\/home\/wp-json\/wp\/v2\/types\/post"}],"author":[{"embeddable":true,"href":"https:\/\/www.diocesesaoluis.org.br\/home\/wp-json\/wp\/v2\/users\/2"}],"replies":[{"embeddable":true,"href":"https:\/\/www.diocesesaoluis.org.br\/home\/wp-json\/wp\/v2\/comments?post=16612"}],"version-history":[{"count":1,"href":"https:\/\/www.diocesesaoluis.org.br\/home\/wp-json\/wp\/v2\/posts\/16612\/revisions"}],"predecessor-version":[{"id":16620,"href":"https:\/\/www.diocesesaoluis.org.br\/home\/wp-json\/wp\/v2\/posts\/16612\/revisions\/16620"}],"wp:featuredmedia":[{"embeddable":true,"href":"https:\/\/www.diocesesaoluis.org.br\/home\/wp-json\/wp\/v2\/media\/16613"}],"wp:attachment":[{"href":"https:\/\/www.diocesesaoluis.org.br\/home\/wp-json\/wp\/v2\/media?parent=16612"}],"wp:term":[{"taxonomy":"category","embeddable":true,"href":"https:\/\/www.diocesesaoluis.org.br\/home\/wp-json\/wp\/v2\/categories?post=16612"},{"taxonomy":"post_tag","embeddable":true,"href":"https:\/\/www.diocesesaoluis.org.br\/home\/wp-json\/wp\/v2\/tags?post=16612"}],"curies":[{"name":"wp","href":"https:\/\/api.w.org\/{rel}","templated":true}]}}