{"id":16438,"date":"2023-05-24T21:02:38","date_gmt":"2023-05-25T00:02:38","guid":{"rendered":"https:\/\/www.diocesesaoluis.org.br\/home\/?p=16438"},"modified":"2023-06-07T08:05:14","modified_gmt":"2023-06-07T11:05:14","slug":"clero-diocesano-se-reune-para-tratar-assuntos-pastorais-e-administrativos","status":"publish","type":"post","link":"https:\/\/www.diocesesaoluis.org.br\/home\/2023\/05\/24\/clero-diocesano-se-reune-para-tratar-assuntos-pastorais-e-administrativos\/","title":{"rendered":"Clero diocesano se re\u00fane para tratar assuntos pastorais e administrativos"},"content":{"rendered":"\n<p>Ontem, 23 de maio, o Clero de nossa Diocese esteve reunido com o nosso bispo, Dom Lindomar Rocha, para tratar de v\u00e1rios assuntos relacionados \u00e0 vida pastoral e administrativa. Na pauta, houve a elei\u00e7\u00e3o do novo representante dos presb\u00edteros: o eleito foi o Pe. Manoel Rejane. Em rela\u00e7\u00e3o \u00e0s R\u00e1dios Diocesanas foi ressaltado o processo de migra\u00e7\u00e3o de AM para FM, que acontecer\u00e1 em breve. Tamb\u00e9m se tratou da conclus\u00e3o do projeto da energia solar, com a instala\u00e7\u00e3o de todas as usinas.<\/p>\n\n\n\n<p>O nosso clero se re\u00fane com o Bispo ao longo do ano para dialogar e partilhar temas referentes \u00e0 caminhada diocesana.<\/p>\n\n\n\n<p>Antecipadamente, comunicamos a todos que no dia 26 de julho, Dom Lindomar Rocha estar\u00e1 celebrando o seu Jubileu de Prata sacerdotal, ou seja, 25 anos de Ordena\u00e7\u00e3o Presbiteral, data marcante para ele e para n\u00f3s que fazemos parte da por\u00e7\u00e3o do povo de Deus, nesta Diocese de S\u00e3o Lu\u00eds de Montes Belos.<\/p>\n\n\n\n<div class=\"wp-block-image\"><figure class=\"aligncenter size-large\"><img loading=\"lazy\" decoding=\"async\" width=\"1024\" height=\"576\" src=\"https:\/\/www.diocesesaoluis.org.br\/home\/wp-content\/uploads\/2023\/05\/348721198_768343898406322_2807154980162902781_n-1024x576.jpeg\" alt=\"\" class=\"wp-image-16440\" srcset=\"https:\/\/www.diocesesaoluis.org.br\/home\/wp-content\/uploads\/2023\/05\/348721198_768343898406322_2807154980162902781_n-1024x576.jpeg 1024w, https:\/\/www.diocesesaoluis.org.br\/home\/wp-content\/uploads\/2023\/05\/348721198_768343898406322_2807154980162902781_n-300x169.jpeg 300w, https:\/\/www.diocesesaoluis.org.br\/home\/wp-content\/uploads\/2023\/05\/348721198_768343898406322_2807154980162902781_n-150x84.jpeg 150w, https:\/\/www.diocesesaoluis.org.br\/home\/wp-content\/uploads\/2023\/05\/348721198_768343898406322_2807154980162902781_n-359x201.jpeg 359w, https:\/\/www.diocesesaoluis.org.br\/home\/wp-content\/uploads\/2023\/05\/348721198_768343898406322_2807154980162902781_n.jpeg 1440w\" sizes=\"auto, (max-width: 1024px) 100vw, 1024px\" \/><\/figure><\/div>\n\n\n\n<div class=\"wp-block-image\"><figure class=\"aligncenter size-large\"><img loading=\"lazy\" decoding=\"async\" width=\"1024\" height=\"576\" src=\"https:\/\/www.diocesesaoluis.org.br\/home\/wp-content\/uploads\/2023\/05\/349007810_2264174253767690_1681893781345628780_n-1024x576.jpeg\" alt=\"\" class=\"wp-image-16441\" srcset=\"https:\/\/www.diocesesaoluis.org.br\/home\/wp-content\/uploads\/2023\/05\/349007810_2264174253767690_1681893781345628780_n-1024x576.jpeg 1024w, https:\/\/www.diocesesaoluis.org.br\/home\/wp-content\/uploads\/2023\/05\/349007810_2264174253767690_1681893781345628780_n-300x169.jpeg 300w, https:\/\/www.diocesesaoluis.org.br\/home\/wp-content\/uploads\/2023\/05\/349007810_2264174253767690_1681893781345628780_n-150x84.jpeg 150w, https:\/\/www.diocesesaoluis.org.br\/home\/wp-content\/uploads\/2023\/05\/349007810_2264174253767690_1681893781345628780_n-359x201.jpeg 359w, https:\/\/www.diocesesaoluis.org.br\/home\/wp-content\/uploads\/2023\/05\/349007810_2264174253767690_1681893781345628780_n.jpeg 1440w\" sizes=\"auto, (max-width: 1024px) 100vw, 1024px\" \/><\/figure><\/div>\n","protected":false},"excerpt":{"rendered":"<p>Ontem, 23 de maio, o Clero de nossa Diocese esteve reunido com o nosso bispo, Dom Lindomar Rocha, para tratar de v\u00e1rios assuntos relacionados \u00e0 vida pastoral e administrativa. Na pauta, houve a elei\u00e7\u00e3o do novo representante dos presb\u00edteros: o eleito foi o Pe. Manoel Rejane. Em rela\u00e7\u00e3o \u00e0s R\u00e1dios Diocesanas foi ressaltado o processo<span class=\"read-more arrow\"><a href=\"https:\/\/www.diocesesaoluis.org.br\/home\/2023\/05\/24\/clero-diocesano-se-reune-para-tratar-assuntos-pastorais-e-administrativos\/\" title=\"Read More\">&rarr;<\/a><\/span><\/p>\n","protected":false},"author":2,"featured_media":16439,"comment_status":"closed","ping_status":"open","sticky":false,"template":"","format":"standard","meta":{"ub_ctt_via":"","footnotes":""},"categories":[6,3],"tags":[405,410],"class_list":{"0":"post-16438","1":"post","2":"type-post","3":"status-publish","4":"format-standard","5":"has-post-thumbnail","7":"category-bispo-diocesano","8":"category-clero","9":"tag-clero-diocesano","10":"tag-reuniao-do-clero"},"featured_image_src":"https:\/\/www.diocesesaoluis.org.br\/home\/wp-content\/uploads\/2023\/05\/348940995_659456225979978_1326640886430320741_n.jpeg","author_info":{"display_name":false,"author_link":"https:\/\/www.diocesesaoluis.org.br\/home\/author\/lucas\/"},"_links":{"self":[{"href":"https:\/\/www.diocesesaoluis.org.br\/home\/wp-json\/wp\/v2\/posts\/16438","targetHints":{"allow":["GET"]}}],"collection":[{"href":"https:\/\/www.diocesesaoluis.org.br\/home\/wp-json\/wp\/v2\/posts"}],"about":[{"href":"https:\/\/www.diocesesaoluis.org.br\/home\/wp-json\/wp\/v2\/types\/post"}],"author":[{"embeddable":true,"href":"https:\/\/www.diocesesaoluis.org.br\/home\/wp-json\/wp\/v2\/users\/2"}],"replies":[{"embeddable":true,"href":"https:\/\/www.diocesesaoluis.org.br\/home\/wp-json\/wp\/v2\/comments?post=16438"}],"version-history":[{"count":1,"href":"https:\/\/www.diocesesaoluis.org.br\/home\/wp-json\/wp\/v2\/posts\/16438\/revisions"}],"predecessor-version":[{"id":16442,"href":"https:\/\/www.diocesesaoluis.org.br\/home\/wp-json\/wp\/v2\/posts\/16438\/revisions\/16442"}],"wp:featuredmedia":[{"embeddable":true,"href":"https:\/\/www.diocesesaoluis.org.br\/home\/wp-json\/wp\/v2\/media\/16439"}],"wp:attachment":[{"href":"https:\/\/www.diocesesaoluis.org.br\/home\/wp-json\/wp\/v2\/media?parent=16438"}],"wp:term":[{"taxonomy":"category","embeddable":true,"href":"https:\/\/www.diocesesaoluis.org.br\/home\/wp-json\/wp\/v2\/categories?post=16438"},{"taxonomy":"post_tag","embeddable":true,"href":"https:\/\/www.diocesesaoluis.org.br\/home\/wp-json\/wp\/v2\/tags?post=16438"}],"curies":[{"name":"wp","href":"https:\/\/api.w.org\/{rel}","templated":true}]}}