{"id":16371,"date":"2023-05-20T16:44:25","date_gmt":"2023-05-20T19:44:25","guid":{"rendered":"https:\/\/www.diocesesaoluis.org.br\/home\/?p=16371"},"modified":"2023-05-24T10:22:54","modified_gmt":"2023-05-24T13:22:54","slug":"movimento-maes-que-oram-pelos-filhos-promovera-1o-encontro-diocesano","status":"publish","type":"post","link":"https:\/\/www.diocesesaoluis.org.br\/home\/2023\/05\/20\/movimento-maes-que-oram-pelos-filhos-promovera-1o-encontro-diocesano\/","title":{"rendered":"Movimento &#8220;M\u00e3es que oram pelos filhos&#8221; promover\u00e1 1\u00ba Encontro Diocesano"},"content":{"rendered":"\n<p>No pr\u00f3ximo dia 20, acontecer\u00e1 o 1\u00b0 Encontro Diocesano do movimento &#8220;M\u00e3es que oram pelos filhos&#8221;. Haver\u00e1 palestras, forma\u00e7\u00f5es e a Santa Missa presidida por Dom Lindomar Rocha, na Catedral S\u00e3o Lu\u00eds Gonzaga. Programe-se junto com o seu grupo e participe!<\/p>\n\n\n\n<div class=\"wp-block-image\"><figure class=\"aligncenter size-large\"><img loading=\"lazy\" decoding=\"async\" width=\"1024\" height=\"1024\" src=\"https:\/\/www.diocesesaoluis.org.br\/home\/wp-content\/uploads\/2023\/05\/346323486_771152414391094_5544057095629557057_n-1024x1024.jpeg\" alt=\"\" class=\"wp-image-16372\" srcset=\"https:\/\/www.diocesesaoluis.org.br\/home\/wp-content\/uploads\/2023\/05\/346323486_771152414391094_5544057095629557057_n-1024x1024.jpeg 1024w, https:\/\/www.diocesesaoluis.org.br\/home\/wp-content\/uploads\/2023\/05\/346323486_771152414391094_5544057095629557057_n-300x300.jpeg 300w, https:\/\/www.diocesesaoluis.org.br\/home\/wp-content\/uploads\/2023\/05\/346323486_771152414391094_5544057095629557057_n-150x150.jpeg 150w, https:\/\/www.diocesesaoluis.org.br\/home\/wp-content\/uploads\/2023\/05\/346323486_771152414391094_5544057095629557057_n.jpeg 1080w\" sizes=\"auto, (max-width: 1024px) 100vw, 1024px\" \/><\/figure><\/div>\n\n\n\n<div class=\"wp-block-image\"><figure class=\"aligncenter size-large\"><img loading=\"lazy\" decoding=\"async\" width=\"1024\" height=\"1024\" src=\"https:\/\/www.diocesesaoluis.org.br\/home\/wp-content\/uploads\/2023\/05\/345062125_992648261900961_5587758796210319914_n-1024x1024.jpeg\" alt=\"\" class=\"wp-image-16373\" srcset=\"https:\/\/www.diocesesaoluis.org.br\/home\/wp-content\/uploads\/2023\/05\/345062125_992648261900961_5587758796210319914_n-1024x1024.jpeg 1024w, https:\/\/www.diocesesaoluis.org.br\/home\/wp-content\/uploads\/2023\/05\/345062125_992648261900961_5587758796210319914_n-300x300.jpeg 300w, https:\/\/www.diocesesaoluis.org.br\/home\/wp-content\/uploads\/2023\/05\/345062125_992648261900961_5587758796210319914_n-150x150.jpeg 150w, https:\/\/www.diocesesaoluis.org.br\/home\/wp-content\/uploads\/2023\/05\/345062125_992648261900961_5587758796210319914_n.jpeg 1080w\" sizes=\"auto, (max-width: 1024px) 100vw, 1024px\" \/><\/figure><\/div>\n","protected":false},"excerpt":{"rendered":"<p>No pr\u00f3ximo dia 20, acontecer\u00e1 o 1\u00b0 Encontro Diocesano do movimento &#8220;M\u00e3es que oram pelos filhos&#8221;. Haver\u00e1 palestras, forma\u00e7\u00f5es e a Santa Missa presidida por Dom Lindomar Rocha, na Catedral S\u00e3o Lu\u00eds Gonzaga. Programe-se junto com o seu grupo e participe!<\/p>\n","protected":false},"author":2,"featured_media":16374,"comment_status":"closed","ping_status":"open","sticky":false,"template":"","format":"standard","meta":{"ub_ctt_via":"","footnotes":""},"categories":[219],"tags":[409],"class_list":{"0":"post-16371","1":"post","2":"type-post","3":"status-publish","4":"format-standard","5":"has-post-thumbnail","7":"category-movimentos","8":"tag-maes-que-oram-pelos-filhos"},"featured_image_src":"https:\/\/www.diocesesaoluis.org.br\/home\/wp-content\/uploads\/2023\/05\/MAES_QUE_ORAM.jpeg","author_info":{"display_name":false,"author_link":"https:\/\/www.diocesesaoluis.org.br\/home\/author\/lucas\/"},"_links":{"self":[{"href":"https:\/\/www.diocesesaoluis.org.br\/home\/wp-json\/wp\/v2\/posts\/16371","targetHints":{"allow":["GET"]}}],"collection":[{"href":"https:\/\/www.diocesesaoluis.org.br\/home\/wp-json\/wp\/v2\/posts"}],"about":[{"href":"https:\/\/www.diocesesaoluis.org.br\/home\/wp-json\/wp\/v2\/types\/post"}],"author":[{"embeddable":true,"href":"https:\/\/www.diocesesaoluis.org.br\/home\/wp-json\/wp\/v2\/users\/2"}],"replies":[{"embeddable":true,"href":"https:\/\/www.diocesesaoluis.org.br\/home\/wp-json\/wp\/v2\/comments?post=16371"}],"version-history":[{"count":1,"href":"https:\/\/www.diocesesaoluis.org.br\/home\/wp-json\/wp\/v2\/posts\/16371\/revisions"}],"predecessor-version":[{"id":16375,"href":"https:\/\/www.diocesesaoluis.org.br\/home\/wp-json\/wp\/v2\/posts\/16371\/revisions\/16375"}],"wp:featuredmedia":[{"embeddable":true,"href":"https:\/\/www.diocesesaoluis.org.br\/home\/wp-json\/wp\/v2\/media\/16374"}],"wp:attachment":[{"href":"https:\/\/www.diocesesaoluis.org.br\/home\/wp-json\/wp\/v2\/media?parent=16371"}],"wp:term":[{"taxonomy":"category","embeddable":true,"href":"https:\/\/www.diocesesaoluis.org.br\/home\/wp-json\/wp\/v2\/categories?post=16371"},{"taxonomy":"post_tag","embeddable":true,"href":"https:\/\/www.diocesesaoluis.org.br\/home\/wp-json\/wp\/v2\/tags?post=16371"}],"curies":[{"name":"wp","href":"https:\/\/api.w.org\/{rel}","templated":true}]}}