{"id":16356,"date":"2023-05-12T07:22:00","date_gmt":"2023-05-12T10:22:00","guid":{"rendered":"https:\/\/www.diocesesaoluis.org.br\/home\/?p=16356"},"modified":"2023-05-12T08:26:25","modified_gmt":"2023-05-12T11:26:25","slug":"dom-lindomar-rocha-crisma-jovens-e-adultos-da-paroquia-de-anicuns","status":"publish","type":"post","link":"https:\/\/www.diocesesaoluis.org.br\/home\/2023\/05\/12\/dom-lindomar-rocha-crisma-jovens-e-adultos-da-paroquia-de-anicuns\/","title":{"rendered":"Dom Lindomar Rocha crisma jovens e adultos da Par\u00f3quia de Anicuns"},"content":{"rendered":"\n<p>No domingo, 07 de maio, Dom Lindomar Rocha presidiu a Santa Missa e conferiu o Sacramento da Confirma\u00e7\u00e3o a jovens e adultos da Inicia\u00e7\u00e3o \u00e0 Vida Crist\u00e3 da Par\u00f3quia S\u00e3o Francisco de Assis, em Anicuns. Concelebraram os padres Dionivaldo, p\u00e1roco da par\u00f3quia, e Augusto, p\u00e1roco de Indiara. Participaram os catequistas, familiares dos crismandos e os fi\u00e9is da par\u00f3quia.<\/p>\n\n\n\n<div class=\"wp-block-image\"><figure class=\"aligncenter size-large\"><img loading=\"lazy\" decoding=\"async\" width=\"1024\" height=\"683\" src=\"https:\/\/www.diocesesaoluis.org.br\/home\/wp-content\/uploads\/2023\/05\/345621678_628744788812489_161796496601749328_n-1024x683.jpeg\" alt=\"\" class=\"wp-image-16358\" srcset=\"https:\/\/www.diocesesaoluis.org.br\/home\/wp-content\/uploads\/2023\/05\/345621678_628744788812489_161796496601749328_n-1024x683.jpeg 1024w, https:\/\/www.diocesesaoluis.org.br\/home\/wp-content\/uploads\/2023\/05\/345621678_628744788812489_161796496601749328_n-300x200.jpeg 300w, https:\/\/www.diocesesaoluis.org.br\/home\/wp-content\/uploads\/2023\/05\/345621678_628744788812489_161796496601749328_n-150x100.jpeg 150w, https:\/\/www.diocesesaoluis.org.br\/home\/wp-content\/uploads\/2023\/05\/345621678_628744788812489_161796496601749328_n-252x167.jpeg 252w, https:\/\/www.diocesesaoluis.org.br\/home\/wp-content\/uploads\/2023\/05\/345621678_628744788812489_161796496601749328_n.jpeg 1065w\" sizes=\"auto, (max-width: 1024px) 100vw, 1024px\" \/><\/figure><\/div>\n\n\n\n<div class=\"wp-block-image\"><figure class=\"aligncenter size-large\"><img loading=\"lazy\" decoding=\"async\" width=\"1024\" height=\"683\" src=\"https:\/\/www.diocesesaoluis.org.br\/home\/wp-content\/uploads\/2023\/05\/345882221_571319085069823_2705808552605646251_n-1024x683.jpeg\" alt=\"\" class=\"wp-image-16359\" srcset=\"https:\/\/www.diocesesaoluis.org.br\/home\/wp-content\/uploads\/2023\/05\/345882221_571319085069823_2705808552605646251_n-1024x683.jpeg 1024w, https:\/\/www.diocesesaoluis.org.br\/home\/wp-content\/uploads\/2023\/05\/345882221_571319085069823_2705808552605646251_n-300x200.jpeg 300w, https:\/\/www.diocesesaoluis.org.br\/home\/wp-content\/uploads\/2023\/05\/345882221_571319085069823_2705808552605646251_n-150x100.jpeg 150w, https:\/\/www.diocesesaoluis.org.br\/home\/wp-content\/uploads\/2023\/05\/345882221_571319085069823_2705808552605646251_n-252x167.jpeg 252w, https:\/\/www.diocesesaoluis.org.br\/home\/wp-content\/uploads\/2023\/05\/345882221_571319085069823_2705808552605646251_n.jpeg 1066w\" sizes=\"auto, (max-width: 1024px) 100vw, 1024px\" \/><\/figure><\/div>\n\n\n\n<div class=\"wp-block-image\"><figure class=\"aligncenter size-large is-resized\"><img loading=\"lazy\" decoding=\"async\" src=\"https:\/\/www.diocesesaoluis.org.br\/home\/wp-content\/uploads\/2023\/05\/345258098_747334797118539_4300107163326331296_n-1-819x1024.jpeg\" alt=\"\" class=\"wp-image-16361\" width=\"441\" height=\"551\" srcset=\"https:\/\/www.diocesesaoluis.org.br\/home\/wp-content\/uploads\/2023\/05\/345258098_747334797118539_4300107163326331296_n-1-819x1024.jpeg 819w, https:\/\/www.diocesesaoluis.org.br\/home\/wp-content\/uploads\/2023\/05\/345258098_747334797118539_4300107163326331296_n-1-240x300.jpeg 240w, https:\/\/www.diocesesaoluis.org.br\/home\/wp-content\/uploads\/2023\/05\/345258098_747334797118539_4300107163326331296_n-1-120x150.jpeg 120w, https:\/\/www.diocesesaoluis.org.br\/home\/wp-content\/uploads\/2023\/05\/345258098_747334797118539_4300107163326331296_n-1-1229x1536.jpeg 1229w, https:\/\/www.diocesesaoluis.org.br\/home\/wp-content\/uploads\/2023\/05\/345258098_747334797118539_4300107163326331296_n-1.jpeg 1440w\" sizes=\"auto, (max-width: 441px) 100vw, 441px\" \/><\/figure><\/div>\n","protected":false},"excerpt":{"rendered":"<p>No domingo, 07 de maio, Dom Lindomar Rocha presidiu a Santa Missa e conferiu o Sacramento da Confirma\u00e7\u00e3o a jovens e adultos da Inicia\u00e7\u00e3o \u00e0 Vida Crist\u00e3 da Par\u00f3quia S\u00e3o Francisco de Assis, em Anicuns. Concelebraram os padres Dionivaldo, p\u00e1roco da par\u00f3quia, e Augusto, p\u00e1roco de Indiara. Participaram os catequistas, familiares dos crismandos e os<span class=\"read-more arrow\"><a href=\"https:\/\/www.diocesesaoluis.org.br\/home\/2023\/05\/12\/dom-lindomar-rocha-crisma-jovens-e-adultos-da-paroquia-de-anicuns\/\" title=\"Read More\">&rarr;<\/a><\/span><\/p>\n","protected":false},"author":2,"featured_media":16357,"comment_status":"closed","ping_status":"open","sticky":false,"template":"","format":"standard","meta":{"ub_ctt_via":"","footnotes":""},"categories":[106,73],"tags":[256,310,265],"class_list":{"0":"post-16356","1":"post","2":"type-post","3":"status-publish","4":"format-standard","5":"has-post-thumbnail","7":"category-forania-sao-luis-gonzaga","8":"category-paroquias","9":"tag-crisma","10":"tag-forania-sao-luis-gonzaga","11":"tag-paroquias"},"featured_image_src":"https:\/\/www.diocesesaoluis.org.br\/home\/wp-content\/uploads\/2023\/05\/345607169_224025806931929_1275724834898550172_n.jpeg","author_info":{"display_name":false,"author_link":"https:\/\/www.diocesesaoluis.org.br\/home\/author\/lucas\/"},"_links":{"self":[{"href":"https:\/\/www.diocesesaoluis.org.br\/home\/wp-json\/wp\/v2\/posts\/16356","targetHints":{"allow":["GET"]}}],"collection":[{"href":"https:\/\/www.diocesesaoluis.org.br\/home\/wp-json\/wp\/v2\/posts"}],"about":[{"href":"https:\/\/www.diocesesaoluis.org.br\/home\/wp-json\/wp\/v2\/types\/post"}],"author":[{"embeddable":true,"href":"https:\/\/www.diocesesaoluis.org.br\/home\/wp-json\/wp\/v2\/users\/2"}],"replies":[{"embeddable":true,"href":"https:\/\/www.diocesesaoluis.org.br\/home\/wp-json\/wp\/v2\/comments?post=16356"}],"version-history":[{"count":1,"href":"https:\/\/www.diocesesaoluis.org.br\/home\/wp-json\/wp\/v2\/posts\/16356\/revisions"}],"predecessor-version":[{"id":16362,"href":"https:\/\/www.diocesesaoluis.org.br\/home\/wp-json\/wp\/v2\/posts\/16356\/revisions\/16362"}],"wp:featuredmedia":[{"embeddable":true,"href":"https:\/\/www.diocesesaoluis.org.br\/home\/wp-json\/wp\/v2\/media\/16357"}],"wp:attachment":[{"href":"https:\/\/www.diocesesaoluis.org.br\/home\/wp-json\/wp\/v2\/media?parent=16356"}],"wp:term":[{"taxonomy":"category","embeddable":true,"href":"https:\/\/www.diocesesaoluis.org.br\/home\/wp-json\/wp\/v2\/categories?post=16356"},{"taxonomy":"post_tag","embeddable":true,"href":"https:\/\/www.diocesesaoluis.org.br\/home\/wp-json\/wp\/v2\/tags?post=16356"}],"curies":[{"name":"wp","href":"https:\/\/api.w.org\/{rel}","templated":true}]}}