{"id":16324,"date":"2023-04-25T08:54:47","date_gmt":"2023-04-25T11:54:47","guid":{"rendered":"https:\/\/www.diocesesaoluis.org.br\/home\/?p=16324"},"modified":"2023-04-28T07:58:30","modified_gmt":"2023-04-28T10:58:30","slug":"dom-jaime-spengler-e-eleito-presidente-da-cnbb-para-o-quadrienio-2023-2027","status":"publish","type":"post","link":"https:\/\/www.diocesesaoluis.org.br\/home\/2023\/04\/25\/dom-jaime-spengler-e-eleito-presidente-da-cnbb-para-o-quadrienio-2023-2027\/","title":{"rendered":"DOM JAIME SPENGLER \u00c9 ELEITO PRESIDENTE DA CNBB PARA O QUADRI\u00caNIO 2023 \u2013 2027"},"content":{"rendered":"\n<p>O arcebispo de Porto Alegre (RS) e atual primeiro vice-presidente da Confer\u00eancia Nacional dos Bispos do Brasil (CNBB), dom Jaime Spengler, foi eleito presidente da CNBB nesta segunda-feira, 24 de abril. Ele estar\u00e1 \u00e0 frente da Presid\u00eancia da entidade de 2023 a 2027.<\/p>\n\n\n\n<p>A elei\u00e7\u00e3o foi realizada na segunda sess\u00e3o na manh\u00e3 desta segunda-feira. Dom Jaime foi eleito em terceiro escrut\u00ednio, o qual pede maioria simples dos votos. O an\u00fancio foi feito no in\u00edcio da sess\u00e3o reservada, no audit\u00f3rio No\u00e9 Sotillo, no per\u00edodo da tarde. Dom Jaime ser\u00e1 o 14\u00ba presidente da Confer\u00eancia.<\/p>\n\n\n\n<div class=\"wp-block-image\"><figure class=\"alignleft is-resized\"><a href=\"https:\/\/www.cnbb.org.br\/wp-content\/uploads\/2023\/04\/Anuncio-dom-Jaime-1.jpeg\"><img loading=\"lazy\" decoding=\"async\" src=\"https:\/\/www.cnbb.org.br\/wp-content\/uploads\/2023\/04\/Anuncio-dom-Jaime-1-225x300.jpeg\" alt=\"\" width=\"172\" height=\"229\"\/><\/a><\/figure><\/div>\n\n\n\n<p>Perguntado pelo atual presidente, dom Walmor Oliveira de Azevedo, se aceita a fun\u00e7\u00e3o a ele confiada pelo episcopado brasileiro, conforme prev\u00ea o Estatuto, dom Jaime respondeu:<\/p>\n\n\n\n<blockquote class=\"wp-block-quote is-layout-flow wp-block-quote-is-layout-flow\"><p>\u201cCom humildade, simplicidade, temor e tremor, mas sobretudo na f\u00e9, em esp\u00edrito de comunh\u00e3o e colabora\u00e7\u00e3o, sim!\u201d.<\/p><\/blockquote>\n\n\n\n<p><\/p>\n\n\n\n<h3 class=\"wp-block-heading\">Biografia e trajet\u00f3ria eclesial<\/h3>\n\n\n\n<div class=\"wp-block-image\"><figure class=\"alignright is-resized\"><a href=\"https:\/\/www.cnbb.org.br\/wp-content\/uploads\/2023\/04\/Anuncio-dom-Jaime-2.jpeg\"><img loading=\"lazy\" decoding=\"async\" src=\"https:\/\/www.cnbb.org.br\/wp-content\/uploads\/2023\/04\/Anuncio-dom-Jaime-2-225x300.jpeg\" alt=\"\" width=\"173\" height=\"231\"\/><\/a><\/figure><\/div>\n\n\n\n<p>Dom Jaime Spengler nasceu em 6 de setembro de 1960, em Gaspar (SC). Ingressou na Ordem dos Frades Menores, tamb\u00e9m conhecida por Ordem de S\u00e3o Francisco (Franciscanos) em 20 de janeiro de 1982, pela admiss\u00e3o no Noviciado na cidade de Rodeio (SC). Cursou Filosofia no Instituto Filos\u00f3fico S\u00e3o Boaventura, de Campo Largo (PR), e Teologia no Instituto Teol\u00f3gico Franciscano de Petr\u00f3polis (RJ), concluindo-o no Instituto Teol\u00f3gico de Jerusal\u00e9m, em Israel.<\/p>\n\n\n\n<p>Foi ordenado sacerdote em 17 de novembro de 1990, na sua cidade natal. Fez doutorado em Filosofia na Pontif\u00edcia Universidade&nbsp;<em>Antonianum,<\/em>&nbsp;em Roma, e atuou dentro da Ordem dos Frades Menores em diversas miss\u00f5es e cidades do pa\u00eds at\u00e9 2010, quando foi nomeado pelo Papa Bento XVI como bispo auxiliar da arquidiocese de Porto Alegre. A ordena\u00e7\u00e3o episcopal, presidida por dom Lorenzo Baldisseri, n\u00fancio apost\u00f3lico no Brasil na ocasi\u00e3o, ocorreu dia 5 de fevereiro de 2011, na par\u00f3quia S\u00e3o Pedro Ap\u00f3stolo, em Gaspar.<\/p>\n\n\n\n<p>Dom Jaime Spengler \u00e9 arcebispo metropolitano de Porto Alegre desde 18 de setembro de 2013, quando foi nomeado pelo Papa Francisco que, concomitantemente, recebeu o pedido de ren\u00fancia de dom Dadeus Grings. Escolheu como seu lema episcopal<em>&nbsp;\u201cGloriar-se na Cruz\u201d<\/em>&nbsp;(Cl 6,14) \u2013&nbsp;<em>In Cruce Gloriari<\/em>.<\/p>\n\n\n\n<p>No quadri\u00eanio de 2011 a 2015, foi membro da Comiss\u00e3o Episcopal Pastoral para os Minist\u00e9rios Ordenado e a Vida Consagrada da CNBB. Em 2015, foi eleito presidente desta comiss\u00e3o. Entre os destaques de sua atua\u00e7\u00e3o \u00e0 frente do colegiado, consta a aprova\u00e7\u00e3o das novas Diretrizes para a Forma\u00e7\u00e3o de Presb\u00edteros da Igreja no Brasil, em 2018.<\/p>\n\n\n\n<p>Em maio de 2019, foi eleito primeiro vice-presidente da CNBB. Tamb\u00e9m \u00e9 o bispo referencial da CNBB para o Col\u00e9gio Pio Brasileiro, em Roma. Exerce ainda as fun\u00e7\u00f5es de vice-presidente da Comiss\u00e3o Especial para o Acordo Brasil-Santa S\u00e9 da CNBB e bispo referencial CNBB \u2013 Regional Sul 3 para Vida Consagrada e Minist\u00e9rios Ordenados.&nbsp;<\/p>\n\n\n\n<h4 class=\"wp-block-heading\"><em><strong><a href=\"https:\/\/www.cnbb.org.br\/sexto-dia-60a-ag-cnbb-votacoes-como-sera-processo-eleitoral\/\" target=\"_blank\" rel=\"noreferrer noopener\">Saiba como ser\u00e1 o processo de vota\u00e7\u00e3o na 60\u00aa Assembleia Geral<\/a><\/strong><\/em><\/h4>\n\n\n\n<p>Confira o primeiro pronunciamento de dom Jaime como presidente da CNBB:<\/p>\n\n\n\n<figure class=\"wp-block-embed-youtube aligncenter wp-block-embed is-type-video is-provider-youtube wp-embed-aspect-16-9 wp-has-aspect-ratio\"><div class=\"wp-block-embed__wrapper\">\n<iframe loading=\"lazy\" title=\"60\u00aa AG CNBB - Pronunciamento do Novo Presidente - 24\/04\/23\" width=\"740\" height=\"416\" src=\"https:\/\/www.youtube.com\/embed\/BYUbqT2PCCk?feature=oembed\" frameborder=\"0\" allow=\"accelerometer; autoplay; clipboard-write; encrypted-media; gyroscope; picture-in-picture; web-share\" allowfullscreen><\/iframe>\n<\/div><\/figure>\n","protected":false},"excerpt":{"rendered":"<p>O arcebispo de Porto Alegre (RS) e atual primeiro vice-presidente da Confer\u00eancia Nacional dos Bispos do Brasil (CNBB), dom Jaime Spengler, foi eleito presidente da CNBB nesta segunda-feira, 24 de abril. Ele estar\u00e1 \u00e0 frente da Presid\u00eancia da entidade de 2023 a 2027. A elei\u00e7\u00e3o foi realizada na segunda sess\u00e3o na manh\u00e3 desta segunda-feira. Dom<span class=\"read-more arrow\"><a href=\"https:\/\/www.diocesesaoluis.org.br\/home\/2023\/04\/25\/dom-jaime-spengler-e-eleito-presidente-da-cnbb-para-o-quadrienio-2023-2027\/\" title=\"Read More\">&rarr;<\/a><\/span><\/p>\n","protected":false},"author":2,"featured_media":16325,"comment_status":"closed","ping_status":"open","sticky":false,"template":"","format":"standard","meta":{"ub_ctt_via":"","footnotes":""},"categories":[334],"tags":[406,248,395],"class_list":{"0":"post-16324","1":"post","2":"type-post","3":"status-publish","4":"format-standard","5":"has-post-thumbnail","7":"category-igreja-no-brasil","8":"tag-assembleia-geral-da-cnbb","9":"tag-cnbb","10":"tag-igreja-no-brasil"},"featured_image_src":"https:\/\/www.diocesesaoluis.org.br\/home\/wp-content\/uploads\/2023\/04\/Dom-Jaime-Spengler-60-AG-CNBB.jpeg","author_info":{"display_name":false,"author_link":"https:\/\/www.diocesesaoluis.org.br\/home\/author\/lucas\/"},"_links":{"self":[{"href":"https:\/\/www.diocesesaoluis.org.br\/home\/wp-json\/wp\/v2\/posts\/16324","targetHints":{"allow":["GET"]}}],"collection":[{"href":"https:\/\/www.diocesesaoluis.org.br\/home\/wp-json\/wp\/v2\/posts"}],"about":[{"href":"https:\/\/www.diocesesaoluis.org.br\/home\/wp-json\/wp\/v2\/types\/post"}],"author":[{"embeddable":true,"href":"https:\/\/www.diocesesaoluis.org.br\/home\/wp-json\/wp\/v2\/users\/2"}],"replies":[{"embeddable":true,"href":"https:\/\/www.diocesesaoluis.org.br\/home\/wp-json\/wp\/v2\/comments?post=16324"}],"version-history":[{"count":1,"href":"https:\/\/www.diocesesaoluis.org.br\/home\/wp-json\/wp\/v2\/posts\/16324\/revisions"}],"predecessor-version":[{"id":16326,"href":"https:\/\/www.diocesesaoluis.org.br\/home\/wp-json\/wp\/v2\/posts\/16324\/revisions\/16326"}],"wp:featuredmedia":[{"embeddable":true,"href":"https:\/\/www.diocesesaoluis.org.br\/home\/wp-json\/wp\/v2\/media\/16325"}],"wp:attachment":[{"href":"https:\/\/www.diocesesaoluis.org.br\/home\/wp-json\/wp\/v2\/media?parent=16324"}],"wp:term":[{"taxonomy":"category","embeddable":true,"href":"https:\/\/www.diocesesaoluis.org.br\/home\/wp-json\/wp\/v2\/categories?post=16324"},{"taxonomy":"post_tag","embeddable":true,"href":"https:\/\/www.diocesesaoluis.org.br\/home\/wp-json\/wp\/v2\/tags?post=16324"}],"curies":[{"name":"wp","href":"https:\/\/api.w.org\/{rel}","templated":true}]}}