{"id":16,"date":"2020-05-04T06:53:14","date_gmt":"2020-05-04T09:53:14","guid":{"rendered":"http:\/\/motive.theme-sphere.com\/news-demo\/intro-to-the-marvel-heroes"},"modified":"2020-09-01T23:20:14","modified_gmt":"2020-09-02T02:20:14","slug":"intro-to-the-marvel-heroes","status":"publish","type":"post","link":"https:\/\/www.diocesesaoluis.org.br\/home\/2020\/05\/04\/intro-to-the-marvel-heroes\/","title":{"rendered":"Monselhor Lindomar Rocha \u00e9 nomeado Bispo"},"content":{"rendered":"<p>O monsenhor Lindomar Rocha Mota, nomeado pelo Papa Francisco como bispo da Diocese de S\u00e3o Lu\u00eds de Montes Belos (GO), ser\u00e1 ordenado bispo no dia 14 de mar\u00e7o, \u00e0s 17h, na Bas\u00edlica S\u00e3o Geraldo, em Curvelo (MG).<\/p>\n<p>Os bispos ordenantes ser\u00e3o: dom Darci Jos\u00e9 Nicioli, CSsR, arcebispo de Diamantina, dom Walmor Oliveira de Azevedo, arcebispo de Belo Horizonte e presidente da Confer\u00eancia Nacional dos Bispos do Brasil (CNBB) e dom Jos\u00e9 Francisco Rezende Dias (arcebispo de Niter\u00f3i).<\/p>\n<p>S\u00e3o esperados bispos, padres, di\u00e1conos, religiosos e religiosas, seminaristas e leigos e leigas de toda regi\u00e3o, al\u00e9m de pessoas vindas do clero da Diocese de S\u00e3o Luis dos Montes Belos.<\/p>\n<p>A Posse Can\u00f4nica ser\u00e1 no dia 16 de maio, \u00e0s 17h, na Catedral de S\u00e3o Luiz Gonzaga, em S\u00e3o Luis de Montes Belos (GO).<\/p>\n<p><strong>Quem \u00e9 monsenhor Lindomar Rocha Mota?<\/strong><\/p>\n<p>Nomeado pelo Papa Francisco bispo da Diocese de S\u00e3o Lu\u00eds de Montes Belos (GO), no dia 22 de janeiro, monsenhor Lindomar Rocha Mota, nasceu em Arataca (BA) em 1971, filho de Josu\u00e9 Rocha e Vit\u00f3ria Farias, cursou filosofia no ITI e teologia no Semin\u00e1rio Provincial Sagrado Cora\u00e7\u00e3o de Jesus, em Diamantina e Ateneu Pontif\u00edcio Regina Apostolorum. Foi ordenado sacerdote em 1998, por&nbsp; dom Paulo Lopes de Faria. Possui mestrado&nbsp;em&nbsp;teologia&nbsp;e&nbsp;filosofia, \u00e9&nbsp;doutor&nbsp;em&nbsp;filosofia moderna&nbsp;pela&nbsp;Universidade Gregoriana&nbsp;e&nbsp;p\u00f3s-doutor&nbsp;em direitos humanos e democracia pelo Ius Gentium Conimbrigae de&nbsp;Coimbra. Na&nbsp;Arquidiocese de Diamantina , foi membro dos conselhos presbiteral, econ\u00f4mico, dos consultores e coordenador do V S\u00ednodo Arquidiocesano. Pastoralmente, o&nbsp; foi reitor do Semin\u00e1rio Provincial Sagrado Cora\u00e7\u00e3o de Jesus, diretor espiritual, chanceler do arcebispado, diretor do Instituto de filosofia e teologia do Semin\u00e1rio, vig\u00e1rio paroquial da Catedral e da Par\u00f3quia S\u00e3o Judas Tadeu, p\u00e1roco na Par\u00f3quia de S\u00e3o Jos\u00e9. Entre os anos de 2003 e 2007 prestou servi\u00e7o \u00e0 CNBB&nbsp;como assessor da Comiss\u00e3o Episcopal para a Doutrina da F\u00e9.Era p\u00e1roco na Par\u00f3quia de Santo Ant\u00f4nio, em Curvelo e diretor da Faculdade Arquidiocesana de Curvelo, at\u00e9 a sua nomea\u00e7\u00e3o.<\/p>\n","protected":false},"excerpt":{"rendered":"<p>O monsenhor Lindomar Rocha Mota, nomeado pelo Papa Francisco como bispo da Diocese de S\u00e3o Lu\u00eds de Montes Belos (GO), ser\u00e1 ordenado bispo no dia 14 de mar\u00e7o, \u00e0s 17h, na Bas\u00edlica S\u00e3o Geraldo, em Curvelo (MG). Os bispos ordenantes ser\u00e3o: dom Darci Jos\u00e9 Nicioli, CSsR, arcebispo de Diamantina, dom Walmor Oliveira de Azevedo, arcebispo<span class=\"read-more arrow\"><a href=\"https:\/\/www.diocesesaoluis.org.br\/home\/2020\/05\/04\/intro-to-the-marvel-heroes\/\" title=\"Read More\">&rarr;<\/a><\/span><\/p>\n","protected":false},"author":1,"featured_media":8419,"comment_status":"closed","ping_status":"open","sticky":false,"template":"","format":"video","meta":{"ub_ctt_via":"","footnotes":""},"categories":[2],"tags":[],"class_list":{"0":"post-16","1":"post","2":"type-post","3":"status-publish","4":"format-video","5":"has-post-thumbnail","7":"category-pascom","8":"post_format-post-format-video"},"featured_image_src":"https:\/\/www.diocesesaoluis.org.br\/home\/wp-content\/uploads\/2014\/09\/cid_ii_k6ifkaav0-740x357-1.jpg","author_info":{"display_name":false,"author_link":"https:\/\/www.diocesesaoluis.org.br\/home\/author\/adriano\/"},"_links":{"self":[{"href":"https:\/\/www.diocesesaoluis.org.br\/home\/wp-json\/wp\/v2\/posts\/16","targetHints":{"allow":["GET"]}}],"collection":[{"href":"https:\/\/www.diocesesaoluis.org.br\/home\/wp-json\/wp\/v2\/posts"}],"about":[{"href":"https:\/\/www.diocesesaoluis.org.br\/home\/wp-json\/wp\/v2\/types\/post"}],"author":[{"embeddable":true,"href":"https:\/\/www.diocesesaoluis.org.br\/home\/wp-json\/wp\/v2\/users\/1"}],"replies":[{"embeddable":true,"href":"https:\/\/www.diocesesaoluis.org.br\/home\/wp-json\/wp\/v2\/comments?post=16"}],"version-history":[{"count":4,"href":"https:\/\/www.diocesesaoluis.org.br\/home\/wp-json\/wp\/v2\/posts\/16\/revisions"}],"predecessor-version":[{"id":9106,"href":"https:\/\/www.diocesesaoluis.org.br\/home\/wp-json\/wp\/v2\/posts\/16\/revisions\/9106"}],"wp:featuredmedia":[{"embeddable":true,"href":"https:\/\/www.diocesesaoluis.org.br\/home\/wp-json\/wp\/v2\/media\/8419"}],"wp:attachment":[{"href":"https:\/\/www.diocesesaoluis.org.br\/home\/wp-json\/wp\/v2\/media?parent=16"}],"wp:term":[{"taxonomy":"category","embeddable":true,"href":"https:\/\/www.diocesesaoluis.org.br\/home\/wp-json\/wp\/v2\/categories?post=16"},{"taxonomy":"post_tag","embeddable":true,"href":"https:\/\/www.diocesesaoluis.org.br\/home\/wp-json\/wp\/v2\/tags?post=16"}],"curies":[{"name":"wp","href":"https:\/\/api.w.org\/{rel}","templated":true}]}}