{"id":15814,"date":"2023-02-22T10:57:55","date_gmt":"2023-02-22T13:57:55","guid":{"rendered":"https:\/\/www.diocesesaoluis.org.br\/home\/?p=15814"},"modified":"2023-03-10T07:38:06","modified_gmt":"2023-03-10T10:38:06","slug":"forania-nossa-senhora-aparecida-promove-semana-pastoral","status":"publish","type":"post","link":"https:\/\/www.diocesesaoluis.org.br\/home\/2023\/02\/22\/forania-nossa-senhora-aparecida-promove-semana-pastoral\/","title":{"rendered":"Forania Nossa Senhora Aparecida promove Semana Pastoral"},"content":{"rendered":"\n<p class=\"has-text-align-right\"><strong>Pe. Manoel Rejane<\/strong><br><em>Vig\u00e1rio For\u00e2neo da Forania Nossa Senhora Aparecida<\/em><\/p>\n\n\n\n<p>Entre os dias 13 e 17 de fevereiro foi realizada na modalidade online a 2\u00aa edi\u00e7\u00e3o da Semana Pastoral da Forania Nossa Senhora Aparecida. Nossa gratid\u00e3o pelo esfor\u00e7o de todos que participaram e aos assessores que nos conduziram, tornando poss\u00edvel avan\u00e7armos um pouco mais na nossa experi\u00eancia crist\u00e3.<\/p>\n\n\n\n<div class=\"wp-block-image\"><figure class=\"aligncenter size-large is-resized\"><img loading=\"lazy\" decoding=\"async\" src=\"https:\/\/www.diocesesaoluis.org.br\/home\/wp-content\/uploads\/2023\/02\/WhatsApp-Image-2023-02-21-at-20.56.25-1-1024x576.jpeg\" alt=\"\" class=\"wp-image-15816\" width=\"520\" height=\"292\" srcset=\"https:\/\/www.diocesesaoluis.org.br\/home\/wp-content\/uploads\/2023\/02\/WhatsApp-Image-2023-02-21-at-20.56.25-1-1024x576.jpeg 1024w, https:\/\/www.diocesesaoluis.org.br\/home\/wp-content\/uploads\/2023\/02\/WhatsApp-Image-2023-02-21-at-20.56.25-1-300x169.jpeg 300w, https:\/\/www.diocesesaoluis.org.br\/home\/wp-content\/uploads\/2023\/02\/WhatsApp-Image-2023-02-21-at-20.56.25-1-150x84.jpeg 150w, https:\/\/www.diocesesaoluis.org.br\/home\/wp-content\/uploads\/2023\/02\/WhatsApp-Image-2023-02-21-at-20.56.25-1-359x201.jpeg 359w, https:\/\/www.diocesesaoluis.org.br\/home\/wp-content\/uploads\/2023\/02\/WhatsApp-Image-2023-02-21-at-20.56.25-1.jpeg 1366w\" sizes=\"auto, (max-width: 520px) 100vw, 520px\" \/><\/figure><\/div>\n\n\n\n<p>No primeiro dia, fomos conduzidos pela Sra. L\u00facia Roque, que durante anos coordenou a catequese em nossa diocese e hoje segue fazendo parte da equipe diocesana da campanha da fraternidade, a compreender o tema deste ano: \u201cFRATERNIDADE E FOME\u201d. Ela nos lembrou que sempre estivemos juntos \u00e0s dores e \u00e0s ang\u00fastias e diante dos desafios que estamos enfrentando, n\u00e3o podemos ficar indiferentes. Precisamos buscar respostas que brotam da f\u00e9 e seguir na nossa caminhada pastoral sem jamais renunciar \u00e0 caridade.<\/p>\n\n\n\n<p>No segundo dia, nosso bispo Dom Lindomar e a equipe diocesana do S\u00ednodo na pessoa da Sra. Erenice retomaram a reflex\u00e3o sobre o S\u00ednodo 2021-2024: <em>Por uma igreja sinodal: comunh\u00e3o, participa\u00e7\u00e3o, miss\u00e3o.<\/em> Dom Lindomar, \u00e0 luz da Palavra de Deus, trouxe como ponto de partida o texto b\u00edblico de At 2,42-44 e nos fez refletir sobre o modo como estamos vivendo a sinodalidade em nossas par\u00f3quias. O S\u00ednodo tornou-se um chamado para que possamos caminhar juntos discernindo a vontade de Deus em nossas vidas e a pr\u00f3pria presen\u00e7a da Igreja no mundo de hoje. Para tanto, precisamos nos comprometer, identificar os desafios que nos afetam e encontrar caminhos que nos animem assim como foram animados os primeiros crist\u00e3os.<\/p>\n\n\n\n<div class=\"wp-block-image\"><figure class=\"aligncenter size-large is-resized\"><img loading=\"lazy\" decoding=\"async\" src=\"https:\/\/www.diocesesaoluis.org.br\/home\/wp-content\/uploads\/2023\/02\/Foto-em-14-02-2023-a\u0300s-21.40-2-1-1024x682.jpg\" alt=\"\" class=\"wp-image-15818\" width=\"504\" height=\"335\" srcset=\"https:\/\/www.diocesesaoluis.org.br\/home\/wp-content\/uploads\/2023\/02\/Foto-em-14-02-2023-a\u0300s-21.40-2-1-1024x682.jpg 1024w, https:\/\/www.diocesesaoluis.org.br\/home\/wp-content\/uploads\/2023\/02\/Foto-em-14-02-2023-a\u0300s-21.40-2-1-300x200.jpg 300w, https:\/\/www.diocesesaoluis.org.br\/home\/wp-content\/uploads\/2023\/02\/Foto-em-14-02-2023-a\u0300s-21.40-2-1-150x100.jpg 150w, https:\/\/www.diocesesaoluis.org.br\/home\/wp-content\/uploads\/2023\/02\/Foto-em-14-02-2023-a\u0300s-21.40-2-1-1536x1024.jpg 1536w, https:\/\/www.diocesesaoluis.org.br\/home\/wp-content\/uploads\/2023\/02\/Foto-em-14-02-2023-a\u0300s-21.40-2-1-2048x1365.jpg 2048w, https:\/\/www.diocesesaoluis.org.br\/home\/wp-content\/uploads\/2023\/02\/Foto-em-14-02-2023-a\u0300s-21.40-2-1-252x167.jpg 252w\" sizes=\"auto, (max-width: 504px) 100vw, 504px\" \/><\/figure><\/div>\n\n\n\n<p>No terceiro dia, tratamos do <em>Ano lit\u00fargico<\/em> e o Padre J\u00e2nio Carlos nos deu a sua contribui\u00e7\u00e3o. Ele procurou fazer mem\u00f3ria do Ano Lit\u00fargico como um tempo de gra\u00e7a e salva\u00e7\u00e3o no qual toda a ora\u00e7\u00e3o da Igreja encontra nele o seu sentido e a cada celebra\u00e7\u00e3o. A cada a\u00e7\u00e3o simb\u00f3lica, nos aproximamos do sagrado, comprometendo-nos cada vez mais com a nossa f\u00e9. A compreens\u00e3o \u201cdo que\u201d celebramos e \u201ccomo\u201d celebramos, \u00e9 necess\u00e1ria. Preparar bem a liturgia em nossas comunidades, fazer a a\u00e7\u00e3o lit\u00fargica com dedica\u00e7\u00e3o e zelo, pensando sempre em Deus, em nossa ora\u00e7\u00e3o pessoal e comunit\u00e1ria.<\/p>\n\n\n\n<p>Na quinta-feira, dia do nosso quarto encontro, tivemos a participa\u00e7\u00e3o do padre Laurito que, como coordenador da pastoral vocacional e reitor do semin\u00e1rio menor em nossa diocese, realizou n\u00e3o somente uma apresenta\u00e7\u00e3o sobre o Ano Vocacional \u201cVoca\u00e7\u00e3o: gra\u00e7a e miss\u00e3o\u201d mas nos fez um <em>convite<\/em> para que possamos viver este tempo que o Senhor fez para n\u00f3s. Esta \u00e9 a terceira edi\u00e7\u00e3o que teve in\u00edcio em 20 de novembro de 2022 na Solenidade de Cristo Rei do Universo e concluir\u00e1 em 26 de novembro de 2023 tamb\u00e9m na Solenidade de Cristo Rei. A voca\u00e7\u00e3o aparece realmente como um dom de gra\u00e7a e de alian\u00e7a, como o mais belo e precioso segredo de nossa liberdade.\u00a0 Ele nos motivou a rezar pelas voca\u00e7\u00f5es em todas as dimens\u00f5es de nossa a\u00e7\u00e3o pastoral, seja na catequese, no apostolado, na pastoral da crian\u00e7a, na pastoral familiar\u2026 toda a Igreja \u00e9 pastoral vocacional. Animar os nossos jovens, convidando-os, acolhendo-os e acompanhando-os, pois \u00e9 no caminhar que o Senhor nos desperta.<\/p>\n\n\n\n<div class=\"wp-block-image\"><figure class=\"aligncenter size-large is-resized\"><img loading=\"lazy\" decoding=\"async\" src=\"https:\/\/www.diocesesaoluis.org.br\/home\/wp-content\/uploads\/2023\/02\/WhatsApp-Image-2023-02-21-at-20.56.26-1-1024x576.jpeg\" alt=\"\" class=\"wp-image-15819\" width=\"538\" height=\"302\" srcset=\"https:\/\/www.diocesesaoluis.org.br\/home\/wp-content\/uploads\/2023\/02\/WhatsApp-Image-2023-02-21-at-20.56.26-1-1024x576.jpeg 1024w, https:\/\/www.diocesesaoluis.org.br\/home\/wp-content\/uploads\/2023\/02\/WhatsApp-Image-2023-02-21-at-20.56.26-1-300x169.jpeg 300w, https:\/\/www.diocesesaoluis.org.br\/home\/wp-content\/uploads\/2023\/02\/WhatsApp-Image-2023-02-21-at-20.56.26-1-150x84.jpeg 150w, https:\/\/www.diocesesaoluis.org.br\/home\/wp-content\/uploads\/2023\/02\/WhatsApp-Image-2023-02-21-at-20.56.26-1-359x201.jpeg 359w, https:\/\/www.diocesesaoluis.org.br\/home\/wp-content\/uploads\/2023\/02\/WhatsApp-Image-2023-02-21-at-20.56.26-1.jpeg 1366w\" sizes=\"auto, (max-width: 538px) 100vw, 538px\" \/><\/figure><\/div>\n\n\n\n<p>Encerramos nossa Semana Pastoral online com o tema \u201cLideran\u00e7a\u201d sob as orienta\u00e7\u00f5es do Padre Dionivaldo. Ele nos fez relembrar personagens b\u00edblicos que assumiram a lideran\u00e7a e viveram seus momentos de desafios, conquistas e fracassos: No\u00e9, Mois\u00e9s e o pr\u00f3prio Pedro. Depois de uma noite de insucesso \u00e9 preciso lavar as redes sujas. A harmonia \u00e9 uma conquista e o l\u00edder \u00e9 esse respons\u00e1vel para promover essa harmonia. Antes de liderar existe uma causa e essa causa precisa ser maior que todos os desafios. Terminou uma bela frase: &#8220;Minhas causas valem mais que minha vida\u201d de Dom Pedro Casald\u00e1liga.<\/p>\n\n\n\n<p>Que Nossa Senhora Aparecida, M\u00e3e e Mestra, nos acompanhe na miss\u00e3o que nos foi confiada. Am\u00e9m!<\/p>\n","protected":false},"excerpt":{"rendered":"<p>Pe. Manoel RejaneVig\u00e1rio For\u00e2neo da Forania Nossa Senhora Aparecida Entre os dias 13 e 17 de fevereiro foi realizada na modalidade online a 2\u00aa edi\u00e7\u00e3o da Semana Pastoral da Forania Nossa Senhora Aparecida. Nossa gratid\u00e3o pelo esfor\u00e7o de todos que participaram e aos assessores que nos conduziram, tornando poss\u00edvel avan\u00e7armos um pouco mais na nossa<span class=\"read-more arrow\"><a href=\"https:\/\/www.diocesesaoluis.org.br\/home\/2023\/02\/22\/forania-nossa-senhora-aparecida-promove-semana-pastoral\/\" title=\"Read More\">&rarr;<\/a><\/span><\/p>\n","protected":false},"author":2,"featured_media":15815,"comment_status":"closed","ping_status":"open","sticky":false,"template":"","format":"standard","meta":{"ub_ctt_via":"","footnotes":""},"categories":[6,104],"tags":[331,373],"class_list":{"0":"post-15814","1":"post","2":"type-post","3":"status-publish","4":"format-standard","5":"has-post-thumbnail","7":"category-bispo-diocesano","8":"category-forania-nossa-senhora-aparecida","9":"tag-forania-nossa-senhora-aparecida","10":"tag-semana-pastoral"},"featured_image_src":"https:\/\/www.diocesesaoluis.org.br\/home\/wp-content\/uploads\/2023\/02\/Captura-de-Tela-2023-02-22-a\u0300s-10.47.43.png","author_info":{"display_name":false,"author_link":"https:\/\/www.diocesesaoluis.org.br\/home\/author\/lucas\/"},"_links":{"self":[{"href":"https:\/\/www.diocesesaoluis.org.br\/home\/wp-json\/wp\/v2\/posts\/15814","targetHints":{"allow":["GET"]}}],"collection":[{"href":"https:\/\/www.diocesesaoluis.org.br\/home\/wp-json\/wp\/v2\/posts"}],"about":[{"href":"https:\/\/www.diocesesaoluis.org.br\/home\/wp-json\/wp\/v2\/types\/post"}],"author":[{"embeddable":true,"href":"https:\/\/www.diocesesaoluis.org.br\/home\/wp-json\/wp\/v2\/users\/2"}],"replies":[{"embeddable":true,"href":"https:\/\/www.diocesesaoluis.org.br\/home\/wp-json\/wp\/v2\/comments?post=15814"}],"version-history":[{"count":1,"href":"https:\/\/www.diocesesaoluis.org.br\/home\/wp-json\/wp\/v2\/posts\/15814\/revisions"}],"predecessor-version":[{"id":15820,"href":"https:\/\/www.diocesesaoluis.org.br\/home\/wp-json\/wp\/v2\/posts\/15814\/revisions\/15820"}],"wp:featuredmedia":[{"embeddable":true,"href":"https:\/\/www.diocesesaoluis.org.br\/home\/wp-json\/wp\/v2\/media\/15815"}],"wp:attachment":[{"href":"https:\/\/www.diocesesaoluis.org.br\/home\/wp-json\/wp\/v2\/media?parent=15814"}],"wp:term":[{"taxonomy":"category","embeddable":true,"href":"https:\/\/www.diocesesaoluis.org.br\/home\/wp-json\/wp\/v2\/categories?post=15814"},{"taxonomy":"post_tag","embeddable":true,"href":"https:\/\/www.diocesesaoluis.org.br\/home\/wp-json\/wp\/v2\/tags?post=15814"}],"curies":[{"name":"wp","href":"https:\/\/api.w.org\/{rel}","templated":true}]}}