{"id":15302,"date":"2022-11-04T17:42:51","date_gmt":"2022-11-04T20:42:51","guid":{"rendered":"https:\/\/www.diocesesaoluis.org.br\/home\/?p=15302"},"modified":"2022-12-02T17:56:27","modified_gmt":"2022-12-02T20:56:27","slug":"dom-lindomar-se-reune-com-departamento-de-catequese-para-encaminhamentos-praticos","status":"publish","type":"post","link":"https:\/\/www.diocesesaoluis.org.br\/home\/2022\/11\/04\/dom-lindomar-se-reune-com-departamento-de-catequese-para-encaminhamentos-praticos\/","title":{"rendered":"Dom Lindomar se re\u00fane com Departamento de Catequese para encaminhamentos pr\u00e1ticos"},"content":{"rendered":"\n<p>Um dos tr\u00eas eixos de governo diocesano para a primeira reestrutura\u00e7\u00e3o, juntamente com a gest\u00e3o e a comunica\u00e7\u00e3o, a Catequese, recebeu na manh\u00e3 de ter\u00e7a-feira, 01 de novembro, um encaminhamento pr\u00e1tico. Em reuni\u00e3o com Dom Lindomar, na resid\u00eancia episcopal, a Sra. Erenice Jesus de Souza e o Pe. Augusto Manoel de Lira, coordenadores do Departamento de catequese, apresentaram os nomes dos representantes das foranias, o projeto do Departamento de Catequese, o Plano de a\u00e7\u00e3o e o Plano para a institui\u00e7\u00e3o do Minist\u00e9rio de Catequista. Ap\u00f3s uma manh\u00e3 de trabalho com anota\u00e7\u00f5es e acr\u00e9scimos, os documentos v\u00e3o para a revis\u00e3o final, e, posteriormente, come\u00e7ar\u00e3o a ser implantados na Diocese.<\/p>\n\n\n\n<div class=\"wp-block-image\"><figure class=\"aligncenter size-large is-resized\"><img loading=\"lazy\" decoding=\"async\" src=\"https:\/\/www.diocesesaoluis.org.br\/home\/wp-content\/uploads\/2022\/11\/WhatsApp-Image-2022-11-03-at-08.17.07-768x1024.jpeg\" alt=\"\" class=\"wp-image-15304\" width=\"402\" height=\"536\" srcset=\"https:\/\/www.diocesesaoluis.org.br\/home\/wp-content\/uploads\/2022\/11\/WhatsApp-Image-2022-11-03-at-08.17.07-768x1024.jpeg 768w, https:\/\/www.diocesesaoluis.org.br\/home\/wp-content\/uploads\/2022\/11\/WhatsApp-Image-2022-11-03-at-08.17.07-225x300.jpeg 225w, https:\/\/www.diocesesaoluis.org.br\/home\/wp-content\/uploads\/2022\/11\/WhatsApp-Image-2022-11-03-at-08.17.07-113x150.jpeg 113w, https:\/\/www.diocesesaoluis.org.br\/home\/wp-content\/uploads\/2022\/11\/WhatsApp-Image-2022-11-03-at-08.17.07.jpeg 867w\" sizes=\"auto, (max-width: 402px) 100vw, 402px\" \/><\/figure><\/div>\n\n\n\n<div class=\"wp-block-image\"><figure class=\"aligncenter size-large is-resized\"><img loading=\"lazy\" decoding=\"async\" src=\"https:\/\/www.diocesesaoluis.org.br\/home\/wp-content\/uploads\/2022\/11\/WhatsApp-Image-2022-11-03-at-08.16.50-1-1024x768.jpeg\" alt=\"\" class=\"wp-image-15307\" width=\"498\" height=\"374\" srcset=\"https:\/\/www.diocesesaoluis.org.br\/home\/wp-content\/uploads\/2022\/11\/WhatsApp-Image-2022-11-03-at-08.16.50-1-1024x768.jpeg 1024w, https:\/\/www.diocesesaoluis.org.br\/home\/wp-content\/uploads\/2022\/11\/WhatsApp-Image-2022-11-03-at-08.16.50-1-300x225.jpeg 300w, https:\/\/www.diocesesaoluis.org.br\/home\/wp-content\/uploads\/2022\/11\/WhatsApp-Image-2022-11-03-at-08.16.50-1-150x113.jpeg 150w, https:\/\/www.diocesesaoluis.org.br\/home\/wp-content\/uploads\/2022\/11\/WhatsApp-Image-2022-11-03-at-08.16.50-1.jpeg 1156w\" sizes=\"auto, (max-width: 498px) 100vw, 498px\" \/><\/figure><\/div>\n","protected":false},"excerpt":{"rendered":"<p>Um dos tr\u00eas eixos de governo diocesano para a primeira reestrutura\u00e7\u00e3o, juntamente com a gest\u00e3o e a comunica\u00e7\u00e3o, a Catequese, recebeu na manh\u00e3 de ter\u00e7a-feira, 01 de novembro, um encaminhamento pr\u00e1tico. Em reuni\u00e3o com Dom Lindomar, na resid\u00eancia episcopal, a Sra. Erenice Jesus de Souza e o Pe. Augusto Manoel de Lira, coordenadores do Departamento<span class=\"read-more arrow\"><a href=\"https:\/\/www.diocesesaoluis.org.br\/home\/2022\/11\/04\/dom-lindomar-se-reune-com-departamento-de-catequese-para-encaminhamentos-praticos\/\" title=\"Read More\">&rarr;<\/a><\/span><\/p>\n","protected":false},"author":2,"featured_media":15303,"comment_status":"closed","ping_status":"open","sticky":false,"template":"","format":"standard","meta":{"ub_ctt_via":"","footnotes":""},"categories":[6,5],"tags":[391,221],"class_list":{"0":"post-15302","1":"post","2":"type-post","3":"status-publish","4":"format-standard","5":"has-post-thumbnail","7":"category-bispo-diocesano","8":"category-catequese","9":"tag-departamento-de-catequese","10":"tag-dom-lindomar"},"featured_image_src":"https:\/\/www.diocesesaoluis.org.br\/home\/wp-content\/uploads\/2022\/11\/WhatsApp-Image-2022-11-03-at-08.17.15.jpeg","author_info":{"display_name":false,"author_link":"https:\/\/www.diocesesaoluis.org.br\/home\/author\/lucas\/"},"_links":{"self":[{"href":"https:\/\/www.diocesesaoluis.org.br\/home\/wp-json\/wp\/v2\/posts\/15302","targetHints":{"allow":["GET"]}}],"collection":[{"href":"https:\/\/www.diocesesaoluis.org.br\/home\/wp-json\/wp\/v2\/posts"}],"about":[{"href":"https:\/\/www.diocesesaoluis.org.br\/home\/wp-json\/wp\/v2\/types\/post"}],"author":[{"embeddable":true,"href":"https:\/\/www.diocesesaoluis.org.br\/home\/wp-json\/wp\/v2\/users\/2"}],"replies":[{"embeddable":true,"href":"https:\/\/www.diocesesaoluis.org.br\/home\/wp-json\/wp\/v2\/comments?post=15302"}],"version-history":[{"count":2,"href":"https:\/\/www.diocesesaoluis.org.br\/home\/wp-json\/wp\/v2\/posts\/15302\/revisions"}],"predecessor-version":[{"id":15308,"href":"https:\/\/www.diocesesaoluis.org.br\/home\/wp-json\/wp\/v2\/posts\/15302\/revisions\/15308"}],"wp:featuredmedia":[{"embeddable":true,"href":"https:\/\/www.diocesesaoluis.org.br\/home\/wp-json\/wp\/v2\/media\/15303"}],"wp:attachment":[{"href":"https:\/\/www.diocesesaoluis.org.br\/home\/wp-json\/wp\/v2\/media?parent=15302"}],"wp:term":[{"taxonomy":"category","embeddable":true,"href":"https:\/\/www.diocesesaoluis.org.br\/home\/wp-json\/wp\/v2\/categories?post=15302"},{"taxonomy":"post_tag","embeddable":true,"href":"https:\/\/www.diocesesaoluis.org.br\/home\/wp-json\/wp\/v2\/tags?post=15302"}],"curies":[{"name":"wp","href":"https:\/\/api.w.org\/{rel}","templated":true}]}}