{"id":15268,"date":"2022-10-22T09:32:04","date_gmt":"2022-10-22T12:32:04","guid":{"rendered":"https:\/\/www.diocesesaoluis.org.br\/home\/?p=15268"},"modified":"2024-02-02T18:09:42","modified_gmt":"2024-02-02T21:09:42","slug":"lancado-site-do-3o-ano-vocacional-do-brasil","status":"publish","type":"post","link":"https:\/\/www.diocesesaoluis.org.br\/home\/2022\/10\/22\/lancado-site-do-3o-ano-vocacional-do-brasil\/","title":{"rendered":"3\u00ba Ano Vocacional do Brasil"},"content":{"rendered":"\n<p><strong><a href=\"http:\/\/cnbb.web-ded-138891a.uni5.net\/\" target=\"_blank\" rel=\"noreferrer noopener\">ACESSE AQUI O SITE DO ANO VOCACIONAL<\/a><\/strong><\/p>\n\n\n\n<p>A Comiss\u00e3o de Comunica\u00e7\u00e3o do Ano Vocacional do Brasil tem a inten\u00e7\u00e3o de ajudar a criar a intera\u00e7\u00e3o, sobretudo do que estiver acontecendo nas dioceses, sobre a viv\u00eancia do Ano Vocacional. O site ser\u00e1 oportunidade de encontro das not\u00edcias, a ora\u00e7\u00e3o e o hino vocacional, subs\u00eddios, artigos, fotos do Ano.<\/p>\n\n\n\n<blockquote class=\"wp-block-quote is-layout-flow wp-block-quote-is-layout-flow\"><p>\u201cA Comiss\u00e3o deseja com essa plataforma, com esse lan\u00e7amento, tamb\u00e9m se manter conectado com informa\u00e7\u00f5es vindas das comunidades, compartilhando por meio do site os seus depoimentos e contando as sua viv\u00eancias do Ano Vocacional\u201d, explicou a irm\u00e3 Neusa.<\/p><\/blockquote>\n\n\n\n<h3 class=\"wp-block-heading\"><strong>O Ano Vocacional<\/strong><\/h3>\n\n\n\n<div class=\"wp-block-image\"><figure class=\"alignleft\"><img decoding=\"async\" src=\"https:\/\/eadn-wc02-718006.nxedge.io\/cdn\/wp-content\/uploads\/2022\/07\/Ano-Vocacional-300x159.jpg\" alt=\"\" class=\"wp-image-919190\"\/><\/figure><\/div>\n\n\n\n<p>O terceiro Ano Vocacional da Igreja no Brasil ser\u00e1 celebrado de 20 de novembro de 2022 a 26 de novembro de 2023. A iniciativa comemora os 40 anos do primeiro ano tem\u00e1tico dedicado \u00e0 reflex\u00e3o, ora\u00e7\u00e3o e promo\u00e7\u00e3o das voca\u00e7\u00f5es no pa\u00eds.<\/p>\n\n\n\n<p>Inspirado no Documento Final do S\u00ednodo dos Bispos sobre&nbsp;<strong>\u201c<\/strong><em><strong>Os jovens, a f\u00e9 e o discernimento vocacional\u201d<\/strong>&nbsp;o&nbsp;<\/em>tema do Ano Vocacional 2023 \u00e9&nbsp;<strong>\u201cVoca\u00e7\u00e3o: Gra\u00e7a e Miss\u00e3o\u201d&nbsp;<\/strong>e o lema&nbsp;<strong>\u201cCora\u00e7\u00f5es ardentes, p\u00e9s a caminho\u201d (<em>cf. Lc 24, 32-33<\/em>).&nbsp;<\/strong><\/p>\n\n\n\n<p>O tema&nbsp;<strong>\u201cVoca\u00e7\u00e3o: Gra\u00e7a e Miss\u00e3o\u201d<\/strong>&nbsp;se fundamenta na afirma\u00e7\u00e3o de que \u201ca voca\u00e7\u00e3o aparece realmente como um dom de gra\u00e7a e de alian\u00e7a, como o mais belo e precioso segredo de nossa liberdade\u201d, conforme o Documento Final de n\u00ba 78.<\/p>\n\n\n\n<p>J\u00e1 o texto b\u00edblico iluminador&nbsp;<strong>\u201c<em>Jesus chamou e enviou os que ele mesmo quis<\/em>&nbsp;(cf. Mc 3, 13-19)\u201d<\/strong>&nbsp;ajuda a aprofundar que a origem, o centro e a meta de toda a voca\u00e7\u00e3o e miss\u00e3o \u00e9 a pessoa de Jesus Cristo.<\/p>\n\n\n\n<blockquote class=\"wp-block-quote is-layout-flow wp-block-quote-is-layout-flow\"><p>\u201cEncarar o desafio de uma espiritualidade para o Ano Vocacional: \u201c<em>voca\u00e7\u00e3o<\/em>\u201d \u00e9 iniciativa de Deus, \u00e9 mist\u00e9rio, \u00e9 gra\u00e7a, \u00e9 experi\u00eancia de encontro com Jesus, \u00e9 fasc\u00ednio e alegria, \u00e9 assombro, \u00e9 sensibilidade ao apelo, \u00e9 inconformidade, \u00e9 resposta pessoal, \u00e9 envolvimento comunit\u00e1rio, \u00e9 miss\u00e3o, \u00e9 tarefa, \u00e9 servi\u00e7o, \u00e9 disposi\u00e7\u00e3o para o sacrif\u00edcio, \u00e9 entrega da vida, \u00e9 coragem e determina\u00e7\u00e3o, \u00e9 esperan\u00e7a e convic\u00e7\u00e3o firme, \u00e9 testemunho de f\u00e9: \u00e9 \u201cespiritualidade\u201d como a que moveu o pr\u00f3prio Jesus e marcou sua personalidade, imprimindo-lhe car\u00e1ter e identidade\u201d, disse a Comiss\u00e3o organizadora.<\/p><\/blockquote>\n\n\n\n<p>O lema<strong>&nbsp;\u201cCora\u00e7\u00f5es ardentes, p\u00e9s a caminho\u201d (<em>cf. Lc 24, 32-33<\/em>)<\/strong>&nbsp;fala do cora\u00e7\u00e3o e dos p\u00e9s. Recorda os disc\u00edpulos de Ema\u00fas. O cora\u00e7\u00e3o que arde ao escutar a Palavra do Ressuscitado e os p\u00e9s que se colocam a caminho para anunciar o encontro com o Cristo.<\/p>\n\n\n\n<blockquote class=\"wp-block-quote is-layout-flow wp-block-quote-is-layout-flow\"><p>\u201cDesejamos que o Ano Vocacional ajude cada pessoa a acolher o chamado de Jesus como gra\u00e7a, seja uma oportunidade para que mais e mais cora\u00e7\u00f5es ardam e que os p\u00e9s se ponham a caminho, em sa\u00edda mission\u00e1ria\u201d, finalizou a Comiss\u00e3o.<\/p><\/blockquote>\n\n\n\n<figure class=\"wp-block-embed-youtube aligncenter wp-block-embed is-type-video is-provider-youtube wp-embed-aspect-16-9 wp-has-aspect-ratio\"><div class=\"wp-block-embed__wrapper\">\n<iframe loading=\"lazy\" title=\"Lan\u00e7amento oficial do site do Ano Vocacional do Brasil\" width=\"740\" height=\"416\" src=\"https:\/\/www.youtube.com\/embed\/EGKPddz-230?feature=oembed\" frameborder=\"0\" allow=\"accelerometer; autoplay; clipboard-write; encrypted-media; gyroscope; picture-in-picture\" allowfullscreen><\/iframe>\n<\/div><\/figure>\n","protected":false},"excerpt":{"rendered":"<p>ACESSE AQUI O SITE DO ANO VOCACIONAL A Comiss\u00e3o de Comunica\u00e7\u00e3o do Ano Vocacional do Brasil tem a inten\u00e7\u00e3o de ajudar a criar a intera\u00e7\u00e3o, sobretudo do que estiver acontecendo nas dioceses, sobre a viv\u00eancia do Ano Vocacional. O site ser\u00e1 oportunidade de encontro das not\u00edcias, a ora\u00e7\u00e3o e o hino vocacional, subs\u00eddios, artigos, fotos<span class=\"read-more arrow\"><a href=\"https:\/\/www.diocesesaoluis.org.br\/home\/2022\/10\/22\/lancado-site-do-3o-ano-vocacional-do-brasil\/\" title=\"Read More\">&rarr;<\/a><\/span><\/p>\n","protected":false},"author":2,"featured_media":15269,"comment_status":"closed","ping_status":"open","sticky":false,"template":"","format":"standard","meta":{"ub_ctt_via":"","footnotes":""},"categories":[334],"tags":[388],"class_list":{"0":"post-15268","1":"post","2":"type-post","3":"status-publish","4":"format-standard","5":"has-post-thumbnail","7":"category-igreja-no-brasil","8":"tag-ano-vocacional"},"featured_image_src":"https:\/\/www.diocesesaoluis.org.br\/home\/wp-content\/uploads\/2022\/10\/ano-vocacional2.png","author_info":{"display_name":false,"author_link":"https:\/\/www.diocesesaoluis.org.br\/home\/author\/lucas\/"},"_links":{"self":[{"href":"https:\/\/www.diocesesaoluis.org.br\/home\/wp-json\/wp\/v2\/posts\/15268","targetHints":{"allow":["GET"]}}],"collection":[{"href":"https:\/\/www.diocesesaoluis.org.br\/home\/wp-json\/wp\/v2\/posts"}],"about":[{"href":"https:\/\/www.diocesesaoluis.org.br\/home\/wp-json\/wp\/v2\/types\/post"}],"author":[{"embeddable":true,"href":"https:\/\/www.diocesesaoluis.org.br\/home\/wp-json\/wp\/v2\/users\/2"}],"replies":[{"embeddable":true,"href":"https:\/\/www.diocesesaoluis.org.br\/home\/wp-json\/wp\/v2\/comments?post=15268"}],"version-history":[{"count":3,"href":"https:\/\/www.diocesesaoluis.org.br\/home\/wp-json\/wp\/v2\/posts\/15268\/revisions"}],"predecessor-version":[{"id":15796,"href":"https:\/\/www.diocesesaoluis.org.br\/home\/wp-json\/wp\/v2\/posts\/15268\/revisions\/15796"}],"wp:featuredmedia":[{"embeddable":true,"href":"https:\/\/www.diocesesaoluis.org.br\/home\/wp-json\/wp\/v2\/media\/15269"}],"wp:attachment":[{"href":"https:\/\/www.diocesesaoluis.org.br\/home\/wp-json\/wp\/v2\/media?parent=15268"}],"wp:term":[{"taxonomy":"category","embeddable":true,"href":"https:\/\/www.diocesesaoluis.org.br\/home\/wp-json\/wp\/v2\/categories?post=15268"},{"taxonomy":"post_tag","embeddable":true,"href":"https:\/\/www.diocesesaoluis.org.br\/home\/wp-json\/wp\/v2\/tags?post=15268"}],"curies":[{"name":"wp","href":"https:\/\/api.w.org\/{rel}","templated":true}]}}