{"id":15229,"date":"2022-10-22T09:08:00","date_gmt":"2022-10-22T12:08:00","guid":{"rendered":"https:\/\/www.diocesesaoluis.org.br\/home\/?p=15229"},"modified":"2023-01-26T11:17:04","modified_gmt":"2023-01-26T14:17:04","slug":"dnj-sera-realizado-em-05-de-novembro","status":"publish","type":"post","link":"https:\/\/www.diocesesaoluis.org.br\/home\/2022\/10\/22\/dnj-sera-realizado-em-05-de-novembro\/","title":{"rendered":"DNJ ser\u00e1 realizado em 05 de novembro"},"content":{"rendered":"\n<p>No dia 05 de novembro acontecer\u00e1 um dia muito esperado por nossa Diocese, o DNJ &#8211; Dia Nacional da Juventude e a abertura do Ano Vocacional no Kair\u00f3s de Para\u00fana. A programa\u00e7\u00e3o envolver\u00e1 a Santa Missa, adora\u00e7\u00e3o, confiss\u00f5es, prega\u00e7\u00f5es, louvores, feira vocacional e o grande show com Adriana Arydes. Inscri\u00e7\u00f5es podem ser feitas atrav\u00e9s do link abaixo&nbsp;e o pagamento ser\u00e1 na secretaria paroquial de sua comunidade.&nbsp;<\/p>\n\n\n\n<p><a href=\"https:\/\/docs.google.com\/forms\/d\/e\/1FAIpQLSeNUuiX7XvWiTHl2LrZJkZDVfAQjenPwQKB0g4THyzrmCNDYg\/viewform\" target=\"_blank\" rel=\"noreferrer noopener\"><strong>INSCRI\u00c7\u00d5ES PARA O DNJ<\/strong><\/a><\/p>\n\n\n\n<div class=\"wp-block-image\"><figure class=\"aligncenter size-large is-resized\"><img loading=\"lazy\" decoding=\"async\" src=\"https:\/\/www.diocesesaoluis.org.br\/home\/wp-content\/uploads\/2022\/10\/FEED-DIA-NACIONAL-DA-JUVENTUDE-01-819x1024.png\" alt=\"\" class=\"wp-image-15230\" width=\"491\" height=\"614\" srcset=\"https:\/\/www.diocesesaoluis.org.br\/home\/wp-content\/uploads\/2022\/10\/FEED-DIA-NACIONAL-DA-JUVENTUDE-01-819x1024.png 819w, https:\/\/www.diocesesaoluis.org.br\/home\/wp-content\/uploads\/2022\/10\/FEED-DIA-NACIONAL-DA-JUVENTUDE-01-240x300.png 240w, https:\/\/www.diocesesaoluis.org.br\/home\/wp-content\/uploads\/2022\/10\/FEED-DIA-NACIONAL-DA-JUVENTUDE-01-120x150.png 120w, https:\/\/www.diocesesaoluis.org.br\/home\/wp-content\/uploads\/2022\/10\/FEED-DIA-NACIONAL-DA-JUVENTUDE-01.png 1080w\" sizes=\"auto, (max-width: 491px) 100vw, 491px\" \/><\/figure><\/div>\n\n\n\n<div class=\"wp-block-image\"><figure class=\"aligncenter size-large is-resized\"><img loading=\"lazy\" decoding=\"async\" src=\"https:\/\/www.diocesesaoluis.org.br\/home\/wp-content\/uploads\/2022\/10\/FEED-DIA-NACIONAL-DA-JUVENTUDE-03-819x1024.png\" alt=\"\" class=\"wp-image-15231\" width=\"495\" height=\"619\" srcset=\"https:\/\/www.diocesesaoluis.org.br\/home\/wp-content\/uploads\/2022\/10\/FEED-DIA-NACIONAL-DA-JUVENTUDE-03-819x1024.png 819w, https:\/\/www.diocesesaoluis.org.br\/home\/wp-content\/uploads\/2022\/10\/FEED-DIA-NACIONAL-DA-JUVENTUDE-03-240x300.png 240w, https:\/\/www.diocesesaoluis.org.br\/home\/wp-content\/uploads\/2022\/10\/FEED-DIA-NACIONAL-DA-JUVENTUDE-03-120x150.png 120w, https:\/\/www.diocesesaoluis.org.br\/home\/wp-content\/uploads\/2022\/10\/FEED-DIA-NACIONAL-DA-JUVENTUDE-03.png 1080w\" sizes=\"auto, (max-width: 495px) 100vw, 495px\" \/><\/figure><\/div>\n\n\n\n<div class=\"wp-block-image\"><figure class=\"aligncenter size-large is-resized\"><img loading=\"lazy\" decoding=\"async\" src=\"https:\/\/www.diocesesaoluis.org.br\/home\/wp-content\/uploads\/2022\/10\/FEED-DIA-NACIONAL-DA-JUVENTUDE-02-819x1024.png\" alt=\"\" class=\"wp-image-15232\" width=\"494\" height=\"618\" srcset=\"https:\/\/www.diocesesaoluis.org.br\/home\/wp-content\/uploads\/2022\/10\/FEED-DIA-NACIONAL-DA-JUVENTUDE-02-819x1024.png 819w, https:\/\/www.diocesesaoluis.org.br\/home\/wp-content\/uploads\/2022\/10\/FEED-DIA-NACIONAL-DA-JUVENTUDE-02-240x300.png 240w, https:\/\/www.diocesesaoluis.org.br\/home\/wp-content\/uploads\/2022\/10\/FEED-DIA-NACIONAL-DA-JUVENTUDE-02-120x150.png 120w, https:\/\/www.diocesesaoluis.org.br\/home\/wp-content\/uploads\/2022\/10\/FEED-DIA-NACIONAL-DA-JUVENTUDE-02.png 1080w\" sizes=\"auto, (max-width: 494px) 100vw, 494px\" \/><\/figure><\/div>\n","protected":false},"excerpt":{"rendered":"<p>No dia 05 de novembro acontecer\u00e1 um dia muito esperado por nossa Diocese, o DNJ &#8211; Dia Nacional da Juventude e a abertura do Ano Vocacional no Kair\u00f3s de Para\u00fana. A programa\u00e7\u00e3o envolver\u00e1 a Santa Missa, adora\u00e7\u00e3o, confiss\u00f5es, prega\u00e7\u00f5es, louvores, feira vocacional e o grande show com Adriana Arydes. Inscri\u00e7\u00f5es podem ser feitas atrav\u00e9s do<span class=\"read-more arrow\"><a href=\"https:\/\/www.diocesesaoluis.org.br\/home\/2022\/10\/22\/dnj-sera-realizado-em-05-de-novembro\/\" title=\"Read More\">&rarr;<\/a><\/span><\/p>\n","protected":false},"author":2,"featured_media":15233,"comment_status":"closed","ping_status":"open","sticky":false,"template":"","format":"standard","meta":{"ub_ctt_via":"","footnotes":""},"categories":[219],"tags":[238],"class_list":{"0":"post-15229","1":"post","2":"type-post","3":"status-publish","4":"format-standard","5":"has-post-thumbnail","7":"category-movimentos","8":"tag-dnj"},"featured_image_src":"https:\/\/www.diocesesaoluis.org.br\/home\/wp-content\/uploads\/2022\/10\/DIA-NACIONAL-DA-JUVENTUDE-1206x410-1.png","author_info":{"display_name":false,"author_link":"https:\/\/www.diocesesaoluis.org.br\/home\/author\/lucas\/"},"_links":{"self":[{"href":"https:\/\/www.diocesesaoluis.org.br\/home\/wp-json\/wp\/v2\/posts\/15229","targetHints":{"allow":["GET"]}}],"collection":[{"href":"https:\/\/www.diocesesaoluis.org.br\/home\/wp-json\/wp\/v2\/posts"}],"about":[{"href":"https:\/\/www.diocesesaoluis.org.br\/home\/wp-json\/wp\/v2\/types\/post"}],"author":[{"embeddable":true,"href":"https:\/\/www.diocesesaoluis.org.br\/home\/wp-json\/wp\/v2\/users\/2"}],"replies":[{"embeddable":true,"href":"https:\/\/www.diocesesaoluis.org.br\/home\/wp-json\/wp\/v2\/comments?post=15229"}],"version-history":[{"count":2,"href":"https:\/\/www.diocesesaoluis.org.br\/home\/wp-json\/wp\/v2\/posts\/15229\/revisions"}],"predecessor-version":[{"id":15342,"href":"https:\/\/www.diocesesaoluis.org.br\/home\/wp-json\/wp\/v2\/posts\/15229\/revisions\/15342"}],"wp:featuredmedia":[{"embeddable":true,"href":"https:\/\/www.diocesesaoluis.org.br\/home\/wp-json\/wp\/v2\/media\/15233"}],"wp:attachment":[{"href":"https:\/\/www.diocesesaoluis.org.br\/home\/wp-json\/wp\/v2\/media?parent=15229"}],"wp:term":[{"taxonomy":"category","embeddable":true,"href":"https:\/\/www.diocesesaoluis.org.br\/home\/wp-json\/wp\/v2\/categories?post=15229"},{"taxonomy":"post_tag","embeddable":true,"href":"https:\/\/www.diocesesaoluis.org.br\/home\/wp-json\/wp\/v2\/tags?post=15229"}],"curies":[{"name":"wp","href":"https:\/\/api.w.org\/{rel}","templated":true}]}}